{"id":24250,"date":"2026-05-03T13:24:35","date_gmt":"2026-05-03T13:24:35","guid":{"rendered":"https:\/\/jessel.de\/365-tage-sylt\/?p=24250"},"modified":"2026-05-03T13:25:33","modified_gmt":"2026-05-03T13:25:33","slug":"3-mai-heute-frueh-im-hanseatischen","status":"publish","type":"post","link":"https:\/\/jessel.de\/365-tage-sylt\/3-mai-heute-frueh-im-hanseatischen\/","title":{"rendered":"3. Mai, 5:10 Uhr: Gr\u00fc\u00dfe vom Fischmarkt!"},"content":{"rendered":"<p>Sp\u00e4ter mehr\u2026<\/p>\n","protected":false},"excerpt":{"rendered":"<p>Sp\u00e4ter mehr\u2026<\/p>\n","protected":false},"author":2,"featured_media":24251,"comment_status":"open","ping_status":"open","sticky":false,"template":"","format":"standard","meta":{"footnotes":""},"categories":[27,39,41,28,30,29,33],"tags":[],"class_list":["post-24250","post","type-post","status-publish","format-standard","has-post-thumbnail","hentry","category-alle-bilder","category-arbeit","category-fruehling","category-haeuser","category-tradition","category-verkehr","category-woanders"],"jetpack_featured_media_url":"https:\/\/jessel.de\/365-tage-sylt\/wp-content\/uploads\/2026\/05\/IMG_5297.jpeg","_links":{"self":[{"href":"https:\/\/jessel.de\/365-tage-sylt\/wp-json\/wp\/v2\/posts\/24250","targetHints":{"allow":["GET"]}}],"collection":[{"href":"https:\/\/jessel.de\/365-tage-sylt\/wp-json\/wp\/v2\/posts"}],"about":[{"href":"https:\/\/jessel.de\/365-tage-sylt\/wp-json\/wp\/v2\/types\/post"}],"author":[{"embeddable":true,"href":"https:\/\/jessel.de\/365-tage-sylt\/wp-json\/wp\/v2\/users\/2"}],"replies":[{"embeddable":true,"href":"https:\/\/jessel.de\/365-tage-sylt\/wp-json\/wp\/v2\/comments?post=24250"}],"version-history":[{"count":2,"href":"https:\/\/jessel.de\/365-tage-sylt\/wp-json\/wp\/v2\/posts\/24250\/revisions"}],"predecessor-version":[{"id":24253,"href":"https:\/\/jessel.de\/365-tage-sylt\/wp-json\/wp\/v2\/posts\/24250\/revisions\/24253"}],"wp:featuredmedia":[{"embeddable":true,"href":"https:\/\/jessel.de\/365-tage-sylt\/wp-json\/wp\/v2\/media\/24251"}],"wp:attachment":[{"href":"https:\/\/jessel.de\/365-tage-sylt\/wp-json\/wp\/v2\/media?parent=24250"}],"wp:term":[{"taxonomy":"category","embeddable":true,"href":"https:\/\/jessel.de\/365-tage-sylt\/wp-json\/wp\/v2\/categories?post=24250"},{"taxonomy":"post_tag","embeddable":true,"href":"https:\/\/jessel.de\/365-tage-sylt\/wp-json\/wp\/v2\/tags?post=24250"}],"curies":[{"name":"wp","href":"https:\/\/api.w.org\/{rel}","templated":true}]}}