{"id":2441,"date":"2017-09-10T19:26:40","date_gmt":"2017-09-10T19:26:40","guid":{"rendered":"http:\/\/jessel.de\/365-tage-sylt\/?p=2441"},"modified":"2017-09-11T05:42:42","modified_gmt":"2017-09-11T05:42:42","slug":"zur-taufe-im-alten-land","status":"publish","type":"post","link":"https:\/\/jessel.de\/365-tage-sylt\/zur-taufe-im-alten-land\/","title":{"rendered":"Zur Taufe im Alten Land"},"content":{"rendered":"<p>Ein kleiner Ausflug ins Famili\u00e4re. In Steinkirchen wird Johannes getauft. Der Titel ist ein Suchbild: WO ist der T\u00e4ufling? Und WO der Blogger!? Viel Spa\u00df bei der Suche! \ud83d\ude09<\/p>\n<p>Anfangs noch ziemlich unbeeindruckt, wird die Spannung mit dem Entz\u00fcnden der Taufkerze schon merkbar gesch\u00fcrt&#8230;:<\/p>\n<p><img loading=\"lazy\" decoding=\"async\" class=\"alignnone size-full wp-image-2443\" src=\"http:\/\/jessel.de\/365-tage-sylt\/wp-content\/uploads\/2017\/09\/L1010643.jpg\" alt=\"\" width=\"1202\" height=\"800\" srcset=\"https:\/\/jessel.de\/365-tage-sylt\/wp-content\/uploads\/2017\/09\/L1010643.jpg 1202w, https:\/\/jessel.de\/365-tage-sylt\/wp-content\/uploads\/2017\/09\/L1010643-300x200.jpg 300w, https:\/\/jessel.de\/365-tage-sylt\/wp-content\/uploads\/2017\/09\/L1010643-768x511.jpg 768w, https:\/\/jessel.de\/365-tage-sylt\/wp-content\/uploads\/2017\/09\/L1010643-1024x682.jpg 1024w\" sizes=\"auto, (max-width: 1202px) 100vw, 1202px\" \/><\/p>\n<p>Und dann schwinden dem Probanden fast die Sinne, als ihm das L\u00fche(!)-Wasser \u00fcber die Stirn rinnt, in Anwesenheit der stolzen Eltern, der baskischen Gro\u00dfmutter und der drei Paten:<\/p>\n<p><img loading=\"lazy\" decoding=\"async\" class=\"alignnone size-full wp-image-2442\" src=\"http:\/\/jessel.de\/365-tage-sylt\/wp-content\/uploads\/2017\/09\/L1010632.jpg\" alt=\"\" width=\"1202\" height=\"800\" srcset=\"https:\/\/jessel.de\/365-tage-sylt\/wp-content\/uploads\/2017\/09\/L1010632.jpg 1202w, https:\/\/jessel.de\/365-tage-sylt\/wp-content\/uploads\/2017\/09\/L1010632-300x200.jpg 300w, https:\/\/jessel.de\/365-tage-sylt\/wp-content\/uploads\/2017\/09\/L1010632-768x511.jpg 768w, https:\/\/jessel.de\/365-tage-sylt\/wp-content\/uploads\/2017\/09\/L1010632-1024x682.jpg 1024w\" sizes=\"auto, (max-width: 1202px) 100vw, 1202px\" \/><\/p>\n<p>Morgen kommt noch ein Foto dazu. Wir erreichen Sylt am Abend &#8211; und m\u00fcssen das turbulente Wochenende erstmal verarbeiten&#8230;<\/p>\n<p>DAS Foto sollte noch mit rein:<\/p>\n<p><img loading=\"lazy\" decoding=\"async\" class=\"alignnone size-full wp-image-2448\" src=\"http:\/\/jessel.de\/365-tage-sylt\/wp-content\/uploads\/2017\/09\/L1010570.jpg\" alt=\"\" width=\"1202\" height=\"800\" srcset=\"https:\/\/jessel.de\/365-tage-sylt\/wp-content\/uploads\/2017\/09\/L1010570.jpg 1202w, https:\/\/jessel.de\/365-tage-sylt\/wp-content\/uploads\/2017\/09\/L1010570-300x200.jpg 300w, https:\/\/jessel.de\/365-tage-sylt\/wp-content\/uploads\/2017\/09\/L1010570-768x511.jpg 768w, https:\/\/jessel.de\/365-tage-sylt\/wp-content\/uploads\/2017\/09\/L1010570-1024x682.jpg 1024w\" sizes=\"auto, (max-width: 1202px) 100vw, 1202px\" \/><\/p>\n","protected":false},"excerpt":{"rendered":"<p>Ein kleiner Ausflug ins Famili\u00e4re. In Steinkirchen wird Johannes getauft. Der Titel ist ein Suchbild: WO ist der T\u00e4ufling? Und WO der Blogger!? Viel Spa\u00df bei der Suche! \ud83d\ude09 Anfangs noch ziemlich unbeeindruckt, wird die Spannung mit dem Entz\u00fcnden der Taufkerze schon merkbar gesch\u00fcrt&#8230;: Und dann schwinden dem Probanden fast die Sinne, als ihm das L\u00fche(!)-Wasser \u00fcber die Stirn rinnt, in Anwesenheit der stolzen Eltern, der baskischen Gro\u00dfmutter und der&hellip;<\/p>\n","protected":false},"author":2,"featured_media":2444,"comment_status":"open","ping_status":"open","sticky":false,"template":"","format":"standard","meta":{"footnotes":""},"categories":[27,39,28,3,46,30,33],"tags":[],"class_list":["post-2441","post","type-post","status-publish","format-standard","has-post-thumbnail","hentry","category-alle-bilder","category-arbeit","category-haeuser","category-menschen","category-sommer","category-tradition","category-woanders"],"jetpack_featured_media_url":"https:\/\/jessel.de\/365-tage-sylt\/wp-content\/uploads\/2017\/09\/L1010658.jpg","_links":{"self":[{"href":"https:\/\/jessel.de\/365-tage-sylt\/wp-json\/wp\/v2\/posts\/2441","targetHints":{"allow":["GET"]}}],"collection":[{"href":"https:\/\/jessel.de\/365-tage-sylt\/wp-json\/wp\/v2\/posts"}],"about":[{"href":"https:\/\/jessel.de\/365-tage-sylt\/wp-json\/wp\/v2\/types\/post"}],"author":[{"embeddable":true,"href":"https:\/\/jessel.de\/365-tage-sylt\/wp-json\/wp\/v2\/users\/2"}],"replies":[{"embeddable":true,"href":"https:\/\/jessel.de\/365-tage-sylt\/wp-json\/wp\/v2\/comments?post=2441"}],"version-history":[{"count":4,"href":"https:\/\/jessel.de\/365-tage-sylt\/wp-json\/wp\/v2\/posts\/2441\/revisions"}],"predecessor-version":[{"id":2449,"href":"https:\/\/jessel.de\/365-tage-sylt\/wp-json\/wp\/v2\/posts\/2441\/revisions\/2449"}],"wp:featuredmedia":[{"embeddable":true,"href":"https:\/\/jessel.de\/365-tage-sylt\/wp-json\/wp\/v2\/media\/2444"}],"wp:attachment":[{"href":"https:\/\/jessel.de\/365-tage-sylt\/wp-json\/wp\/v2\/media?parent=2441"}],"wp:term":[{"taxonomy":"category","embeddable":true,"href":"https:\/\/jessel.de\/365-tage-sylt\/wp-json\/wp\/v2\/categories?post=2441"},{"taxonomy":"post_tag","embeddable":true,"href":"https:\/\/jessel.de\/365-tage-sylt\/wp-json\/wp\/v2\/tags?post=2441"}],"curies":[{"name":"wp","href":"https:\/\/api.w.org\/{rel}","templated":true}]}}