{"id":2452,"date":"2017-09-11T19:35:53","date_gmt":"2017-09-11T19:35:53","guid":{"rendered":"http:\/\/jessel.de\/365-tage-sylt\/?p=2452"},"modified":"2017-09-11T19:51:58","modified_gmt":"2017-09-11T19:51:58","slug":"mein-wetter","status":"publish","type":"post","link":"https:\/\/jessel.de\/365-tage-sylt\/mein-wetter\/","title":{"rendered":"Mein Wetter"},"content":{"rendered":"<p>Herrlich. Schon nachts r\u00fcttelt der Wind am Haus. Wir m\u00fcssen das Schlafzimmerfenster schlie\u00dfen &#8211; es st\u00fcrmt einfach zu laut. Mein Wetter! Rasende Wolken, Salz auf den Lippen, das Tosen des Meeres, pl\u00f6tzliche Regenschauer&#8230; fr\u00fch am Morgen ist&#8217;s leider noch zu bedeckt, aber gleich nach 9 Uhr erkunde ich mal, was am Strand so los ist:<\/p>\n<p><img loading=\"lazy\" decoding=\"async\" class=\"alignnone size-full wp-image-2453\" src=\"http:\/\/jessel.de\/365-tage-sylt\/wp-content\/uploads\/2017\/09\/L1007150.jpg\" alt=\"\" width=\"1204\" height=\"800\" srcset=\"https:\/\/jessel.de\/365-tage-sylt\/wp-content\/uploads\/2017\/09\/L1007150.jpg 1204w, https:\/\/jessel.de\/365-tage-sylt\/wp-content\/uploads\/2017\/09\/L1007150-300x199.jpg 300w, https:\/\/jessel.de\/365-tage-sylt\/wp-content\/uploads\/2017\/09\/L1007150-768x510.jpg 768w, https:\/\/jessel.de\/365-tage-sylt\/wp-content\/uploads\/2017\/09\/L1007150-1024x680.jpg 1024w\" sizes=\"auto, (max-width: 1204px) 100vw, 1204px\" \/><\/p>\n<p>Das sind 7 Windst\u00e4rken. Klare Ansage. Und wenn ich mir die Satellitenbilder so anschaue, ist das erst der Anfang. Wird &#8217;ne windige Woche. Wenn es so dicke kommt wie prognostiziert, werden diese Strandk\u00f6rbe sp\u00e4testens morgen den Strand verlassen m\u00fcssen, sonst gibt&#8217;s Kleinholz:<\/p>\n<p><img loading=\"lazy\" decoding=\"async\" class=\"alignnone size-full wp-image-2456\" src=\"http:\/\/jessel.de\/365-tage-sylt\/wp-content\/uploads\/2017\/09\/L1007167.jpg\" alt=\"\" width=\"1204\" height=\"800\" srcset=\"https:\/\/jessel.de\/365-tage-sylt\/wp-content\/uploads\/2017\/09\/L1007167.jpg 1204w, https:\/\/jessel.de\/365-tage-sylt\/wp-content\/uploads\/2017\/09\/L1007167-300x199.jpg 300w, https:\/\/jessel.de\/365-tage-sylt\/wp-content\/uploads\/2017\/09\/L1007167-768x510.jpg 768w, https:\/\/jessel.de\/365-tage-sylt\/wp-content\/uploads\/2017\/09\/L1007167-1024x680.jpg 1024w\" sizes=\"auto, (max-width: 1204px) 100vw, 1204px\" \/><\/p>\n<p>F\u00fcr mich der Scheitelpunkt des Jahres, wenn die Strandm\u00f6blierung der sich aufb\u00e4umenden Natur weichen muss&#8230;. auch wenn diese im Moment noch einen hervorragenden Windschutz bietet:<\/p>\n<p><img loading=\"lazy\" decoding=\"async\" class=\"alignnone size-full wp-image-2455\" src=\"http:\/\/jessel.de\/365-tage-sylt\/wp-content\/uploads\/2017\/09\/L1007163.jpg\" alt=\"\" width=\"1200\" height=\"800\" srcset=\"https:\/\/jessel.de\/365-tage-sylt\/wp-content\/uploads\/2017\/09\/L1007163.jpg 1200w, https:\/\/jessel.de\/365-tage-sylt\/wp-content\/uploads\/2017\/09\/L1007163-300x200.jpg 300w, https:\/\/jessel.de\/365-tage-sylt\/wp-content\/uploads\/2017\/09\/L1007163-768x512.jpg 768w, https:\/\/jessel.de\/365-tage-sylt\/wp-content\/uploads\/2017\/09\/L1007163-1024x683.jpg 1024w\" sizes=\"auto, (max-width: 1200px) 100vw, 1200px\" \/><\/p>\n<p>Werde morgen mal einen Blick auf die Zentralstrand-Evakuierung werfen&#8230;<\/p>\n","protected":false},"excerpt":{"rendered":"<p>Herrlich. Schon nachts r\u00fcttelt der Wind am Haus. Wir m\u00fcssen das Schlafzimmerfenster schlie\u00dfen &#8211; es st\u00fcrmt einfach zu laut. Mein Wetter! Rasende Wolken, Salz auf den Lippen, das Tosen des Meeres, pl\u00f6tzliche Regenschauer&#8230; fr\u00fch am Morgen ist&#8217;s leider noch zu bedeckt, aber gleich nach 9 Uhr erkunde ich mal, was am Strand so los ist: Das sind 7 Windst\u00e4rken. Klare Ansage. Und wenn ich mir die Satellitenbilder so anschaue, ist&hellip;<\/p>\n","protected":false},"author":2,"featured_media":2454,"comment_status":"open","ping_status":"open","sticky":false,"template":"","format":"standard","meta":{"footnotes":""},"categories":[27,37,3,35,46,4,26,2,7],"tags":[],"class_list":["post-2452","post","type-post","status-publish","format-standard","has-post-thumbnail","hentry","category-alle-bilder","category-buhne","category-menschen","category-schlechtes-wetter","category-sommer","category-spuren","category-strand","category-tourismus","category-westerland"],"jetpack_featured_media_url":"https:\/\/jessel.de\/365-tage-sylt\/wp-content\/uploads\/2017\/09\/L1007157.jpg","_links":{"self":[{"href":"https:\/\/jessel.de\/365-tage-sylt\/wp-json\/wp\/v2\/posts\/2452","targetHints":{"allow":["GET"]}}],"collection":[{"href":"https:\/\/jessel.de\/365-tage-sylt\/wp-json\/wp\/v2\/posts"}],"about":[{"href":"https:\/\/jessel.de\/365-tage-sylt\/wp-json\/wp\/v2\/types\/post"}],"author":[{"embeddable":true,"href":"https:\/\/jessel.de\/365-tage-sylt\/wp-json\/wp\/v2\/users\/2"}],"replies":[{"embeddable":true,"href":"https:\/\/jessel.de\/365-tage-sylt\/wp-json\/wp\/v2\/comments?post=2452"}],"version-history":[{"count":4,"href":"https:\/\/jessel.de\/365-tage-sylt\/wp-json\/wp\/v2\/posts\/2452\/revisions"}],"predecessor-version":[{"id":2460,"href":"https:\/\/jessel.de\/365-tage-sylt\/wp-json\/wp\/v2\/posts\/2452\/revisions\/2460"}],"wp:featuredmedia":[{"embeddable":true,"href":"https:\/\/jessel.de\/365-tage-sylt\/wp-json\/wp\/v2\/media\/2454"}],"wp:attachment":[{"href":"https:\/\/jessel.de\/365-tage-sylt\/wp-json\/wp\/v2\/media?parent=2452"}],"wp:term":[{"taxonomy":"category","embeddable":true,"href":"https:\/\/jessel.de\/365-tage-sylt\/wp-json\/wp\/v2\/categories?post=2452"},{"taxonomy":"post_tag","embeddable":true,"href":"https:\/\/jessel.de\/365-tage-sylt\/wp-json\/wp\/v2\/tags?post=2452"}],"curies":[{"name":"wp","href":"https:\/\/api.w.org\/{rel}","templated":true}]}}