{"id":25647,"date":"2026-09-01T05:11:15","date_gmt":"2026-09-01T05:11:15","guid":{"rendered":"https:\/\/jessel.de\/365-tage-sylt\/?p=25647"},"modified":"2026-09-01T05:16:07","modified_gmt":"2026-09-01T05:16:07","slug":"31-august-es-ist-doch-etwas-tolles","status":"publish","type":"post","link":"https:\/\/jessel.de\/365-tage-sylt\/31-august-es-ist-doch-etwas-tolles\/","title":{"rendered":"31. August: Es ist doch etwas Tolles\u2026"},"content":{"rendered":"<p>Foto: SvB<\/p>\n<p>\u2026 wenn man Freunde mit einem hoch entwickelten Geschmack f\u00fcr eine Innenarchitektur hat, die Einen selbst noch in den Tr\u00e4umen verfolgt.<\/p>\n<p>Danke f\u00fcr die Einladung zum 69., J\u00f6rn!<\/p>\n<p>&nbsp;<\/p>\n","protected":false},"excerpt":{"rendered":"<p>Foto: SvB \u2026 wenn man Freunde mit einem hoch entwickelten Geschmack f\u00fcr eine Innenarchitektur hat, die Einen selbst noch in den Tr\u00e4umen verfolgt. Danke f\u00fcr die Einladung zum 69., J\u00f6rn! &nbsp;<\/p>\n","protected":false},"author":2,"featured_media":25648,"comment_status":"open","ping_status":"open","sticky":false,"template":"","format":"standard","meta":{"footnotes":""},"categories":[27,39,28,3,22,46],"tags":[],"class_list":["post-25647","post","type-post","status-publish","format-standard","has-post-thumbnail","hentry","category-alle-bilder","category-arbeit","category-haeuser","category-menschen","category-morsum","category-sommer"],"jetpack_featured_media_url":"https:\/\/jessel.de\/365-tage-sylt\/wp-content\/uploads\/2026\/09\/IMG_6659.jpeg","_links":{"self":[{"href":"https:\/\/jessel.de\/365-tage-sylt\/wp-json\/wp\/v2\/posts\/25647","targetHints":{"allow":["GET"]}}],"collection":[{"href":"https:\/\/jessel.de\/365-tage-sylt\/wp-json\/wp\/v2\/posts"}],"about":[{"href":"https:\/\/jessel.de\/365-tage-sylt\/wp-json\/wp\/v2\/types\/post"}],"author":[{"embeddable":true,"href":"https:\/\/jessel.de\/365-tage-sylt\/wp-json\/wp\/v2\/users\/2"}],"replies":[{"embeddable":true,"href":"https:\/\/jessel.de\/365-tage-sylt\/wp-json\/wp\/v2\/comments?post=25647"}],"version-history":[{"count":5,"href":"https:\/\/jessel.de\/365-tage-sylt\/wp-json\/wp\/v2\/posts\/25647\/revisions"}],"predecessor-version":[{"id":25653,"href":"https:\/\/jessel.de\/365-tage-sylt\/wp-json\/wp\/v2\/posts\/25647\/revisions\/25653"}],"wp:featuredmedia":[{"embeddable":true,"href":"https:\/\/jessel.de\/365-tage-sylt\/wp-json\/wp\/v2\/media\/25648"}],"wp:attachment":[{"href":"https:\/\/jessel.de\/365-tage-sylt\/wp-json\/wp\/v2\/media?parent=25647"}],"wp:term":[{"taxonomy":"category","embeddable":true,"href":"https:\/\/jessel.de\/365-tage-sylt\/wp-json\/wp\/v2\/categories?post=25647"},{"taxonomy":"post_tag","embeddable":true,"href":"https:\/\/jessel.de\/365-tage-sylt\/wp-json\/wp\/v2\/tags?post=25647"}],"curies":[{"name":"wp","href":"https:\/\/api.w.org\/{rel}","templated":true}]}}