{"id":25654,"date":"2026-09-02T00:06:39","date_gmt":"2026-09-02T00:06:39","guid":{"rendered":"https:\/\/jessel.de\/365-tage-sylt\/?p=25654"},"modified":"2026-09-02T00:27:48","modified_gmt":"2026-09-02T00:27:48","slug":"1-september-der-meteorologische-herbstanfang","status":"publish","type":"post","link":"https:\/\/jessel.de\/365-tage-sylt\/1-september-der-meteorologische-herbstanfang\/","title":{"rendered":"1. September: Der meteorologische Herbstanfang\u2026"},"content":{"rendered":"<p>\u2026 zeigt sich in seiner ganzen Pracht. Und zusammengestellte \u201aEinheiten\u2018 von Strandk\u00f6rben, fertig f\u00fcr den Abtransport, das sind begehrte Kalender-Motive f\u00fcr das \u201aEnde der Saison\u2018 &#8211; Feeling in diesem nun angefangenen Monat:<br \/>\n<img loading=\"lazy\" decoding=\"async\" class=\"alignnone size-full wp-image-25655\" src=\"https:\/\/jessel.de\/365-tage-sylt\/wp-content\/uploads\/2026\/09\/IMG_6676.jpeg\" alt=\"\" width=\"1205\" height=\"800\" srcset=\"https:\/\/jessel.de\/365-tage-sylt\/wp-content\/uploads\/2026\/09\/IMG_6676.jpeg 1205w, https:\/\/jessel.de\/365-tage-sylt\/wp-content\/uploads\/2026\/09\/IMG_6676-300x199.jpeg 300w, https:\/\/jessel.de\/365-tage-sylt\/wp-content\/uploads\/2026\/09\/IMG_6676-1024x680.jpeg 1024w, https:\/\/jessel.de\/365-tage-sylt\/wp-content\/uploads\/2026\/09\/IMG_6676-768x510.jpeg 768w\" sizes=\"auto, (max-width: 1205px) 100vw, 1205px\" \/><\/p>\n<p>Um meine Bilder muss ich heute l\u00e4nger k\u00e4mpfen. Die Wolken zeigen sich zun\u00e4chst dicht gepackt und in einer Symphonie aus Graut\u00f6nen, die eher den Schwarzwei\u00df-Fotografen begeistern d\u00fcrften:<\/p>\n<p><img loading=\"lazy\" decoding=\"async\" class=\"alignnone size-full wp-image-25657\" src=\"https:\/\/jessel.de\/365-tage-sylt\/wp-content\/uploads\/2026\/09\/IMG_6674.jpeg\" alt=\"\" width=\"1205\" height=\"800\" srcset=\"https:\/\/jessel.de\/365-tage-sylt\/wp-content\/uploads\/2026\/09\/IMG_6674.jpeg 1205w, https:\/\/jessel.de\/365-tage-sylt\/wp-content\/uploads\/2026\/09\/IMG_6674-300x199.jpeg 300w, https:\/\/jessel.de\/365-tage-sylt\/wp-content\/uploads\/2026\/09\/IMG_6674-1024x680.jpeg 1024w, https:\/\/jessel.de\/365-tage-sylt\/wp-content\/uploads\/2026\/09\/IMG_6674-768x510.jpeg 768w\" sizes=\"auto, (max-width: 1205px) 100vw, 1205px\" \/><\/p>\n<p>Aaaber im Laufe des Vormittags berappelt sich der Himmel endlich und pr\u00e4sentiert deutlichere Konturen\u2026:<\/p>\n<p><img loading=\"lazy\" decoding=\"async\" class=\"alignnone size-full wp-image-25658\" src=\"https:\/\/jessel.de\/365-tage-sylt\/wp-content\/uploads\/2026\/09\/IMG_6668.jpeg\" alt=\"\" width=\"1205\" height=\"800\" srcset=\"https:\/\/jessel.de\/365-tage-sylt\/wp-content\/uploads\/2026\/09\/IMG_6668.jpeg 1205w, https:\/\/jessel.de\/365-tage-sylt\/wp-content\/uploads\/2026\/09\/IMG_6668-300x199.jpeg 300w, https:\/\/jessel.de\/365-tage-sylt\/wp-content\/uploads\/2026\/09\/IMG_6668-1024x680.jpeg 1024w, https:\/\/jessel.de\/365-tage-sylt\/wp-content\/uploads\/2026\/09\/IMG_6668-768x510.jpeg 768w\" sizes=\"auto, (max-width: 1205px) 100vw, 1205px\" \/><\/p>\n<p>\u2026 die mir ein wundersch\u00f6nes \u201aerz\u00e4hlendes\u2018 Titelbild f\u00fcr den 2028er DIE INSEL SYLT -Kalender erm\u00f6glichen &#8211; siehe unseren heutigen Titel: Das Hissen der \u201aYellow Flag\u2018 am Herbststrand, im entscheidenden Moment fotografiert. Im Original ist der pr\u00fcfende Blick des Rettungsschwimmers hoch zur Fahne verewigt.<\/p>\n<p>Solche Motive sind wahre Gl\u00fccksmomente, die vom Fotografen erhofft und vorhergesehen werden m\u00fcssen &#8211; ausschlie\u00dflich bei atmosph\u00e4rischen Idealbedingungen. Solche Fotos kommen \u201aecht r\u00fcber\u2018, weil sie echt sind &#8211; und nicht gestellt. Und genau dieses: Die Idee, das Vorhersehen und die sich daraus ergebende, f\u00fcr den anonymen Betrachter sp\u00fcrbare Echtheit, ist das Markenzeichen meiner gelungensten Fotografien, die mich bekannt gemacht haben: Angefangen mit der \u201eSylter Welle\u201c im Jahre 1980, \u00fcber mein ber\u00fchmtestes Foto, die \u201eF\u00fcnf Strandk\u00f6rbe\u201c aus dem Jahr 1997 (Hans Jessel Foto F\u00fcnf Strandk\u00f6rbe bei Google eingeben) bis hin zu den Bildergebnissen, die ich Euch in diesem Blog pr\u00e4sentiere. Und in denen ich dem Menschen eine erkennbar gr\u00f6\u00dfere Beachtung schenke. Mein &#8211; haha &#8211; \u201aAlterswerk\u2018, so darf das von mir aus gerne einmal genannt werden.<\/p>\n","protected":false},"excerpt":{"rendered":"<p>\u2026 zeigt sich in seiner ganzen Pracht. Und zusammengestellte \u201aEinheiten\u2018 von Strandk\u00f6rben, fertig f\u00fcr den Abtransport, das sind begehrte Kalender-Motive f\u00fcr das \u201aEnde der Saison\u2018 &#8211; Feeling in diesem nun angefangenen Monat: Um meine Bilder muss ich heute l\u00e4nger k\u00e4mpfen. Die Wolken zeigen sich zun\u00e4chst dicht gepackt und in einer Symphonie aus Graut\u00f6nen, die eher den Schwarzwei\u00df-Fotografen begeistern d\u00fcrften: Aaaber im Laufe des Vormittags berappelt sich der Himmel endlich und&hellip;<\/p>\n","protected":false},"author":2,"featured_media":25656,"comment_status":"open","ping_status":"open","sticky":false,"template":"","format":"standard","meta":{"footnotes":""},"categories":[27,39,3,46,4,26,2,7],"tags":[],"class_list":["post-25654","post","type-post","status-publish","format-standard","has-post-thumbnail","hentry","category-alle-bilder","category-arbeit","category-menschen","category-sommer","category-spuren","category-strand","category-tourismus","category-westerland"],"jetpack_featured_media_url":"https:\/\/jessel.de\/365-tage-sylt\/wp-content\/uploads\/2026\/09\/IMG_6675.jpeg","_links":{"self":[{"href":"https:\/\/jessel.de\/365-tage-sylt\/wp-json\/wp\/v2\/posts\/25654","targetHints":{"allow":["GET"]}}],"collection":[{"href":"https:\/\/jessel.de\/365-tage-sylt\/wp-json\/wp\/v2\/posts"}],"about":[{"href":"https:\/\/jessel.de\/365-tage-sylt\/wp-json\/wp\/v2\/types\/post"}],"author":[{"embeddable":true,"href":"https:\/\/jessel.de\/365-tage-sylt\/wp-json\/wp\/v2\/users\/2"}],"replies":[{"embeddable":true,"href":"https:\/\/jessel.de\/365-tage-sylt\/wp-json\/wp\/v2\/comments?post=25654"}],"version-history":[{"count":4,"href":"https:\/\/jessel.de\/365-tage-sylt\/wp-json\/wp\/v2\/posts\/25654\/revisions"}],"predecessor-version":[{"id":25663,"href":"https:\/\/jessel.de\/365-tage-sylt\/wp-json\/wp\/v2\/posts\/25654\/revisions\/25663"}],"wp:featuredmedia":[{"embeddable":true,"href":"https:\/\/jessel.de\/365-tage-sylt\/wp-json\/wp\/v2\/media\/25656"}],"wp:attachment":[{"href":"https:\/\/jessel.de\/365-tage-sylt\/wp-json\/wp\/v2\/media?parent=25654"}],"wp:term":[{"taxonomy":"category","embeddable":true,"href":"https:\/\/jessel.de\/365-tage-sylt\/wp-json\/wp\/v2\/categories?post=25654"},{"taxonomy":"post_tag","embeddable":true,"href":"https:\/\/jessel.de\/365-tage-sylt\/wp-json\/wp\/v2\/tags?post=25654"}],"curies":[{"name":"wp","href":"https:\/\/api.w.org\/{rel}","templated":true}]}}