{"id":25664,"date":"2026-09-03T04:42:27","date_gmt":"2026-09-03T04:42:27","guid":{"rendered":"https:\/\/jessel.de\/365-tage-sylt\/?p=25664"},"modified":"2026-09-03T04:50:03","modified_gmt":"2026-09-03T04:50:03","slug":"2-september-am-himmel-ist-die-hoelle-los","status":"publish","type":"post","link":"https:\/\/jessel.de\/365-tage-sylt\/2-september-am-himmel-ist-die-hoelle-los\/","title":{"rendered":"2. September: Am Himmel ist die H\u00f6lle los"},"content":{"rendered":"<p>Dante\u2019s Inferno d\u00fcrfte nicht viel anders aussehen. So stelle ich es mir jedenfalls vor: Die letzten fetten Regentropfen aus diesen immerhin \u00fcber acht Kilometer aufragenden Wolkent\u00fcrmen treffen mich auf meinem Weg durch die Nordwestheide Richtung Strand, und der R\u00fcckblick gen Osten gleicht &#8211; ohne Abstriche &#8211; dem H\u00f6llenschlund pers\u00f6nlich.<\/p>\n<p>\u201cDie Himmels-Suppe kocht gleich \u00fcber\u201c &#8211; dieser Eindruck begleitet mich am \u00dcbergang hinterm Haus Kliffende\u2026:<\/p>\n<p><img loading=\"lazy\" decoding=\"async\" class=\"alignnone size-full wp-image-25670\" src=\"https:\/\/jessel.de\/365-tage-sylt\/wp-content\/uploads\/2026\/09\/IMG_6679.jpeg\" alt=\"\" width=\"1205\" height=\"800\" srcset=\"https:\/\/jessel.de\/365-tage-sylt\/wp-content\/uploads\/2026\/09\/IMG_6679.jpeg 1205w, https:\/\/jessel.de\/365-tage-sylt\/wp-content\/uploads\/2026\/09\/IMG_6679-300x199.jpeg 300w, https:\/\/jessel.de\/365-tage-sylt\/wp-content\/uploads\/2026\/09\/IMG_6679-1024x680.jpeg 1024w, https:\/\/jessel.de\/365-tage-sylt\/wp-content\/uploads\/2026\/09\/IMG_6679-768x510.jpeg 768w\" sizes=\"auto, (max-width: 1205px) 100vw, 1205px\" \/><\/p>\n<p>W\u00e4hrend es im Westen zwischenzeitlich sogar ganz friedlich aussieht\u2026:<\/p>\n<p><img loading=\"lazy\" decoding=\"async\" class=\"alignnone size-full wp-image-25668\" src=\"https:\/\/jessel.de\/365-tage-sylt\/wp-content\/uploads\/2026\/09\/IMG_6681.jpeg\" alt=\"\" width=\"1205\" height=\"800\" srcset=\"https:\/\/jessel.de\/365-tage-sylt\/wp-content\/uploads\/2026\/09\/IMG_6681.jpeg 1205w, https:\/\/jessel.de\/365-tage-sylt\/wp-content\/uploads\/2026\/09\/IMG_6681-300x199.jpeg 300w, https:\/\/jessel.de\/365-tage-sylt\/wp-content\/uploads\/2026\/09\/IMG_6681-1024x680.jpeg 1024w, https:\/\/jessel.de\/365-tage-sylt\/wp-content\/uploads\/2026\/09\/IMG_6681-768x510.jpeg 768w\" sizes=\"auto, (max-width: 1205px) 100vw, 1205px\" \/><\/p>\n<p>\u2026 und im Norden kurzzeitig sogar der blaue Himmel lockt\u2026:<\/p>\n<p><img loading=\"lazy\" decoding=\"async\" class=\"alignnone size-full wp-image-25669\" src=\"https:\/\/jessel.de\/365-tage-sylt\/wp-content\/uploads\/2026\/09\/IMG_6680.jpeg\" alt=\"\" width=\"1205\" height=\"800\" srcset=\"https:\/\/jessel.de\/365-tage-sylt\/wp-content\/uploads\/2026\/09\/IMG_6680.jpeg 1205w, https:\/\/jessel.de\/365-tage-sylt\/wp-content\/uploads\/2026\/09\/IMG_6680-300x199.jpeg 300w, https:\/\/jessel.de\/365-tage-sylt\/wp-content\/uploads\/2026\/09\/IMG_6680-1024x680.jpeg 1024w, https:\/\/jessel.de\/365-tage-sylt\/wp-content\/uploads\/2026\/09\/IMG_6680-768x510.jpeg 768w\" sizes=\"auto, (max-width: 1205px) 100vw, 1205px\" \/><\/p>\n<p>\u2026 sehe ich vom Strand aus in s\u00fcdlicher Richtung diese gewaltige Wolkenpyramide \u00fcber F\u00f6hr gen Osten abziehen:<\/p>\n<p><img loading=\"lazy\" decoding=\"async\" class=\"alignnone size-full wp-image-25667\" src=\"https:\/\/jessel.de\/365-tage-sylt\/wp-content\/uploads\/2026\/09\/IMG_6682.jpeg\" alt=\"\" width=\"1205\" height=\"800\" srcset=\"https:\/\/jessel.de\/365-tage-sylt\/wp-content\/uploads\/2026\/09\/IMG_6682.jpeg 1205w, https:\/\/jessel.de\/365-tage-sylt\/wp-content\/uploads\/2026\/09\/IMG_6682-300x199.jpeg 300w, https:\/\/jessel.de\/365-tage-sylt\/wp-content\/uploads\/2026\/09\/IMG_6682-1024x680.jpeg 1024w, https:\/\/jessel.de\/365-tage-sylt\/wp-content\/uploads\/2026\/09\/IMG_6682-768x510.jpeg 768w\" sizes=\"auto, (max-width: 1205px) 100vw, 1205px\" \/><\/p>\n<p>Meine Hoffnung, da\u00df sich die Sonne zwischendurch einmal durch die Wolken k\u00e4mpfen w\u00fcrde &#8211; weshalb ich letztlich hier bin &#8211; erf\u00fcllt sich f\u00fcr ziemlich genau zwei Minuten. Und mein heutiger Einsatz endet einmal mehr im Laufschritt: Rauf aufs Kliff, um das Drama des rechten Moments im Bild festzuhalten\u2026:<\/p>\n<p><img loading=\"lazy\" decoding=\"async\" class=\"alignnone size-full wp-image-25671\" src=\"https:\/\/jessel.de\/365-tage-sylt\/wp-content\/uploads\/2026\/09\/IMG_6678.jpeg\" alt=\"\" width=\"1205\" height=\"800\" srcset=\"https:\/\/jessel.de\/365-tage-sylt\/wp-content\/uploads\/2026\/09\/IMG_6678.jpeg 1205w, https:\/\/jessel.de\/365-tage-sylt\/wp-content\/uploads\/2026\/09\/IMG_6678-300x199.jpeg 300w, https:\/\/jessel.de\/365-tage-sylt\/wp-content\/uploads\/2026\/09\/IMG_6678-1024x680.jpeg 1024w, https:\/\/jessel.de\/365-tage-sylt\/wp-content\/uploads\/2026\/09\/IMG_6678-768x510.jpeg 768w\" sizes=\"auto, (max-width: 1205px) 100vw, 1205px\" \/><\/p>\n<p>\u2026 und dann in gestrecktem Galopp zur\u00fcck zur Bushaltestelle, um dem n\u00e4chsten vom Westen heranschie\u00dfenden Schauer noch so geraaade zu entgegen\u2026<\/p>\n<p>Ihr wisst l\u00e4ngst, dass ich solche Eins\u00e4tze liebe. Kurz, aber von Herzen! Unter der Bedingung, dass sie denn zum Erfolg f\u00fchren, versteht sich.<\/p>\n<p>&nbsp;<\/p>\n<p>&nbsp;<\/p>\n","protected":false},"excerpt":{"rendered":"<p>Dante\u2019s Inferno d\u00fcrfte nicht viel anders aussehen. So stelle ich es mir jedenfalls vor: Die letzten fetten Regentropfen aus diesen immerhin \u00fcber acht Kilometer aufragenden Wolkent\u00fcrmen treffen mich auf meinem Weg durch die Nordwestheide Richtung Strand, und der R\u00fcckblick gen Osten gleicht &#8211; ohne Abstriche &#8211; dem H\u00f6llenschlund pers\u00f6nlich. \u201cDie Himmels-Suppe kocht gleich \u00fcber\u201c &#8211; dieser Eindruck begleitet mich am \u00dcbergang hinterm Haus Kliffende\u2026: W\u00e4hrend es im Westen zwischenzeitlich sogar&hellip;<\/p>\n","protected":false},"author":2,"featured_media":25665,"comment_status":"open","ping_status":"open","sticky":false,"template":"","format":"standard","meta":{"footnotes":""},"categories":[27,39,25,35,46],"tags":[],"class_list":["post-25664","post","type-post","status-publish","format-standard","has-post-thumbnail","hentry","category-alle-bilder","category-arbeit","category-kampen","category-schlechtes-wetter","category-sommer"],"jetpack_featured_media_url":"https:\/\/jessel.de\/365-tage-sylt\/wp-content\/uploads\/2026\/09\/IMG_6683.jpeg","_links":{"self":[{"href":"https:\/\/jessel.de\/365-tage-sylt\/wp-json\/wp\/v2\/posts\/25664","targetHints":{"allow":["GET"]}}],"collection":[{"href":"https:\/\/jessel.de\/365-tage-sylt\/wp-json\/wp\/v2\/posts"}],"about":[{"href":"https:\/\/jessel.de\/365-tage-sylt\/wp-json\/wp\/v2\/types\/post"}],"author":[{"embeddable":true,"href":"https:\/\/jessel.de\/365-tage-sylt\/wp-json\/wp\/v2\/users\/2"}],"replies":[{"embeddable":true,"href":"https:\/\/jessel.de\/365-tage-sylt\/wp-json\/wp\/v2\/comments?post=25664"}],"version-history":[{"count":3,"href":"https:\/\/jessel.de\/365-tage-sylt\/wp-json\/wp\/v2\/posts\/25664\/revisions"}],"predecessor-version":[{"id":25674,"href":"https:\/\/jessel.de\/365-tage-sylt\/wp-json\/wp\/v2\/posts\/25664\/revisions\/25674"}],"wp:featuredmedia":[{"embeddable":true,"href":"https:\/\/jessel.de\/365-tage-sylt\/wp-json\/wp\/v2\/media\/25665"}],"wp:attachment":[{"href":"https:\/\/jessel.de\/365-tage-sylt\/wp-json\/wp\/v2\/media?parent=25664"}],"wp:term":[{"taxonomy":"category","embeddable":true,"href":"https:\/\/jessel.de\/365-tage-sylt\/wp-json\/wp\/v2\/categories?post=25664"},{"taxonomy":"post_tag","embeddable":true,"href":"https:\/\/jessel.de\/365-tage-sylt\/wp-json\/wp\/v2\/tags?post=25664"}],"curies":[{"name":"wp","href":"https:\/\/api.w.org\/{rel}","templated":true}]}}