{"id":25676,"date":"2026-09-04T05:02:32","date_gmt":"2026-09-04T05:02:32","guid":{"rendered":"https:\/\/jessel.de\/365-tage-sylt\/?p=25676"},"modified":"2026-09-04T05:12:47","modified_gmt":"2026-09-04T05:12:47","slug":"3-september-wo-auf-sylt-bin-ich","status":"publish","type":"post","link":"https:\/\/jessel.de\/365-tage-sylt\/3-september-wo-auf-sylt-bin-ich\/","title":{"rendered":"3. September: \u201eWo &#8211; auf Sylt &#8211; bin ich?\u201c"},"content":{"rendered":"<p>Viel Regen am fr\u00fchen Morgen &#8211; eeendlich! Die Natur atmet auf. Erst zum Nachmittag einige zaghafte Aufhellungen. Dazu ein b\u00f6iger westlicher Wind, der zum Nachmittag auffrischt bis zu sieben Windst\u00e4rken:<\/p>\n<p><img loading=\"lazy\" decoding=\"async\" class=\"alignnone size-full wp-image-25678\" src=\"https:\/\/jessel.de\/365-tage-sylt\/wp-content\/uploads\/2026\/09\/IMG_6690.jpeg\" alt=\"\" width=\"1205\" height=\"800\" srcset=\"https:\/\/jessel.de\/365-tage-sylt\/wp-content\/uploads\/2026\/09\/IMG_6690.jpeg 1205w, https:\/\/jessel.de\/365-tage-sylt\/wp-content\/uploads\/2026\/09\/IMG_6690-300x199.jpeg 300w, https:\/\/jessel.de\/365-tage-sylt\/wp-content\/uploads\/2026\/09\/IMG_6690-1024x680.jpeg 1024w, https:\/\/jessel.de\/365-tage-sylt\/wp-content\/uploads\/2026\/09\/IMG_6690-768x510.jpeg 768w\" sizes=\"auto, (max-width: 1205px) 100vw, 1205px\" \/><\/p>\n<p>Geeenau &#8211; ich bin auf dem Rantum Damm unterwegs und staune am dortigen Hafen \u00fcber die unterschiedlichen und fotogenen Wolkenfelder: Die von der Sonne beschienenen in mehreren Kilometern H\u00f6he und die dunklen, die in etwa dreihundert Metern \u00fcber mir hinwegsegeln. Und beide aus unterschiedlichen Richtungen, versteht sich. Kein Wunder, da\u00df die Sonne nur ausgesprochen sporadisch die Segelboote bescheint:<\/p>\n<p><img loading=\"lazy\" decoding=\"async\" class=\"alignnone size-full wp-image-25681\" src=\"https:\/\/jessel.de\/365-tage-sylt\/wp-content\/uploads\/2026\/09\/IMG_6687.jpeg\" alt=\"\" width=\"1205\" height=\"800\" srcset=\"https:\/\/jessel.de\/365-tage-sylt\/wp-content\/uploads\/2026\/09\/IMG_6687.jpeg 1205w, https:\/\/jessel.de\/365-tage-sylt\/wp-content\/uploads\/2026\/09\/IMG_6687-300x199.jpeg 300w, https:\/\/jessel.de\/365-tage-sylt\/wp-content\/uploads\/2026\/09\/IMG_6687-1024x680.jpeg 1024w, https:\/\/jessel.de\/365-tage-sylt\/wp-content\/uploads\/2026\/09\/IMG_6687-768x510.jpeg 768w\" sizes=\"auto, (max-width: 1205px) 100vw, 1205px\" \/><\/p>\n<p>Auf der \u201eM\u00fcll-Mole\u201c rechts neben den Booten sind &#8211; von k\u00fcnstlerisch ambitionierten Passanten &#8211; aus dem Bauschutt neue Installationen entstanden. Besonders gut gef\u00e4llt mir dieser Leuchtturm:<\/p>\n<p><img loading=\"lazy\" decoding=\"async\" class=\"alignnone size-full wp-image-25677\" src=\"https:\/\/jessel.de\/365-tage-sylt\/wp-content\/uploads\/2026\/09\/IMG_6691.jpeg\" alt=\"\" width=\"1205\" height=\"800\" srcset=\"https:\/\/jessel.de\/365-tage-sylt\/wp-content\/uploads\/2026\/09\/IMG_6691.jpeg 1205w, https:\/\/jessel.de\/365-tage-sylt\/wp-content\/uploads\/2026\/09\/IMG_6691-300x199.jpeg 300w, https:\/\/jessel.de\/365-tage-sylt\/wp-content\/uploads\/2026\/09\/IMG_6691-1024x680.jpeg 1024w, https:\/\/jessel.de\/365-tage-sylt\/wp-content\/uploads\/2026\/09\/IMG_6691-768x510.jpeg 768w\" sizes=\"auto, (max-width: 1205px) 100vw, 1205px\" \/><\/p>\n<p>Deich und Mole werden bewohnt von den abgebr\u00fchtesten Schafen der Insel, die in einem Zustand der touristischen Dauerbelagerung leben (m\u00fcssen). An guten Tagen lassen sie sich kraueln\u2026 Kein Radfahrer, der hier nicht anh\u00e4lt und vor der Gesamt-Idylle sein Handy z\u00fcckt\u2026 und ein\/zwei\/drei Schafe sollten im Bild doch nicht fehlen\u2026? \u00a0Dem heutigen Titelmodel reicht mein vorsichtiges Anschleichen schon im Ansatz &#8211; also ist sofortiger Abmarsch angesagt:<\/p>\n<p><img loading=\"lazy\" decoding=\"async\" class=\"alignnone size-full wp-image-25679\" src=\"https:\/\/jessel.de\/365-tage-sylt\/wp-content\/uploads\/2026\/09\/IMG_6689.jpeg\" alt=\"\" width=\"1200\" height=\"800\" srcset=\"https:\/\/jessel.de\/365-tage-sylt\/wp-content\/uploads\/2026\/09\/IMG_6689.jpeg 1200w, https:\/\/jessel.de\/365-tage-sylt\/wp-content\/uploads\/2026\/09\/IMG_6689-300x200.jpeg 300w, https:\/\/jessel.de\/365-tage-sylt\/wp-content\/uploads\/2026\/09\/IMG_6689-1024x683.jpeg 1024w, https:\/\/jessel.de\/365-tage-sylt\/wp-content\/uploads\/2026\/09\/IMG_6689-768x512.jpeg 768w\" sizes=\"auto, (max-width: 1200px) 100vw, 1200px\" \/><\/p>\n<p>\u201eM\u00e4\u00e4\u00e4\u00e4\u00e4h!\u201c<\/p>\n","protected":false},"excerpt":{"rendered":"<p>Viel Regen am fr\u00fchen Morgen &#8211; eeendlich! Die Natur atmet auf. Erst zum Nachmittag einige zaghafte Aufhellungen. Dazu ein b\u00f6iger westlicher Wind, der zum Nachmittag auffrischt bis zu sieben Windst\u00e4rken: Geeenau &#8211; ich bin auf dem Rantum Damm unterwegs und staune am dortigen Hafen \u00fcber die unterschiedlichen und fotogenen Wolkenfelder: Die von der Sonne beschienenen in mehreren Kilometern H\u00f6he und die dunklen, die in etwa dreihundert Metern \u00fcber mir hinwegsegeln.&hellip;<\/p>\n","protected":false},"author":2,"featured_media":25680,"comment_status":"open","ping_status":"open","sticky":false,"template":"","format":"standard","meta":{"footnotes":""},"categories":[27,39,46,4,40,42],"tags":[],"class_list":["post-25676","post","type-post","status-publish","format-standard","has-post-thumbnail","hentry","category-alle-bilder","category-arbeit","category-sommer","category-spuren","category-tiere","category-watt"],"jetpack_featured_media_url":"https:\/\/jessel.de\/365-tage-sylt\/wp-content\/uploads\/2026\/09\/IMG_6688.jpeg","_links":{"self":[{"href":"https:\/\/jessel.de\/365-tage-sylt\/wp-json\/wp\/v2\/posts\/25676","targetHints":{"allow":["GET"]}}],"collection":[{"href":"https:\/\/jessel.de\/365-tage-sylt\/wp-json\/wp\/v2\/posts"}],"about":[{"href":"https:\/\/jessel.de\/365-tage-sylt\/wp-json\/wp\/v2\/types\/post"}],"author":[{"embeddable":true,"href":"https:\/\/jessel.de\/365-tage-sylt\/wp-json\/wp\/v2\/users\/2"}],"replies":[{"embeddable":true,"href":"https:\/\/jessel.de\/365-tage-sylt\/wp-json\/wp\/v2\/comments?post=25676"}],"version-history":[{"count":5,"href":"https:\/\/jessel.de\/365-tage-sylt\/wp-json\/wp\/v2\/posts\/25676\/revisions"}],"predecessor-version":[{"id":25686,"href":"https:\/\/jessel.de\/365-tage-sylt\/wp-json\/wp\/v2\/posts\/25676\/revisions\/25686"}],"wp:featuredmedia":[{"embeddable":true,"href":"https:\/\/jessel.de\/365-tage-sylt\/wp-json\/wp\/v2\/media\/25680"}],"wp:attachment":[{"href":"https:\/\/jessel.de\/365-tage-sylt\/wp-json\/wp\/v2\/media?parent=25676"}],"wp:term":[{"taxonomy":"category","embeddable":true,"href":"https:\/\/jessel.de\/365-tage-sylt\/wp-json\/wp\/v2\/categories?post=25676"},{"taxonomy":"post_tag","embeddable":true,"href":"https:\/\/jessel.de\/365-tage-sylt\/wp-json\/wp\/v2\/tags?post=25676"}],"curies":[{"name":"wp","href":"https:\/\/api.w.org\/{rel}","templated":true}]}}