{"id":25706,"date":"2026-09-05T20:05:30","date_gmt":"2026-09-05T20:05:30","guid":{"rendered":"https:\/\/jessel.de\/365-tage-sylt\/?p=25706"},"modified":"2026-09-05T20:11:06","modified_gmt":"2026-09-05T20:11:06","slug":"5-september-bin-mit-den-ersten-sonnenstrahlen-am-beach","status":"publish","type":"post","link":"https:\/\/jessel.de\/365-tage-sylt\/5-september-bin-mit-den-ersten-sonnenstrahlen-am-beach\/","title":{"rendered":"5. September: Bin mit den ersten Sonnenstrahlen am Beach\u2026"},"content":{"rendered":"<p>\u2026 und beobachte zwei Surf-Jungs, von denen der eine h\u00f6chstens 12 Jahre alt ist. Beide suchen eine \u201eTrecker\u201c- Str\u00f6mung, um sich durch die M\u00f6rderbrandung aufs Meer ziehen zu lassen:<\/p>\n<p><img loading=\"lazy\" decoding=\"async\" class=\"alignnone size-full wp-image-25707\" src=\"https:\/\/jessel.de\/365-tage-sylt\/wp-content\/uploads\/2026\/09\/IMG_6721.jpeg\" alt=\"\" width=\"1205\" height=\"800\" srcset=\"https:\/\/jessel.de\/365-tage-sylt\/wp-content\/uploads\/2026\/09\/IMG_6721.jpeg 1205w, https:\/\/jessel.de\/365-tage-sylt\/wp-content\/uploads\/2026\/09\/IMG_6721-300x199.jpeg 300w, https:\/\/jessel.de\/365-tage-sylt\/wp-content\/uploads\/2026\/09\/IMG_6721-1024x680.jpeg 1024w, https:\/\/jessel.de\/365-tage-sylt\/wp-content\/uploads\/2026\/09\/IMG_6721-768x510.jpeg 768w\" sizes=\"auto, (max-width: 1205px) 100vw, 1205px\" \/><\/p>\n<p>Das klappt ganz ordentlich. Und schooon reitet der \u00c4ltere die erste Welle ab &#8211; bei perfektem Licht:<\/p>\n<p><img loading=\"lazy\" decoding=\"async\" class=\"alignnone size-full wp-image-25709\" src=\"https:\/\/jessel.de\/365-tage-sylt\/wp-content\/uploads\/2026\/09\/IMG_6715.jpeg\" alt=\"\" width=\"1205\" height=\"800\" srcset=\"https:\/\/jessel.de\/365-tage-sylt\/wp-content\/uploads\/2026\/09\/IMG_6715.jpeg 1205w, https:\/\/jessel.de\/365-tage-sylt\/wp-content\/uploads\/2026\/09\/IMG_6715-300x199.jpeg 300w, https:\/\/jessel.de\/365-tage-sylt\/wp-content\/uploads\/2026\/09\/IMG_6715-1024x680.jpeg 1024w, https:\/\/jessel.de\/365-tage-sylt\/wp-content\/uploads\/2026\/09\/IMG_6715-768x510.jpeg 768w\" sizes=\"auto, (max-width: 1205px) 100vw, 1205px\" \/><\/p>\n<p>Der J\u00fcngere muss in einer Monsterwelle vom Brett springen (man sieht es links von ihm in der brechenden Welle verschwinden) &#8211; eine gef\u00e4hrliche Situation. Aber nur Sekunden sp\u00e4ter krault er schon wieder auf seinem Board durch die Wellen nach drau\u00dfen\u2026:<\/p>\n<p><img loading=\"lazy\" decoding=\"async\" class=\"alignnone size-full wp-image-25708\" src=\"https:\/\/jessel.de\/365-tage-sylt\/wp-content\/uploads\/2026\/09\/IMG_6714.jpeg\" alt=\"\" width=\"1201\" height=\"800\" srcset=\"https:\/\/jessel.de\/365-tage-sylt\/wp-content\/uploads\/2026\/09\/IMG_6714.jpeg 1201w, https:\/\/jessel.de\/365-tage-sylt\/wp-content\/uploads\/2026\/09\/IMG_6714-300x200.jpeg 300w, https:\/\/jessel.de\/365-tage-sylt\/wp-content\/uploads\/2026\/09\/IMG_6714-1024x682.jpeg 1024w, https:\/\/jessel.de\/365-tage-sylt\/wp-content\/uploads\/2026\/09\/IMG_6714-768x512.jpeg 768w\" sizes=\"auto, (max-width: 1201px) 100vw, 1201px\" \/><\/p>\n<p>Als ich gegen Mittag wieder an den Strand komme, betrete ich ein Meer- und Wolkenparadies der allerfeinsten Sorte:<\/p>\n<p><img loading=\"lazy\" decoding=\"async\" class=\"alignnone size-full wp-image-25712\" src=\"https:\/\/jessel.de\/365-tage-sylt\/wp-content\/uploads\/2026\/09\/IMG_6710.jpeg\" alt=\"\" width=\"1205\" height=\"800\" srcset=\"https:\/\/jessel.de\/365-tage-sylt\/wp-content\/uploads\/2026\/09\/IMG_6710.jpeg 1205w, https:\/\/jessel.de\/365-tage-sylt\/wp-content\/uploads\/2026\/09\/IMG_6710-300x199.jpeg 300w, https:\/\/jessel.de\/365-tage-sylt\/wp-content\/uploads\/2026\/09\/IMG_6710-1024x680.jpeg 1024w, https:\/\/jessel.de\/365-tage-sylt\/wp-content\/uploads\/2026\/09\/IMG_6710-768x510.jpeg 768w\" sizes=\"auto, (max-width: 1205px) 100vw, 1205px\" \/><\/p>\n<p>Mit der auflaufenden Flut und den sich rasch n\u00e4hernden Wolkenfronten erreicht der Wind bald acht Beaufort &#8211; und die Nordsee kocht mal wieder\u2026:<\/p>\n<p><img loading=\"lazy\" decoding=\"async\" class=\"alignnone size-full wp-image-25716\" src=\"https:\/\/jessel.de\/365-tage-sylt\/wp-content\/uploads\/2026\/09\/IMG_6718.jpeg\" alt=\"\" width=\"1205\" height=\"800\" srcset=\"https:\/\/jessel.de\/365-tage-sylt\/wp-content\/uploads\/2026\/09\/IMG_6718.jpeg 1205w, https:\/\/jessel.de\/365-tage-sylt\/wp-content\/uploads\/2026\/09\/IMG_6718-300x199.jpeg 300w, https:\/\/jessel.de\/365-tage-sylt\/wp-content\/uploads\/2026\/09\/IMG_6718-1024x680.jpeg 1024w, https:\/\/jessel.de\/365-tage-sylt\/wp-content\/uploads\/2026\/09\/IMG_6718-768x510.jpeg 768w\" sizes=\"auto, (max-width: 1205px) 100vw, 1205px\" \/><\/p>\n<p>Einfach unglaublich, besonders die gr\u00fcne Farbe des Meeres:<\/p>\n<p><img loading=\"lazy\" decoding=\"async\" class=\"alignnone size-full wp-image-25714\" src=\"https:\/\/jessel.de\/365-tage-sylt\/wp-content\/uploads\/2026\/09\/IMG_6713.jpeg\" alt=\"\" width=\"1205\" height=\"800\" srcset=\"https:\/\/jessel.de\/365-tage-sylt\/wp-content\/uploads\/2026\/09\/IMG_6713.jpeg 1205w, https:\/\/jessel.de\/365-tage-sylt\/wp-content\/uploads\/2026\/09\/IMG_6713-300x199.jpeg 300w, https:\/\/jessel.de\/365-tage-sylt\/wp-content\/uploads\/2026\/09\/IMG_6713-1024x680.jpeg 1024w, https:\/\/jessel.de\/365-tage-sylt\/wp-content\/uploads\/2026\/09\/IMG_6713-768x510.jpeg 768w\" sizes=\"auto, (max-width: 1205px) 100vw, 1205px\" \/><\/p>\n<p>Kuckstu!:<\/p>\n<p><img loading=\"lazy\" decoding=\"async\" class=\"alignnone size-full wp-image-25713\" src=\"https:\/\/jessel.de\/365-tage-sylt\/wp-content\/uploads\/2026\/09\/IMG_6720.jpeg\" alt=\"\" width=\"1205\" height=\"800\" srcset=\"https:\/\/jessel.de\/365-tage-sylt\/wp-content\/uploads\/2026\/09\/IMG_6720.jpeg 1205w, https:\/\/jessel.de\/365-tage-sylt\/wp-content\/uploads\/2026\/09\/IMG_6720-300x199.jpeg 300w, https:\/\/jessel.de\/365-tage-sylt\/wp-content\/uploads\/2026\/09\/IMG_6720-1024x680.jpeg 1024w, https:\/\/jessel.de\/365-tage-sylt\/wp-content\/uploads\/2026\/09\/IMG_6720-768x510.jpeg 768w\" sizes=\"auto, (max-width: 1205px) 100vw, 1205px\" \/><\/p>\n<p>Dann z\u00e4hle ich bis SIEBEN\u2026:<\/p>\n<p><img loading=\"lazy\" decoding=\"async\" class=\"alignnone size-full wp-image-25718\" src=\"https:\/\/jessel.de\/365-tage-sylt\/wp-content\/uploads\/2026\/09\/IMG_6712.jpeg\" alt=\"\" width=\"1201\" height=\"800\" srcset=\"https:\/\/jessel.de\/365-tage-sylt\/wp-content\/uploads\/2026\/09\/IMG_6712.jpeg 1201w, https:\/\/jessel.de\/365-tage-sylt\/wp-content\/uploads\/2026\/09\/IMG_6712-300x200.jpeg 300w, https:\/\/jessel.de\/365-tage-sylt\/wp-content\/uploads\/2026\/09\/IMG_6712-1024x682.jpeg 1024w, https:\/\/jessel.de\/365-tage-sylt\/wp-content\/uploads\/2026\/09\/IMG_6712-768x512.jpeg 768w\" sizes=\"auto, (max-width: 1201px) 100vw, 1201px\" \/><\/p>\n<p>\u2026 und mache mich abermals auf den Heimweg. Die Fotos vom Abend liefere ich morgen bis zum fr\u00fchen Nachmittag nach.<\/p>\n<p>&nbsp;<\/p>\n","protected":false},"excerpt":{"rendered":"<p>\u2026 und beobachte zwei Surf-Jungs, von denen der eine h\u00f6chstens 12 Jahre alt ist. Beide suchen eine \u201eTrecker\u201c- Str\u00f6mung, um sich durch die M\u00f6rderbrandung aufs Meer ziehen zu lassen: Das klappt ganz ordentlich. Und schooon reitet der \u00c4ltere die erste Welle ab &#8211; bei perfektem Licht: Der J\u00fcngere muss in einer Monsterwelle vom Brett springen (man sieht es links von ihm in der brechenden Welle verschwinden) &#8211; eine gef\u00e4hrliche Situation.&hellip;<\/p>\n","protected":false},"author":2,"featured_media":25710,"comment_status":"open","ping_status":"open","sticky":false,"template":"","format":"standard","meta":{"footnotes":""},"categories":[27,39,24,28,3,46,4,26,49,2,7],"tags":[],"class_list":["post-25706","post","type-post","status-publish","format-standard","has-post-thumbnail","hentry","category-alle-bilder","category-arbeit","category-duenen","category-haeuser","category-menschen","category-sommer","category-spuren","category-strand","category-sturm","category-tourismus","category-westerland"],"jetpack_featured_media_url":"https:\/\/jessel.de\/365-tage-sylt\/wp-content\/uploads\/2026\/09\/IMG_6716.jpeg","_links":{"self":[{"href":"https:\/\/jessel.de\/365-tage-sylt\/wp-json\/wp\/v2\/posts\/25706","targetHints":{"allow":["GET"]}}],"collection":[{"href":"https:\/\/jessel.de\/365-tage-sylt\/wp-json\/wp\/v2\/posts"}],"about":[{"href":"https:\/\/jessel.de\/365-tage-sylt\/wp-json\/wp\/v2\/types\/post"}],"author":[{"embeddable":true,"href":"https:\/\/jessel.de\/365-tage-sylt\/wp-json\/wp\/v2\/users\/2"}],"replies":[{"embeddable":true,"href":"https:\/\/jessel.de\/365-tage-sylt\/wp-json\/wp\/v2\/comments?post=25706"}],"version-history":[{"count":3,"href":"https:\/\/jessel.de\/365-tage-sylt\/wp-json\/wp\/v2\/posts\/25706\/revisions"}],"predecessor-version":[{"id":25721,"href":"https:\/\/jessel.de\/365-tage-sylt\/wp-json\/wp\/v2\/posts\/25706\/revisions\/25721"}],"wp:featuredmedia":[{"embeddable":true,"href":"https:\/\/jessel.de\/365-tage-sylt\/wp-json\/wp\/v2\/media\/25710"}],"wp:attachment":[{"href":"https:\/\/jessel.de\/365-tage-sylt\/wp-json\/wp\/v2\/media?parent=25706"}],"wp:term":[{"taxonomy":"category","embeddable":true,"href":"https:\/\/jessel.de\/365-tage-sylt\/wp-json\/wp\/v2\/categories?post=25706"},{"taxonomy":"post_tag","embeddable":true,"href":"https:\/\/jessel.de\/365-tage-sylt\/wp-json\/wp\/v2\/tags?post=25706"}],"curies":[{"name":"wp","href":"https:\/\/api.w.org\/{rel}","templated":true}]}}