{"id":25728,"date":"2026-09-06T15:48:06","date_gmt":"2026-09-06T15:48:06","guid":{"rendered":"https:\/\/jessel.de\/365-tage-sylt\/?p=25728"},"modified":"2026-09-06T15:48:06","modified_gmt":"2026-09-06T15:48:06","slug":"6-september-moin-sylt-auch-frueh-dabei-heute","status":"publish","type":"post","link":"https:\/\/jessel.de\/365-tage-sylt\/6-september-moin-sylt-auch-frueh-dabei-heute\/","title":{"rendered":"6. September: \u201eMoin Sylt, auch fr\u00fch dabei heute!\u201c"},"content":{"rendered":"<p>Genau DAS hatte ich doch geahnt. Und dachte, ich mach\u2018 meine erste \u201eim Dunkeln losfahr\u2018 &#8211; Expedition\u201c dieses Fr\u00fchherbstes.<\/p>\n<p>Etwas sp\u00e4ter stehe ich vorm Lee-Hang der \u201eKleinen Wanderd\u00fcne\u201c im Listland\u2026:<\/p>\n<p><img loading=\"lazy\" decoding=\"async\" class=\"alignnone size-full wp-image-25734\" src=\"https:\/\/jessel.de\/365-tage-sylt\/wp-content\/uploads\/2026\/09\/IMG_6728.jpeg\" alt=\"\" width=\"1205\" height=\"800\" srcset=\"https:\/\/jessel.de\/365-tage-sylt\/wp-content\/uploads\/2026\/09\/IMG_6728.jpeg 1205w, https:\/\/jessel.de\/365-tage-sylt\/wp-content\/uploads\/2026\/09\/IMG_6728-300x199.jpeg 300w, https:\/\/jessel.de\/365-tage-sylt\/wp-content\/uploads\/2026\/09\/IMG_6728-1024x680.jpeg 1024w, https:\/\/jessel.de\/365-tage-sylt\/wp-content\/uploads\/2026\/09\/IMG_6728-768x510.jpeg 768w\" sizes=\"auto, (max-width: 1205px) 100vw, 1205px\" \/><\/p>\n<p>\u2026 und kann mich doch sehr begeistern \u00fcber deren steilen Lee-Hang, der in der unteren H\u00e4lfte noch vom Regen der letzten Tage gezeichnet ist, im oberen Teil jedoch viel \u201eNeusand\u201c = Flugsand zeigt, nach diesen windreichen Tagen &#8211; der nun girlandenm\u00e4\u00dfig herunterrieselt:<\/p>\n<p><img loading=\"lazy\" decoding=\"async\" class=\"alignnone size-full wp-image-25730\" src=\"https:\/\/jessel.de\/365-tage-sylt\/wp-content\/uploads\/2026\/09\/IMG_6736.jpeg\" alt=\"\" width=\"1205\" height=\"800\" srcset=\"https:\/\/jessel.de\/365-tage-sylt\/wp-content\/uploads\/2026\/09\/IMG_6736.jpeg 1205w, https:\/\/jessel.de\/365-tage-sylt\/wp-content\/uploads\/2026\/09\/IMG_6736-300x199.jpeg 300w, https:\/\/jessel.de\/365-tage-sylt\/wp-content\/uploads\/2026\/09\/IMG_6736-1024x680.jpeg 1024w, https:\/\/jessel.de\/365-tage-sylt\/wp-content\/uploads\/2026\/09\/IMG_6736-768x510.jpeg 768w\" sizes=\"auto, (max-width: 1205px) 100vw, 1205px\" \/><\/p>\n<p>Also wenn ich Strandhafer w\u00e4re, w\u00fcrde ich mich auch lieber im unteren Teil ansiedeln. Dieser zieht mich heute besonders in den Bann. So sieht \u00fcbrigens eine gl\u00fcckliche Strandhafer-Kinderstube aus &#8211; nicht angepflanzt, sondern selbst vermehrt. Und alle haben brav gezeichnet:<\/p>\n<p><img loading=\"lazy\" decoding=\"async\" class=\"alignnone size-full wp-image-25731\" src=\"https:\/\/jessel.de\/365-tage-sylt\/wp-content\/uploads\/2026\/09\/IMG_6735.jpeg\" alt=\"\" width=\"1205\" height=\"800\" srcset=\"https:\/\/jessel.de\/365-tage-sylt\/wp-content\/uploads\/2026\/09\/IMG_6735.jpeg 1205w, https:\/\/jessel.de\/365-tage-sylt\/wp-content\/uploads\/2026\/09\/IMG_6735-300x199.jpeg 300w, https:\/\/jessel.de\/365-tage-sylt\/wp-content\/uploads\/2026\/09\/IMG_6735-1024x680.jpeg 1024w, https:\/\/jessel.de\/365-tage-sylt\/wp-content\/uploads\/2026\/09\/IMG_6735-768x510.jpeg 768w\" sizes=\"auto, (max-width: 1205px) 100vw, 1205px\" \/><\/p>\n<p>Und hier, auf dieser windigen Fl\u00e4che, haben sich die Strandhafer-Expats niedergelassen &#8211; ein hartes Los, aber sie gedeihen pr\u00e4chtig:<\/p>\n<p><img loading=\"lazy\" decoding=\"async\" class=\"alignnone size-full wp-image-25732\" src=\"https:\/\/jessel.de\/365-tage-sylt\/wp-content\/uploads\/2026\/09\/IMG_6734.jpeg\" alt=\"\" width=\"1205\" height=\"800\" srcset=\"https:\/\/jessel.de\/365-tage-sylt\/wp-content\/uploads\/2026\/09\/IMG_6734.jpeg 1205w, https:\/\/jessel.de\/365-tage-sylt\/wp-content\/uploads\/2026\/09\/IMG_6734-300x199.jpeg 300w, https:\/\/jessel.de\/365-tage-sylt\/wp-content\/uploads\/2026\/09\/IMG_6734-1024x680.jpeg 1024w, https:\/\/jessel.de\/365-tage-sylt\/wp-content\/uploads\/2026\/09\/IMG_6734-768x510.jpeg 768w\" sizes=\"auto, (max-width: 1205px) 100vw, 1205px\" \/><\/p>\n<p>Und auch diese hier haben &#8211; bis auf zwei etwas k\u00fcmmerliche Mitpflanzen, denen das Chlorophyll abhanden gekommen ist &#8211; die trockene Sommerzeit gut \u00fcberstanden:<\/p>\n<p><img loading=\"lazy\" decoding=\"async\" class=\"alignnone size-full wp-image-25733\" src=\"https:\/\/jessel.de\/365-tage-sylt\/wp-content\/uploads\/2026\/09\/IMG_6741.jpeg\" alt=\"\" width=\"1201\" height=\"800\" srcset=\"https:\/\/jessel.de\/365-tage-sylt\/wp-content\/uploads\/2026\/09\/IMG_6741.jpeg 1201w, https:\/\/jessel.de\/365-tage-sylt\/wp-content\/uploads\/2026\/09\/IMG_6741-300x200.jpeg 300w, https:\/\/jessel.de\/365-tage-sylt\/wp-content\/uploads\/2026\/09\/IMG_6741-1024x682.jpeg 1024w, https:\/\/jessel.de\/365-tage-sylt\/wp-content\/uploads\/2026\/09\/IMG_6741-768x512.jpeg 768w\" sizes=\"auto, (max-width: 1201px) 100vw, 1201px\" \/><\/p>\n<p>\u201eTsch\u00fc\u00df D\u00fcnen, war mal wieder ein Vergn\u00fcgen, kurz vorbeizuschauen\u201c:<\/p>\n<p><img loading=\"lazy\" decoding=\"async\" class=\"alignnone size-full wp-image-25735\" src=\"https:\/\/jessel.de\/365-tage-sylt\/wp-content\/uploads\/2026\/09\/IMG_6733.jpeg\" alt=\"\" width=\"1205\" height=\"800\" srcset=\"https:\/\/jessel.de\/365-tage-sylt\/wp-content\/uploads\/2026\/09\/IMG_6733.jpeg 1205w, https:\/\/jessel.de\/365-tage-sylt\/wp-content\/uploads\/2026\/09\/IMG_6733-300x199.jpeg 300w, https:\/\/jessel.de\/365-tage-sylt\/wp-content\/uploads\/2026\/09\/IMG_6733-1024x680.jpeg 1024w, https:\/\/jessel.de\/365-tage-sylt\/wp-content\/uploads\/2026\/09\/IMG_6733-768x510.jpeg 768w\" sizes=\"auto, (max-width: 1205px) 100vw, 1205px\" \/><\/p>\n","protected":false},"excerpt":{"rendered":"<p>Genau DAS hatte ich doch geahnt. Und dachte, ich mach\u2018 meine erste \u201eim Dunkeln losfahr\u2018 &#8211; Expedition\u201c dieses Fr\u00fchherbstes. Etwas sp\u00e4ter stehe ich vorm Lee-Hang der \u201eKleinen Wanderd\u00fcne\u201c im Listland\u2026: \u2026 und kann mich doch sehr begeistern \u00fcber deren steilen Lee-Hang, der in der unteren H\u00e4lfte noch vom Regen der letzten Tage gezeichnet ist, im oberen Teil jedoch viel \u201eNeusand\u201c = Flugsand zeigt, nach diesen windreichen Tagen &#8211; der nun&hellip;<\/p>\n","protected":false},"author":2,"featured_media":25729,"comment_status":"open","ping_status":"open","sticky":false,"template":"","format":"standard","meta":{"footnotes":""},"categories":[27,39,24,28,11,44,46,4,42],"tags":[],"class_list":["post-25728","post","type-post","status-publish","format-standard","has-post-thumbnail","hentry","category-alle-bilder","category-arbeit","category-duenen","category-haeuser","category-list","category-pflanzen","category-sommer","category-spuren","category-watt"],"jetpack_featured_media_url":"https:\/\/jessel.de\/365-tage-sylt\/wp-content\/uploads\/2026\/09\/IMG_6739.jpeg","_links":{"self":[{"href":"https:\/\/jessel.de\/365-tage-sylt\/wp-json\/wp\/v2\/posts\/25728","targetHints":{"allow":["GET"]}}],"collection":[{"href":"https:\/\/jessel.de\/365-tage-sylt\/wp-json\/wp\/v2\/posts"}],"about":[{"href":"https:\/\/jessel.de\/365-tage-sylt\/wp-json\/wp\/v2\/types\/post"}],"author":[{"embeddable":true,"href":"https:\/\/jessel.de\/365-tage-sylt\/wp-json\/wp\/v2\/users\/2"}],"replies":[{"embeddable":true,"href":"https:\/\/jessel.de\/365-tage-sylt\/wp-json\/wp\/v2\/comments?post=25728"}],"version-history":[{"count":1,"href":"https:\/\/jessel.de\/365-tage-sylt\/wp-json\/wp\/v2\/posts\/25728\/revisions"}],"predecessor-version":[{"id":25736,"href":"https:\/\/jessel.de\/365-tage-sylt\/wp-json\/wp\/v2\/posts\/25728\/revisions\/25736"}],"wp:featuredmedia":[{"embeddable":true,"href":"https:\/\/jessel.de\/365-tage-sylt\/wp-json\/wp\/v2\/media\/25729"}],"wp:attachment":[{"href":"https:\/\/jessel.de\/365-tage-sylt\/wp-json\/wp\/v2\/media?parent=25728"}],"wp:term":[{"taxonomy":"category","embeddable":true,"href":"https:\/\/jessel.de\/365-tage-sylt\/wp-json\/wp\/v2\/categories?post=25728"},{"taxonomy":"post_tag","embeddable":true,"href":"https:\/\/jessel.de\/365-tage-sylt\/wp-json\/wp\/v2\/tags?post=25728"}],"curies":[{"name":"wp","href":"https:\/\/api.w.org\/{rel}","templated":true}]}}