{"id":2644,"date":"2017-09-27T18:54:29","date_gmt":"2017-09-27T18:54:29","guid":{"rendered":"http:\/\/jessel.de\/365-tage-sylt\/?p=2644"},"modified":"2017-09-27T18:58:38","modified_gmt":"2017-09-27T18:58:38","slug":"kuckstu","status":"publish","type":"post","link":"https:\/\/jessel.de\/365-tage-sylt\/kuckstu\/","title":{"rendered":"Kuckstu!"},"content":{"rendered":"<p>Der Ostwind, gepaart mit \u00fcberwiegend tr\u00fcbem, wolkenverhangenem Himmel, bleibt stur. Erst gegen 15 Uhr scheint die Sonne mal durch die diesigen Schwaden &#8211; f\u00fcr zwei Stunden fast.<\/p>\n<p>Bei einem nachmitt\u00e4glichen Spaziergang fallen mir als Erstes die wieder besser gef\u00fcllten Unterk\u00fcnfte auf&#8230;:<\/p>\n<p><img loading=\"lazy\" decoding=\"async\" class=\"alignnone size-full wp-image-2652\" src=\"http:\/\/jessel.de\/365-tage-sylt\/wp-content\/uploads\/2017\/09\/L1010996.jpg\" alt=\"\" width=\"1511\" height=\"800\" srcset=\"https:\/\/jessel.de\/365-tage-sylt\/wp-content\/uploads\/2017\/09\/L1010996.jpg 1511w, https:\/\/jessel.de\/365-tage-sylt\/wp-content\/uploads\/2017\/09\/L1010996-300x159.jpg 300w, https:\/\/jessel.de\/365-tage-sylt\/wp-content\/uploads\/2017\/09\/L1010996-768x407.jpg 768w, https:\/\/jessel.de\/365-tage-sylt\/wp-content\/uploads\/2017\/09\/L1010996-1024x542.jpg 1024w\" sizes=\"auto, (max-width: 1511px) 100vw, 1511px\" \/><\/p>\n<p>&#8230; und dann das etwas peppigere Outfit des Promenaden-Publikums:<\/p>\n<p><img loading=\"lazy\" decoding=\"async\" class=\"alignnone size-full wp-image-2651\" src=\"http:\/\/jessel.de\/365-tage-sylt\/wp-content\/uploads\/2017\/09\/L1010994.jpg\" alt=\"\" width=\"1202\" height=\"800\" srcset=\"https:\/\/jessel.de\/365-tage-sylt\/wp-content\/uploads\/2017\/09\/L1010994.jpg 1202w, https:\/\/jessel.de\/365-tage-sylt\/wp-content\/uploads\/2017\/09\/L1010994-300x200.jpg 300w, https:\/\/jessel.de\/365-tage-sylt\/wp-content\/uploads\/2017\/09\/L1010994-768x511.jpg 768w, https:\/\/jessel.de\/365-tage-sylt\/wp-content\/uploads\/2017\/09\/L1010994-1024x682.jpg 1024w\" sizes=\"auto, (max-width: 1202px) 100vw, 1202px\" \/><\/p>\n<p>Kein Wunder. Sylt&#8217;s Parade-Event, der SURF WORLD CUP, er\u00f6ffnet \u00fcbermorgen. Auf der Promenade \u00fcberall Gewerkel&#8216; und Geh\u00e4mmer&#8216;:<\/p>\n<p><img loading=\"lazy\" decoding=\"async\" class=\"alignnone size-full wp-image-2649\" src=\"http:\/\/jessel.de\/365-tage-sylt\/wp-content\/uploads\/2017\/09\/L1010990.jpg\" alt=\"\" width=\"1202\" height=\"800\" srcset=\"https:\/\/jessel.de\/365-tage-sylt\/wp-content\/uploads\/2017\/09\/L1010990.jpg 1202w, https:\/\/jessel.de\/365-tage-sylt\/wp-content\/uploads\/2017\/09\/L1010990-300x200.jpg 300w, https:\/\/jessel.de\/365-tage-sylt\/wp-content\/uploads\/2017\/09\/L1010990-768x511.jpg 768w, https:\/\/jessel.de\/365-tage-sylt\/wp-content\/uploads\/2017\/09\/L1010990-1024x682.jpg 1024w\" sizes=\"auto, (max-width: 1202px) 100vw, 1202px\" \/><\/p>\n<p>&#8230; und Gebohr&#8217;&#8230;:<\/p>\n<p><img loading=\"lazy\" decoding=\"async\" class=\"alignnone size-full wp-image-2646\" src=\"http:\/\/jessel.de\/365-tage-sylt\/wp-content\/uploads\/2017\/09\/L1010971.jpg\" alt=\"\" width=\"1202\" height=\"800\" srcset=\"https:\/\/jessel.de\/365-tage-sylt\/wp-content\/uploads\/2017\/09\/L1010971.jpg 1202w, https:\/\/jessel.de\/365-tage-sylt\/wp-content\/uploads\/2017\/09\/L1010971-300x200.jpg 300w, https:\/\/jessel.de\/365-tage-sylt\/wp-content\/uploads\/2017\/09\/L1010971-768x511.jpg 768w, https:\/\/jessel.de\/365-tage-sylt\/wp-content\/uploads\/2017\/09\/L1010971-1024x682.jpg 1024w\" sizes=\"auto, (max-width: 1202px) 100vw, 1202px\" \/><\/p>\n<p>&#8230; nur etwas schwer, das Meer zu sehen:<\/p>\n<p><img loading=\"lazy\" decoding=\"async\" class=\"alignnone size-full wp-image-2645\" src=\"http:\/\/jessel.de\/365-tage-sylt\/wp-content\/uploads\/2017\/09\/L1010968.jpg\" alt=\"\" width=\"1202\" height=\"800\" srcset=\"https:\/\/jessel.de\/365-tage-sylt\/wp-content\/uploads\/2017\/09\/L1010968.jpg 1202w, https:\/\/jessel.de\/365-tage-sylt\/wp-content\/uploads\/2017\/09\/L1010968-300x200.jpg 300w, https:\/\/jessel.de\/365-tage-sylt\/wp-content\/uploads\/2017\/09\/L1010968-768x511.jpg 768w, https:\/\/jessel.de\/365-tage-sylt\/wp-content\/uploads\/2017\/09\/L1010968-1024x682.jpg 1024w\" sizes=\"auto, (max-width: 1202px) 100vw, 1202px\" \/><\/p>\n<p>Der typische End-September-Syltgast tr\u00e4gt das Promenaden-Theater mit angeborener Gelassenheit:<\/p>\n<p><!--more--><img loading=\"lazy\" decoding=\"async\" class=\"alignnone size-full wp-image-2647\" src=\"http:\/\/jessel.de\/365-tage-sylt\/wp-content\/uploads\/2017\/09\/L1010976.jpg\" alt=\"\" width=\"1202\" height=\"800\" srcset=\"https:\/\/jessel.de\/365-tage-sylt\/wp-content\/uploads\/2017\/09\/L1010976.jpg 1202w, https:\/\/jessel.de\/365-tage-sylt\/wp-content\/uploads\/2017\/09\/L1010976-300x200.jpg 300w, https:\/\/jessel.de\/365-tage-sylt\/wp-content\/uploads\/2017\/09\/L1010976-768x511.jpg 768w, https:\/\/jessel.de\/365-tage-sylt\/wp-content\/uploads\/2017\/09\/L1010976-1024x682.jpg 1024w\" sizes=\"auto, (max-width: 1202px) 100vw, 1202px\" \/><\/p>\n<p>&#8230; und blickt gespannt nach links und rechts, wie es nun wohl weiter geht:<\/p>\n<p><img loading=\"lazy\" decoding=\"async\" class=\"alignnone size-full wp-image-2650\" src=\"http:\/\/jessel.de\/365-tage-sylt\/wp-content\/uploads\/2017\/09\/L1010991.jpg\" alt=\"\" width=\"1202\" height=\"800\" srcset=\"https:\/\/jessel.de\/365-tage-sylt\/wp-content\/uploads\/2017\/09\/L1010991.jpg 1202w, https:\/\/jessel.de\/365-tage-sylt\/wp-content\/uploads\/2017\/09\/L1010991-300x200.jpg 300w, https:\/\/jessel.de\/365-tage-sylt\/wp-content\/uploads\/2017\/09\/L1010991-768x511.jpg 768w, https:\/\/jessel.de\/365-tage-sylt\/wp-content\/uploads\/2017\/09\/L1010991-1024x682.jpg 1024w\" sizes=\"auto, (max-width: 1202px) 100vw, 1202px\" \/><\/p>\n<p>Dazu eine meteorologische Info f\u00fcr Spezialisten: Die l\u00e4stige Ostwind-Wetterlage ist ab Sonntag beendet. Dann n\u00e4hert sich vom Atlantik kein Geringerer als Ex-Hurricane MARIA (echt jetzt!), der &#8211; mittlerweile zu einem Sturmtief mutiert &#8211; ab Sonntagabend bis zum Dienstag mit Windst\u00e4rken bis 10 Beaufort auch auf Sylt f\u00fcr Wirbel sorgen wird. Wermutstropfen: Der Sturm hat m\u00e4chtige Regenmengen im Gep\u00e4ck, so dass die bei idealen Sideshore-Bedingungen ablaufenden Wettbewerbe nur f\u00fcr Hartgesottene (wie Euren Blogger, \u00e4h\u00e4m&#8230;) stattfinden werden. Ich gebe ab Samstag noch n\u00e4here Infos, wann sich das Zuschauen besonders lohnt, was von den &#8211; je nach Windrichtung &#8211; erst kurzfristig angesetzten Wettbewerben abh\u00e4ngt.<\/p>\n","protected":false},"excerpt":{"rendered":"<p>Der Ostwind, gepaart mit \u00fcberwiegend tr\u00fcbem, wolkenverhangenem Himmel, bleibt stur. Erst gegen 15 Uhr scheint die Sonne mal durch die diesigen Schwaden &#8211; f\u00fcr zwei Stunden fast. Bei einem nachmitt\u00e4glichen Spaziergang fallen mir als Erstes die wieder besser gef\u00fcllten Unterk\u00fcnfte auf&#8230;: &#8230; und dann das etwas peppigere Outfit des Promenaden-Publikums: Kein Wunder. Sylt&#8217;s Parade-Event, der SURF WORLD CUP, er\u00f6ffnet \u00fcbermorgen. Auf der Promenade \u00fcberall Gewerkel&#8216; und Geh\u00e4mmer&#8216;: &#8230; und Gebohr&#8217;&#8230;:&hellip;<\/p>\n","protected":false},"author":2,"featured_media":2648,"comment_status":"open","ping_status":"open","sticky":false,"template":"","format":"standard","meta":{"footnotes":""},"categories":[27,3,26,2,7],"tags":[],"class_list":["post-2644","post","type-post","status-publish","format-standard","has-post-thumbnail","hentry","category-alle-bilder","category-menschen","category-strand","category-tourismus","category-westerland"],"jetpack_featured_media_url":"https:\/\/jessel.de\/365-tage-sylt\/wp-content\/uploads\/2017\/09\/L1010980.jpg","_links":{"self":[{"href":"https:\/\/jessel.de\/365-tage-sylt\/wp-json\/wp\/v2\/posts\/2644","targetHints":{"allow":["GET"]}}],"collection":[{"href":"https:\/\/jessel.de\/365-tage-sylt\/wp-json\/wp\/v2\/posts"}],"about":[{"href":"https:\/\/jessel.de\/365-tage-sylt\/wp-json\/wp\/v2\/types\/post"}],"author":[{"embeddable":true,"href":"https:\/\/jessel.de\/365-tage-sylt\/wp-json\/wp\/v2\/users\/2"}],"replies":[{"embeddable":true,"href":"https:\/\/jessel.de\/365-tage-sylt\/wp-json\/wp\/v2\/comments?post=2644"}],"version-history":[{"count":3,"href":"https:\/\/jessel.de\/365-tage-sylt\/wp-json\/wp\/v2\/posts\/2644\/revisions"}],"predecessor-version":[{"id":2655,"href":"https:\/\/jessel.de\/365-tage-sylt\/wp-json\/wp\/v2\/posts\/2644\/revisions\/2655"}],"wp:featuredmedia":[{"embeddable":true,"href":"https:\/\/jessel.de\/365-tage-sylt\/wp-json\/wp\/v2\/media\/2648"}],"wp:attachment":[{"href":"https:\/\/jessel.de\/365-tage-sylt\/wp-json\/wp\/v2\/media?parent=2644"}],"wp:term":[{"taxonomy":"category","embeddable":true,"href":"https:\/\/jessel.de\/365-tage-sylt\/wp-json\/wp\/v2\/categories?post=2644"},{"taxonomy":"post_tag","embeddable":true,"href":"https:\/\/jessel.de\/365-tage-sylt\/wp-json\/wp\/v2\/tags?post=2644"}],"curies":[{"name":"wp","href":"https:\/\/api.w.org\/{rel}","templated":true}]}}