{"id":2656,"date":"2017-09-28T18:09:36","date_gmt":"2017-09-28T18:09:36","guid":{"rendered":"http:\/\/jessel.de\/365-tage-sylt\/?p=2656"},"modified":"2017-09-28T18:40:08","modified_gmt":"2017-09-28T18:40:08","slug":"datt-duert-noch-ein-besuch-im-friesendorf-keitum","status":"publish","type":"post","link":"https:\/\/jessel.de\/365-tage-sylt\/datt-duert-noch-ein-besuch-im-friesendorf-keitum\/","title":{"rendered":"&#8222;Datt duert noch!&#8220;&#8230; ein Besuch im &#8222;Friesendorf&#8220; Keitum"},"content":{"rendered":"<p>Das in Touristen-Prospekten auch weiterhin als &#8222;Friesendorf&#8220; gelobte Keitum entwickelt sich zunehmend zu einer Boutiquen-Meile. Wer, wie ich, den Werdegang dieses pittoresken Ortes seit Jahrzehnten verfolgt, kann nur staunen, in welcher Geschwindigkeit das vonstatten geht:<\/p>\n<p><img loading=\"lazy\" decoding=\"async\" class=\"alignnone size-full wp-image-2657\" src=\"http:\/\/jessel.de\/365-tage-sylt\/wp-content\/uploads\/2017\/09\/2017-09-28-17.49.44.jpg\" alt=\"\" width=\"1276\" height=\"800\" srcset=\"https:\/\/jessel.de\/365-tage-sylt\/wp-content\/uploads\/2017\/09\/2017-09-28-17.49.44.jpg 1276w, https:\/\/jessel.de\/365-tage-sylt\/wp-content\/uploads\/2017\/09\/2017-09-28-17.49.44-300x188.jpg 300w, https:\/\/jessel.de\/365-tage-sylt\/wp-content\/uploads\/2017\/09\/2017-09-28-17.49.44-768x482.jpg 768w, https:\/\/jessel.de\/365-tage-sylt\/wp-content\/uploads\/2017\/09\/2017-09-28-17.49.44-1024x642.jpg 1024w\" sizes=\"auto, (max-width: 1276px) 100vw, 1276px\" \/><\/p>\n<p>Das gro\u00dfst\u00e4dtische Ph\u00e4nomen der &#8222;Gentrification&#8220; wird hier auf Dorfniveau herunter gebrochen. Abrupt steigende Grundst\u00fcckspreise vertreiben die ans\u00e4ssige Bev\u00f6lkerung &#8211; und sind nur noch bezahlbar von Luxusklasse-Gewerbetreibenden:<\/p>\n<p><img loading=\"lazy\" decoding=\"async\" class=\"alignnone size-full wp-image-2658\" src=\"http:\/\/jessel.de\/365-tage-sylt\/wp-content\/uploads\/2017\/09\/L1011000.jpg\" alt=\"\" width=\"1202\" height=\"800\" srcset=\"https:\/\/jessel.de\/365-tage-sylt\/wp-content\/uploads\/2017\/09\/L1011000.jpg 1202w, https:\/\/jessel.de\/365-tage-sylt\/wp-content\/uploads\/2017\/09\/L1011000-300x200.jpg 300w, https:\/\/jessel.de\/365-tage-sylt\/wp-content\/uploads\/2017\/09\/L1011000-768x511.jpg 768w, https:\/\/jessel.de\/365-tage-sylt\/wp-content\/uploads\/2017\/09\/L1011000-1024x682.jpg 1024w\" sizes=\"auto, (max-width: 1202px) 100vw, 1202px\" \/><\/p>\n<p>Hier noch das von Insulanern bewohnte Friesenhaus &#8211; im Nachbarhaus wird bereits die 5-Sterne-Sauna installiert:<\/p>\n<p><img loading=\"lazy\" decoding=\"async\" class=\"alignnone size-full wp-image-2664\" src=\"http:\/\/jessel.de\/365-tage-sylt\/wp-content\/uploads\/2017\/09\/L1011048.jpg\" alt=\"\" width=\"1632\" height=\"800\" srcset=\"https:\/\/jessel.de\/365-tage-sylt\/wp-content\/uploads\/2017\/09\/L1011048.jpg 1632w, https:\/\/jessel.de\/365-tage-sylt\/wp-content\/uploads\/2017\/09\/L1011048-300x147.jpg 300w, https:\/\/jessel.de\/365-tage-sylt\/wp-content\/uploads\/2017\/09\/L1011048-768x376.jpg 768w, https:\/\/jessel.de\/365-tage-sylt\/wp-content\/uploads\/2017\/09\/L1011048-1024x502.jpg 1024w\" sizes=\"auto, (max-width: 1632px) 100vw, 1632px\" \/><\/p>\n<p>Jeder Quadratmeter wird \u00a0kommerzialisiert &#8211; und die Interessenten stehen schon bereit:<\/p>\n<p><img loading=\"lazy\" decoding=\"async\" class=\"alignnone size-full wp-image-2662\" src=\"http:\/\/jessel.de\/365-tage-sylt\/wp-content\/uploads\/2017\/09\/L1011032.jpg\" alt=\"\" width=\"1454\" height=\"800\" srcset=\"https:\/\/jessel.de\/365-tage-sylt\/wp-content\/uploads\/2017\/09\/L1011032.jpg 1454w, https:\/\/jessel.de\/365-tage-sylt\/wp-content\/uploads\/2017\/09\/L1011032-300x165.jpg 300w, https:\/\/jessel.de\/365-tage-sylt\/wp-content\/uploads\/2017\/09\/L1011032-768x423.jpg 768w, https:\/\/jessel.de\/365-tage-sylt\/wp-content\/uploads\/2017\/09\/L1011032-1024x563.jpg 1024w\" sizes=\"auto, (max-width: 1454px) 100vw, 1454px\" \/><\/p>\n<p>Das &#8222;Friesentum&#8220; wird in die Museen verlagert&#8230; und nostalgischem Gedankengut zugeordnet:<\/p>\n<p><img loading=\"lazy\" decoding=\"async\" class=\"alignnone size-full wp-image-2661\" src=\"http:\/\/jessel.de\/365-tage-sylt\/wp-content\/uploads\/2017\/09\/L1011026.jpg\" alt=\"\" width=\"1202\" height=\"800\" srcset=\"https:\/\/jessel.de\/365-tage-sylt\/wp-content\/uploads\/2017\/09\/L1011026.jpg 1202w, https:\/\/jessel.de\/365-tage-sylt\/wp-content\/uploads\/2017\/09\/L1011026-300x200.jpg 300w, https:\/\/jessel.de\/365-tage-sylt\/wp-content\/uploads\/2017\/09\/L1011026-768x511.jpg 768w, https:\/\/jessel.de\/365-tage-sylt\/wp-content\/uploads\/2017\/09\/L1011026-1024x682.jpg 1024w\" sizes=\"auto, (max-width: 1202px) 100vw, 1202px\" \/><\/p>\n<p>Aber: Mann\/Frau kann nat\u00fcrlich auch durch Keitum spazieren &#8211; und nur die Vergangenheit filtrieren:<\/p>\n<p><img loading=\"lazy\" decoding=\"async\" class=\"alignnone size-full wp-image-2663\" src=\"http:\/\/jessel.de\/365-tage-sylt\/wp-content\/uploads\/2017\/09\/L1011034-HDR.jpg\" alt=\"\" width=\"1376\" height=\"800\" srcset=\"https:\/\/jessel.de\/365-tage-sylt\/wp-content\/uploads\/2017\/09\/L1011034-HDR.jpg 1376w, https:\/\/jessel.de\/365-tage-sylt\/wp-content\/uploads\/2017\/09\/L1011034-HDR-300x174.jpg 300w, https:\/\/jessel.de\/365-tage-sylt\/wp-content\/uploads\/2017\/09\/L1011034-HDR-768x447.jpg 768w, https:\/\/jessel.de\/365-tage-sylt\/wp-content\/uploads\/2017\/09\/L1011034-HDR-1024x595.jpg 1024w\" sizes=\"auto, (max-width: 1376px) 100vw, 1376px\" \/><\/p>\n<p>Danke f\u00fcr&#8217;s Zuh\u00f6ren. DAS musste mal raus.<\/p>\n","protected":false},"excerpt":{"rendered":"<p>Das in Touristen-Prospekten auch weiterhin als &#8222;Friesendorf&#8220; gelobte Keitum entwickelt sich zunehmend zu einer Boutiquen-Meile. Wer, wie ich, den Werdegang dieses pittoresken Ortes seit Jahrzehnten verfolgt, kann nur staunen, in welcher Geschwindigkeit das vonstatten geht: Das gro\u00dfst\u00e4dtische Ph\u00e4nomen der &#8222;Gentrification&#8220; wird hier auf Dorfniveau herunter gebrochen. Abrupt steigende Grundst\u00fcckspreise vertreiben die ans\u00e4ssige Bev\u00f6lkerung &#8211; und sind nur noch bezahlbar von Luxusklasse-Gewerbetreibenden: Hier noch das von Insulanern bewohnte Friesenhaus &#8211; im&hellip;<\/p>\n","protected":false},"author":2,"featured_media":2659,"comment_status":"open","ping_status":"open","sticky":false,"template":"","format":"standard","meta":{"footnotes":""},"categories":[27,39,28,48,32,35,40,2,30],"tags":[],"class_list":["post-2656","post","type-post","status-publish","format-standard","has-post-thumbnail","hentry","category-alle-bilder","category-arbeit","category-haeuser","category-herbst","category-keitum","category-schlechtes-wetter","category-tiere","category-tourismus","category-tradition"],"jetpack_featured_media_url":"https:\/\/jessel.de\/365-tage-sylt\/wp-content\/uploads\/2017\/09\/L1011003.jpg","_links":{"self":[{"href":"https:\/\/jessel.de\/365-tage-sylt\/wp-json\/wp\/v2\/posts\/2656","targetHints":{"allow":["GET"]}}],"collection":[{"href":"https:\/\/jessel.de\/365-tage-sylt\/wp-json\/wp\/v2\/posts"}],"about":[{"href":"https:\/\/jessel.de\/365-tage-sylt\/wp-json\/wp\/v2\/types\/post"}],"author":[{"embeddable":true,"href":"https:\/\/jessel.de\/365-tage-sylt\/wp-json\/wp\/v2\/users\/2"}],"replies":[{"embeddable":true,"href":"https:\/\/jessel.de\/365-tage-sylt\/wp-json\/wp\/v2\/comments?post=2656"}],"version-history":[{"count":3,"href":"https:\/\/jessel.de\/365-tage-sylt\/wp-json\/wp\/v2\/posts\/2656\/revisions"}],"predecessor-version":[{"id":2667,"href":"https:\/\/jessel.de\/365-tage-sylt\/wp-json\/wp\/v2\/posts\/2656\/revisions\/2667"}],"wp:featuredmedia":[{"embeddable":true,"href":"https:\/\/jessel.de\/365-tage-sylt\/wp-json\/wp\/v2\/media\/2659"}],"wp:attachment":[{"href":"https:\/\/jessel.de\/365-tage-sylt\/wp-json\/wp\/v2\/media?parent=2656"}],"wp:term":[{"taxonomy":"category","embeddable":true,"href":"https:\/\/jessel.de\/365-tage-sylt\/wp-json\/wp\/v2\/categories?post=2656"},{"taxonomy":"post_tag","embeddable":true,"href":"https:\/\/jessel.de\/365-tage-sylt\/wp-json\/wp\/v2\/tags?post=2656"}],"curies":[{"name":"wp","href":"https:\/\/api.w.org\/{rel}","templated":true}]}}