{"id":2785,"date":"2017-10-07T17:05:09","date_gmt":"2017-10-07T17:05:09","guid":{"rendered":"http:\/\/jessel.de\/365-tage-sylt\/?p=2785"},"modified":"2017-10-07T17:17:58","modified_gmt":"2017-10-07T17:17:58","slug":"der-rest-vom-schuetzenfest","status":"publish","type":"post","link":"https:\/\/jessel.de\/365-tage-sylt\/der-rest-vom-schuetzenfest\/","title":{"rendered":"Der Rest vom Sch\u00fctzenfest"},"content":{"rendered":"<p>Ein komplett verregneter Samstag. Erst bekommen die H\u00fchner ihr Futter&#8230;:<\/p>\n<p><img loading=\"lazy\" decoding=\"async\" class=\"alignnone size-full wp-image-2787\" src=\"http:\/\/jessel.de\/365-tage-sylt\/wp-content\/uploads\/2017\/10\/L1011346.jpg\" alt=\"\" width=\"1395\" height=\"800\" srcset=\"https:\/\/jessel.de\/365-tage-sylt\/wp-content\/uploads\/2017\/10\/L1011346.jpg 1395w, https:\/\/jessel.de\/365-tage-sylt\/wp-content\/uploads\/2017\/10\/L1011346-300x172.jpg 300w, https:\/\/jessel.de\/365-tage-sylt\/wp-content\/uploads\/2017\/10\/L1011346-768x440.jpg 768w, https:\/\/jessel.de\/365-tage-sylt\/wp-content\/uploads\/2017\/10\/L1011346-1024x587.jpg 1024w\" sizes=\"auto, (max-width: 1395px) 100vw, 1395px\" \/><\/p>\n<p>&#8230; dann wir, und zwar Sylter Galloway in Champignon-Sahne So\u00dfe mit Spitzkohl und Kartoffeln aus dem Garten (&#8222;Bamberger H\u00f6rnchen&#8220;):<\/p>\n<p><img loading=\"lazy\" decoding=\"async\" class=\"alignnone size-full wp-image-2786\" src=\"http:\/\/jessel.de\/365-tage-sylt\/wp-content\/uploads\/2017\/10\/IMG_2281.jpg\" alt=\"\" width=\"1067\" height=\"800\" srcset=\"https:\/\/jessel.de\/365-tage-sylt\/wp-content\/uploads\/2017\/10\/IMG_2281.jpg 1067w, https:\/\/jessel.de\/365-tage-sylt\/wp-content\/uploads\/2017\/10\/IMG_2281-300x225.jpg 300w, https:\/\/jessel.de\/365-tage-sylt\/wp-content\/uploads\/2017\/10\/IMG_2281-768x576.jpg 768w, https:\/\/jessel.de\/365-tage-sylt\/wp-content\/uploads\/2017\/10\/IMG_2281-1024x768.jpg 1024w\" sizes=\"auto, (max-width: 1067px) 100vw, 1067px\" \/><\/p>\n<p>Wir essen uns zu f\u00fcnft den Tag sch\u00f6n.<\/p>\n<p>Surf Worldcup vorletzter Tag &#8211; im Dauerregen, wie gesagt:<\/p>\n<p><img loading=\"lazy\" decoding=\"async\" class=\"alignnone size-full wp-image-2791\" src=\"http:\/\/jessel.de\/365-tage-sylt\/wp-content\/uploads\/2017\/10\/L1011358.jpg\" alt=\"\" width=\"1313\" height=\"800\" srcset=\"https:\/\/jessel.de\/365-tage-sylt\/wp-content\/uploads\/2017\/10\/L1011358.jpg 1313w, https:\/\/jessel.de\/365-tage-sylt\/wp-content\/uploads\/2017\/10\/L1011358-300x183.jpg 300w, https:\/\/jessel.de\/365-tage-sylt\/wp-content\/uploads\/2017\/10\/L1011358-768x468.jpg 768w, https:\/\/jessel.de\/365-tage-sylt\/wp-content\/uploads\/2017\/10\/L1011358-1024x624.jpg 1024w\" sizes=\"auto, (max-width: 1313px) 100vw, 1313px\" \/><\/p>\n<p>Alle Wettbewerbe konnten in dieser windreichen Woche durchgef\u00fchrt werden. Hier die Wave Contest Finalisten:<\/p>\n<p><img loading=\"lazy\" decoding=\"async\" class=\"alignnone size-full wp-image-2790\" src=\"http:\/\/jessel.de\/365-tage-sylt\/wp-content\/uploads\/2017\/10\/L1011357.jpg\" alt=\"\" width=\"1202\" height=\"800\" srcset=\"https:\/\/jessel.de\/365-tage-sylt\/wp-content\/uploads\/2017\/10\/L1011357.jpg 1202w, https:\/\/jessel.de\/365-tage-sylt\/wp-content\/uploads\/2017\/10\/L1011357-300x200.jpg 300w, https:\/\/jessel.de\/365-tage-sylt\/wp-content\/uploads\/2017\/10\/L1011357-768x511.jpg 768w, https:\/\/jessel.de\/365-tage-sylt\/wp-content\/uploads\/2017\/10\/L1011357-1024x682.jpg 1024w\" sizes=\"auto, (max-width: 1202px) 100vw, 1202px\" \/><\/p>\n<p>Freestyle Next Announcement: NEXT YEAR:<\/p>\n<p><img loading=\"lazy\" decoding=\"async\" class=\"alignnone size-full wp-image-2789\" src=\"http:\/\/jessel.de\/365-tage-sylt\/wp-content\/uploads\/2017\/10\/L1011355.jpg\" alt=\"\" width=\"1202\" height=\"800\" srcset=\"https:\/\/jessel.de\/365-tage-sylt\/wp-content\/uploads\/2017\/10\/L1011355.jpg 1202w, https:\/\/jessel.de\/365-tage-sylt\/wp-content\/uploads\/2017\/10\/L1011355-300x200.jpg 300w, https:\/\/jessel.de\/365-tage-sylt\/wp-content\/uploads\/2017\/10\/L1011355-768x511.jpg 768w, https:\/\/jessel.de\/365-tage-sylt\/wp-content\/uploads\/2017\/10\/L1011355-1024x682.jpg 1024w\" sizes=\"auto, (max-width: 1202px) 100vw, 1202px\" \/><\/p>\n<p>Die Massen zieht&#8217;s ins Fress- und Partyzelt:<\/p>\n<p><img loading=\"lazy\" decoding=\"async\" class=\"alignnone size-full wp-image-2792\" src=\"http:\/\/jessel.de\/365-tage-sylt\/wp-content\/uploads\/2017\/10\/L1011360.jpg\" alt=\"\" width=\"1202\" height=\"800\" srcset=\"https:\/\/jessel.de\/365-tage-sylt\/wp-content\/uploads\/2017\/10\/L1011360.jpg 1202w, https:\/\/jessel.de\/365-tage-sylt\/wp-content\/uploads\/2017\/10\/L1011360-300x200.jpg 300w, https:\/\/jessel.de\/365-tage-sylt\/wp-content\/uploads\/2017\/10\/L1011360-768x511.jpg 768w, https:\/\/jessel.de\/365-tage-sylt\/wp-content\/uploads\/2017\/10\/L1011360-1024x682.jpg 1024w\" sizes=\"auto, (max-width: 1202px) 100vw, 1202px\" \/><\/p>\n<p>Und ich tr\u00e4ume vom letzten richtigen Sonnentag. Der war vor 6 Tagen:<\/p>\n<p><img loading=\"lazy\" decoding=\"async\" class=\"alignnone size-full wp-image-2793\" src=\"http:\/\/jessel.de\/365-tage-sylt\/wp-content\/uploads\/2017\/10\/20171001_084019.jpg\" alt=\"\" width=\"1451\" height=\"800\" srcset=\"https:\/\/jessel.de\/365-tage-sylt\/wp-content\/uploads\/2017\/10\/20171001_084019.jpg 1451w, https:\/\/jessel.de\/365-tage-sylt\/wp-content\/uploads\/2017\/10\/20171001_084019-300x165.jpg 300w, https:\/\/jessel.de\/365-tage-sylt\/wp-content\/uploads\/2017\/10\/20171001_084019-768x423.jpg 768w, https:\/\/jessel.de\/365-tage-sylt\/wp-content\/uploads\/2017\/10\/20171001_084019-1024x565.jpg 1024w\" sizes=\"auto, (max-width: 1451px) 100vw, 1451px\" \/><\/p>\n<p>F\u00fcr morgen ist der n\u00e4chste avisiert! \ud83d\ude09<\/p>\n","protected":false},"excerpt":{"rendered":"<p>Ein komplett verregneter Samstag. Erst bekommen die H\u00fchner ihr Futter&#8230;: &#8230; dann wir, und zwar Sylter Galloway in Champignon-Sahne So\u00dfe mit Spitzkohl und Kartoffeln aus dem Garten (&#8222;Bamberger H\u00f6rnchen&#8220;): Wir essen uns zu f\u00fcnft den Tag sch\u00f6n. Surf Worldcup vorletzter Tag &#8211; im Dauerregen, wie gesagt: Alle Wettbewerbe konnten in dieser windreichen Woche durchgef\u00fchrt werden. Hier die Wave Contest Finalisten: Freestyle Next Announcement: NEXT YEAR: Die Massen zieht&#8217;s ins Fress-&hellip;<\/p>\n","protected":false},"author":2,"featured_media":2788,"comment_status":"open","ping_status":"open","sticky":false,"template":"","format":"standard","meta":{"footnotes":""},"categories":[27,39,48,3,35,4,26,2,7],"tags":[],"class_list":["post-2785","post","type-post","status-publish","format-standard","has-post-thumbnail","hentry","category-alle-bilder","category-arbeit","category-herbst","category-menschen","category-schlechtes-wetter","category-spuren","category-strand","category-tourismus","category-westerland"],"jetpack_featured_media_url":"https:\/\/jessel.de\/365-tage-sylt\/wp-content\/uploads\/2017\/10\/L1011353.jpg","_links":{"self":[{"href":"https:\/\/jessel.de\/365-tage-sylt\/wp-json\/wp\/v2\/posts\/2785","targetHints":{"allow":["GET"]}}],"collection":[{"href":"https:\/\/jessel.de\/365-tage-sylt\/wp-json\/wp\/v2\/posts"}],"about":[{"href":"https:\/\/jessel.de\/365-tage-sylt\/wp-json\/wp\/v2\/types\/post"}],"author":[{"embeddable":true,"href":"https:\/\/jessel.de\/365-tage-sylt\/wp-json\/wp\/v2\/users\/2"}],"replies":[{"embeddable":true,"href":"https:\/\/jessel.de\/365-tage-sylt\/wp-json\/wp\/v2\/comments?post=2785"}],"version-history":[{"count":3,"href":"https:\/\/jessel.de\/365-tage-sylt\/wp-json\/wp\/v2\/posts\/2785\/revisions"}],"predecessor-version":[{"id":2796,"href":"https:\/\/jessel.de\/365-tage-sylt\/wp-json\/wp\/v2\/posts\/2785\/revisions\/2796"}],"wp:featuredmedia":[{"embeddable":true,"href":"https:\/\/jessel.de\/365-tage-sylt\/wp-json\/wp\/v2\/media\/2788"}],"wp:attachment":[{"href":"https:\/\/jessel.de\/365-tage-sylt\/wp-json\/wp\/v2\/media?parent=2785"}],"wp:term":[{"taxonomy":"category","embeddable":true,"href":"https:\/\/jessel.de\/365-tage-sylt\/wp-json\/wp\/v2\/categories?post=2785"},{"taxonomy":"post_tag","embeddable":true,"href":"https:\/\/jessel.de\/365-tage-sylt\/wp-json\/wp\/v2\/tags?post=2785"}],"curies":[{"name":"wp","href":"https:\/\/api.w.org\/{rel}","templated":true}]}}