{"id":2897,"date":"2017-10-17T17:52:48","date_gmt":"2017-10-17T17:52:48","guid":{"rendered":"http:\/\/jessel.de\/365-tage-sylt\/?p=2897"},"modified":"2017-10-17T18:10:18","modified_gmt":"2017-10-17T18:10:18","slug":"ophelia-schaut-mal-kurz-vorbei","status":"publish","type":"post","link":"https:\/\/jessel.de\/365-tage-sylt\/ophelia-schaut-mal-kurz-vorbei\/","title":{"rendered":"Ophelia schaut mal kurz vorbei"},"content":{"rendered":"<p>Seit einer Woche bewegt der Hurricane Ophelia die Gem\u00fcter aller Wetter-Interessierten. Von der Karibik kommend, zog dieser zwischen den Azoren und Madeira \u00fcber den Atlantik, bog dann nach Norden um &#8211; und erreichte gestern Irland.<\/p>\n<p>Die milden Luftmassen der vergangenen Tage, der ausgepr\u00e4gte Dunst (Ursachen: W\u00fcstenstaub, Waldbr\u00e4nde in Portugal, dazu eine Inversionswetterlage) haben wir alle diesem Wetterph\u00e4nomen zu verdanken&#8230; nun kriegen wir kurz nochmal einen kleinen Kaltlufteinbruch serviert, verbunden mit 7-9 Windst\u00e4rken.<\/p>\n<p>Ich fahre vormittags Richtung Norden. Der Dunst hat m\u00e4chtig abgenommen, allerdings blicke ich auf ziemlich unkonturierte Wolken. \ud83d\ude41<\/p>\n<p>Eigentlich ist das Listland mein Ziel, aber eine innere Stimme r\u00e4t mir, nochmals aufs Rote Kliff zu stiefeln. Toll, so \u02cbne innere Stimme! Ich krabbel\u02cb zun\u00e4chst einmal auf die Uwe D\u00fcne, wo ich nicht der erste bin:<\/p>\n<p><img loading=\"lazy\" decoding=\"async\" class=\"alignnone size-full wp-image-2898\" src=\"http:\/\/jessel.de\/365-tage-sylt\/wp-content\/uploads\/2017\/10\/D1B34273-C66B-42F1-AF83-C641E7CD3FD5.jpeg\" alt=\"\" width=\"1204\" height=\"800\" srcset=\"https:\/\/jessel.de\/365-tage-sylt\/wp-content\/uploads\/2017\/10\/D1B34273-C66B-42F1-AF83-C641E7CD3FD5.jpeg 1204w, https:\/\/jessel.de\/365-tage-sylt\/wp-content\/uploads\/2017\/10\/D1B34273-C66B-42F1-AF83-C641E7CD3FD5-300x199.jpeg 300w, https:\/\/jessel.de\/365-tage-sylt\/wp-content\/uploads\/2017\/10\/D1B34273-C66B-42F1-AF83-C641E7CD3FD5-768x510.jpeg 768w, https:\/\/jessel.de\/365-tage-sylt\/wp-content\/uploads\/2017\/10\/D1B34273-C66B-42F1-AF83-C641E7CD3FD5-1024x680.jpeg 1024w\" sizes=\"auto, (max-width: 1204px) 100vw, 1204px\" \/><\/p>\n<p>Dann der Blick auf das im wahrsten Sinne des Wortes atemberaubende Meer. Herrlich:<\/p>\n<p><img loading=\"lazy\" decoding=\"async\" class=\"alignnone size-full wp-image-2899\" src=\"http:\/\/jessel.de\/365-tage-sylt\/wp-content\/uploads\/2017\/10\/E5D52BF4-447F-4635-B1EC-A7743B765F41.jpeg\" alt=\"\" width=\"1204\" height=\"800\" srcset=\"https:\/\/jessel.de\/365-tage-sylt\/wp-content\/uploads\/2017\/10\/E5D52BF4-447F-4635-B1EC-A7743B765F41.jpeg 1204w, https:\/\/jessel.de\/365-tage-sylt\/wp-content\/uploads\/2017\/10\/E5D52BF4-447F-4635-B1EC-A7743B765F41-300x199.jpeg 300w, https:\/\/jessel.de\/365-tage-sylt\/wp-content\/uploads\/2017\/10\/E5D52BF4-447F-4635-B1EC-A7743B765F41-768x510.jpeg 768w, https:\/\/jessel.de\/365-tage-sylt\/wp-content\/uploads\/2017\/10\/E5D52BF4-447F-4635-B1EC-A7743B765F41-1024x680.jpeg 1024w\" sizes=\"auto, (max-width: 1204px) 100vw, 1204px\" \/><\/p>\n<p>In Windschneisen haut\u02cbs einen echt aus den Socken. Fieser Sandflug, besonders f\u00fcr die Knipse:<\/p>\n<p><img loading=\"lazy\" decoding=\"async\" class=\"alignnone size-full wp-image-2900\" src=\"http:\/\/jessel.de\/365-tage-sylt\/wp-content\/uploads\/2017\/10\/9197E728-4A91-4ADF-8142-C97C64622317.jpeg\" alt=\"\" width=\"1204\" height=\"800\" srcset=\"https:\/\/jessel.de\/365-tage-sylt\/wp-content\/uploads\/2017\/10\/9197E728-4A91-4ADF-8142-C97C64622317.jpeg 1204w, https:\/\/jessel.de\/365-tage-sylt\/wp-content\/uploads\/2017\/10\/9197E728-4A91-4ADF-8142-C97C64622317-300x199.jpeg 300w, https:\/\/jessel.de\/365-tage-sylt\/wp-content\/uploads\/2017\/10\/9197E728-4A91-4ADF-8142-C97C64622317-768x510.jpeg 768w, https:\/\/jessel.de\/365-tage-sylt\/wp-content\/uploads\/2017\/10\/9197E728-4A91-4ADF-8142-C97C64622317-1024x680.jpeg 1024w\" sizes=\"auto, (max-width: 1204px) 100vw, 1204px\" \/><\/p>\n<p>Und das Foto des Tages? Eines zeig\u02cb ich:<\/p>\n<p><img loading=\"lazy\" decoding=\"async\" class=\"alignnone size-full wp-image-2903\" src=\"http:\/\/jessel.de\/365-tage-sylt\/wp-content\/uploads\/2017\/10\/ED4E9C9D-C289-47D9-B6E8-C6768E0F1EF2.jpeg\" alt=\"\" width=\"1204\" height=\"800\" srcset=\"https:\/\/jessel.de\/365-tage-sylt\/wp-content\/uploads\/2017\/10\/ED4E9C9D-C289-47D9-B6E8-C6768E0F1EF2.jpeg 1204w, https:\/\/jessel.de\/365-tage-sylt\/wp-content\/uploads\/2017\/10\/ED4E9C9D-C289-47D9-B6E8-C6768E0F1EF2-300x199.jpeg 300w, https:\/\/jessel.de\/365-tage-sylt\/wp-content\/uploads\/2017\/10\/ED4E9C9D-C289-47D9-B6E8-C6768E0F1EF2-768x510.jpeg 768w, https:\/\/jessel.de\/365-tage-sylt\/wp-content\/uploads\/2017\/10\/ED4E9C9D-C289-47D9-B6E8-C6768E0F1EF2-1024x680.jpeg 1024w\" sizes=\"auto, (max-width: 1204px) 100vw, 1204px\" \/><\/p>\n<p>Einen Surrealen Gesellen, w\u00fcrde ich das mal nennen.<\/p>\n<p>&nbsp;<\/p>\n","protected":false},"excerpt":{"rendered":"<p>Seit einer Woche bewegt der Hurricane Ophelia die Gem\u00fcter aller Wetter-Interessierten. Von der Karibik kommend, zog dieser zwischen den Azoren und Madeira \u00fcber den Atlantik, bog dann nach Norden um &#8211; und erreichte gestern Irland. Die milden Luftmassen der vergangenen Tage, der ausgepr\u00e4gte Dunst (Ursachen: W\u00fcstenstaub, Waldbr\u00e4nde in Portugal, dazu eine Inversionswetterlage) haben wir alle diesem Wetterph\u00e4nomen zu verdanken&#8230; nun kriegen wir kurz nochmal einen kleinen Kaltlufteinbruch serviert, verbunden mit&hellip;<\/p>\n","protected":false},"author":2,"featured_media":2902,"comment_status":"open","ping_status":"open","sticky":false,"template":"","format":"standard","meta":{"footnotes":""},"categories":[27,24,48,25,3,35,4,2],"tags":[],"class_list":["post-2897","post","type-post","status-publish","format-standard","has-post-thumbnail","hentry","category-alle-bilder","category-duenen","category-herbst","category-kampen","category-menschen","category-schlechtes-wetter","category-spuren","category-tourismus"],"jetpack_featured_media_url":"https:\/\/jessel.de\/365-tage-sylt\/wp-content\/uploads\/2017\/10\/58DE1147-E4FA-4E53-BD17-85B19BDC3B56.jpeg","_links":{"self":[{"href":"https:\/\/jessel.de\/365-tage-sylt\/wp-json\/wp\/v2\/posts\/2897","targetHints":{"allow":["GET"]}}],"collection":[{"href":"https:\/\/jessel.de\/365-tage-sylt\/wp-json\/wp\/v2\/posts"}],"about":[{"href":"https:\/\/jessel.de\/365-tage-sylt\/wp-json\/wp\/v2\/types\/post"}],"author":[{"embeddable":true,"href":"https:\/\/jessel.de\/365-tage-sylt\/wp-json\/wp\/v2\/users\/2"}],"replies":[{"embeddable":true,"href":"https:\/\/jessel.de\/365-tage-sylt\/wp-json\/wp\/v2\/comments?post=2897"}],"version-history":[{"count":4,"href":"https:\/\/jessel.de\/365-tage-sylt\/wp-json\/wp\/v2\/posts\/2897\/revisions"}],"predecessor-version":[{"id":2907,"href":"https:\/\/jessel.de\/365-tage-sylt\/wp-json\/wp\/v2\/posts\/2897\/revisions\/2907"}],"wp:featuredmedia":[{"embeddable":true,"href":"https:\/\/jessel.de\/365-tage-sylt\/wp-json\/wp\/v2\/media\/2902"}],"wp:attachment":[{"href":"https:\/\/jessel.de\/365-tage-sylt\/wp-json\/wp\/v2\/media?parent=2897"}],"wp:term":[{"taxonomy":"category","embeddable":true,"href":"https:\/\/jessel.de\/365-tage-sylt\/wp-json\/wp\/v2\/categories?post=2897"},{"taxonomy":"post_tag","embeddable":true,"href":"https:\/\/jessel.de\/365-tage-sylt\/wp-json\/wp\/v2\/tags?post=2897"}],"curies":[{"name":"wp","href":"https:\/\/api.w.org\/{rel}","templated":true}]}}