{"id":2993,"date":"2017-10-26T20:07:56","date_gmt":"2017-10-26T20:07:56","guid":{"rendered":"http:\/\/jessel.de\/365-tage-sylt\/?p=2993"},"modified":"2017-10-26T20:24:52","modified_gmt":"2017-10-26T20:24:52","slug":"ein-abend-auf-der-westerlaender-promenade","status":"publish","type":"post","link":"https:\/\/jessel.de\/365-tage-sylt\/ein-abend-auf-der-westerlaender-promenade\/","title":{"rendered":"Ein Abend auf der Westerl\u00e4nder Promenade"},"content":{"rendered":"<p>Das Wetter m\u00f6chte mir Streiche spielen diese Tage. Morgens bedeckt, mittags fast sonnig, dann wieder alles dicht.<\/p>\n<p>Fr\u00fcher, in fotoanalogen Zeiten, h\u00e4tte mich das gef\u00e4llt. Heute, mit digitaler Technik, ist mieses Wetter &#8211; fast &#8211; kein Problem mehr. Ich gehe gegen 18 Uhr auf die Promenade und schaue mich mal um:<\/p>\n<p><img loading=\"lazy\" decoding=\"async\" class=\"alignnone size-full wp-image-2995\" src=\"http:\/\/jessel.de\/365-tage-sylt\/wp-content\/uploads\/2017\/10\/C26AA3C0-C9C3-4376-AE0D-C5F175B8C0A3.jpeg\" alt=\"\" width=\"2004\" height=\"800\" srcset=\"https:\/\/jessel.de\/365-tage-sylt\/wp-content\/uploads\/2017\/10\/C26AA3C0-C9C3-4376-AE0D-C5F175B8C0A3.jpeg 2004w, https:\/\/jessel.de\/365-tage-sylt\/wp-content\/uploads\/2017\/10\/C26AA3C0-C9C3-4376-AE0D-C5F175B8C0A3-300x120.jpeg 300w, https:\/\/jessel.de\/365-tage-sylt\/wp-content\/uploads\/2017\/10\/C26AA3C0-C9C3-4376-AE0D-C5F175B8C0A3-768x307.jpeg 768w, https:\/\/jessel.de\/365-tage-sylt\/wp-content\/uploads\/2017\/10\/C26AA3C0-C9C3-4376-AE0D-C5F175B8C0A3-1024x409.jpeg 1024w\" sizes=\"auto, (max-width: 2004px) 100vw, 2004px\" \/><\/p>\n<p>Die Touri-Saison geht zu Ende, die Bau &#8211; Saison beginnt (links im Bild). Im mittleren Block des \u201eKurzentrums\u201c wurden bereits Bauger\u00fcste hoch gezogen, w\u00e4hrend die B\u00e4nke auf den Stufen vor der Musikmuschel schon im Winterlager weilen&#8230;<\/p>\n<p>Ein kurzer Blick in die abendliche Friedrichstrasse:<\/p>\n<p><img loading=\"lazy\" decoding=\"async\" class=\"alignnone size-full wp-image-2996\" src=\"http:\/\/jessel.de\/365-tage-sylt\/wp-content\/uploads\/2017\/10\/25E11A27-E0A4-45B2-9738-A16A4B99BD77.jpeg\" alt=\"\" width=\"1334\" height=\"800\" srcset=\"https:\/\/jessel.de\/365-tage-sylt\/wp-content\/uploads\/2017\/10\/25E11A27-E0A4-45B2-9738-A16A4B99BD77.jpeg 1334w, https:\/\/jessel.de\/365-tage-sylt\/wp-content\/uploads\/2017\/10\/25E11A27-E0A4-45B2-9738-A16A4B99BD77-300x180.jpeg 300w, https:\/\/jessel.de\/365-tage-sylt\/wp-content\/uploads\/2017\/10\/25E11A27-E0A4-45B2-9738-A16A4B99BD77-768x461.jpeg 768w, https:\/\/jessel.de\/365-tage-sylt\/wp-content\/uploads\/2017\/10\/25E11A27-E0A4-45B2-9738-A16A4B99BD77-1024x614.jpeg 1024w\" sizes=\"auto, (max-width: 1334px) 100vw, 1334px\" \/><\/p>\n<p>Das Meer macht Einen auf l\u00e4ssig:<\/p>\n<p><img loading=\"lazy\" decoding=\"async\" class=\"alignnone size-full wp-image-2994\" src=\"http:\/\/jessel.de\/365-tage-sylt\/wp-content\/uploads\/2017\/10\/F373FCD4-89AA-48AA-8F1D-876F28996108.jpeg\" alt=\"\" width=\"1204\" height=\"800\" srcset=\"https:\/\/jessel.de\/365-tage-sylt\/wp-content\/uploads\/2017\/10\/F373FCD4-89AA-48AA-8F1D-876F28996108.jpeg 1204w, https:\/\/jessel.de\/365-tage-sylt\/wp-content\/uploads\/2017\/10\/F373FCD4-89AA-48AA-8F1D-876F28996108-300x199.jpeg 300w, https:\/\/jessel.de\/365-tage-sylt\/wp-content\/uploads\/2017\/10\/F373FCD4-89AA-48AA-8F1D-876F28996108-768x510.jpeg 768w, https:\/\/jessel.de\/365-tage-sylt\/wp-content\/uploads\/2017\/10\/F373FCD4-89AA-48AA-8F1D-876F28996108-1024x680.jpeg 1024w\" sizes=\"auto, (max-width: 1204px) 100vw, 1204px\" \/><\/p>\n<p>F\u00fcrs Wochenende sind bis 10 Windst\u00e4rken angek\u00fcndigt, am Sonntag aus n\u00f6rdlicher(!) Richtung. Das ist wirklich selten, und ich bin gespannt drauf&#8230; und habe verschiedene Locations in petto, wo ich &#8211; zur rechten Zeit &#8211; mal vorbei schauen werde.<\/p>\n<p>Sieht jetzt schon gut aus, finde ich:<\/p>\n<p><img loading=\"lazy\" decoding=\"async\" class=\"alignnone size-full wp-image-2998\" src=\"http:\/\/jessel.de\/365-tage-sylt\/wp-content\/uploads\/2017\/10\/16E97589-EBE5-40E1-A03C-5502782A7F7D.jpeg\" alt=\"\" width=\"1204\" height=\"800\" srcset=\"https:\/\/jessel.de\/365-tage-sylt\/wp-content\/uploads\/2017\/10\/16E97589-EBE5-40E1-A03C-5502782A7F7D.jpeg 1204w, https:\/\/jessel.de\/365-tage-sylt\/wp-content\/uploads\/2017\/10\/16E97589-EBE5-40E1-A03C-5502782A7F7D-300x199.jpeg 300w, https:\/\/jessel.de\/365-tage-sylt\/wp-content\/uploads\/2017\/10\/16E97589-EBE5-40E1-A03C-5502782A7F7D-768x510.jpeg 768w, https:\/\/jessel.de\/365-tage-sylt\/wp-content\/uploads\/2017\/10\/16E97589-EBE5-40E1-A03C-5502782A7F7D-1024x680.jpeg 1024w\" sizes=\"auto, (max-width: 1204px) 100vw, 1204px\" \/><\/p>\n","protected":false},"excerpt":{"rendered":"<p>Das Wetter m\u00f6chte mir Streiche spielen diese Tage. Morgens bedeckt, mittags fast sonnig, dann wieder alles dicht. Fr\u00fcher, in fotoanalogen Zeiten, h\u00e4tte mich das gef\u00e4llt. Heute, mit digitaler Technik, ist mieses Wetter &#8211; fast &#8211; kein Problem mehr. Ich gehe gegen 18 Uhr auf die Promenade und schaue mich mal um: Die Touri-Saison geht zu Ende, die Bau &#8211; Saison beginnt (links im Bild). Im mittleren Block des \u201eKurzentrums\u201c wurden&hellip;<\/p>\n","protected":false},"author":2,"featured_media":2997,"comment_status":"open","ping_status":"open","sticky":false,"template":"","format":"standard","meta":{"footnotes":""},"categories":[27,28,48,35,26,2,30,7],"tags":[],"class_list":["post-2993","post","type-post","status-publish","format-standard","has-post-thumbnail","hentry","category-alle-bilder","category-haeuser","category-herbst","category-schlechtes-wetter","category-strand","category-tourismus","category-tradition","category-westerland"],"jetpack_featured_media_url":"https:\/\/jessel.de\/365-tage-sylt\/wp-content\/uploads\/2017\/10\/DBECF085-8A5F-43AC-B2A7-8224F4678F15.jpeg","_links":{"self":[{"href":"https:\/\/jessel.de\/365-tage-sylt\/wp-json\/wp\/v2\/posts\/2993","targetHints":{"allow":["GET"]}}],"collection":[{"href":"https:\/\/jessel.de\/365-tage-sylt\/wp-json\/wp\/v2\/posts"}],"about":[{"href":"https:\/\/jessel.de\/365-tage-sylt\/wp-json\/wp\/v2\/types\/post"}],"author":[{"embeddable":true,"href":"https:\/\/jessel.de\/365-tage-sylt\/wp-json\/wp\/v2\/users\/2"}],"replies":[{"embeddable":true,"href":"https:\/\/jessel.de\/365-tage-sylt\/wp-json\/wp\/v2\/comments?post=2993"}],"version-history":[{"count":3,"href":"https:\/\/jessel.de\/365-tage-sylt\/wp-json\/wp\/v2\/posts\/2993\/revisions"}],"predecessor-version":[{"id":3001,"href":"https:\/\/jessel.de\/365-tage-sylt\/wp-json\/wp\/v2\/posts\/2993\/revisions\/3001"}],"wp:featuredmedia":[{"embeddable":true,"href":"https:\/\/jessel.de\/365-tage-sylt\/wp-json\/wp\/v2\/media\/2997"}],"wp:attachment":[{"href":"https:\/\/jessel.de\/365-tage-sylt\/wp-json\/wp\/v2\/media?parent=2993"}],"wp:term":[{"taxonomy":"category","embeddable":true,"href":"https:\/\/jessel.de\/365-tage-sylt\/wp-json\/wp\/v2\/categories?post=2993"},{"taxonomy":"post_tag","embeddable":true,"href":"https:\/\/jessel.de\/365-tage-sylt\/wp-json\/wp\/v2\/tags?post=2993"}],"curies":[{"name":"wp","href":"https:\/\/api.w.org\/{rel}","templated":true}]}}