{"id":3013,"date":"2017-10-28T15:04:50","date_gmt":"2017-10-28T15:04:50","guid":{"rendered":"http:\/\/jessel.de\/365-tage-sylt\/?p=3013"},"modified":"2017-10-28T15:51:05","modified_gmt":"2017-10-28T15:51:05","slug":"bitte-jetzt-nicht-auch-noch-klimawandel","status":"publish","type":"post","link":"https:\/\/jessel.de\/365-tage-sylt\/bitte-jetzt-nicht-auch-noch-klimawandel\/","title":{"rendered":"28. Oktober: Bitte jetzt nicht auch noch Klimawandel!"},"content":{"rendered":"<p>Morgens gegen 4 Uhr f\u00e4ngt es an zu pfeifen. Ich kenne dieses atmosph\u00e4rische Ger\u00e4usch seit fr\u00fchester Kindheit, genauer gesagt seit der 1962er Februar-Sturmflut: Es entsteht bei Windst\u00e4rken ab 9 Beaufort und deutet darauf hin, dass es interessant wird. Bereits als 6-J\u00e4hriger empfand ich das Heulen des Windes als ein Aufbegehren der Elemente, als wollten diese den Menschen kraftvoll signalisieren, dass sie schlie\u00dflich auch noch da seien &#8211; bei jeglichen Planungen jedoch nur mangelhaft ber\u00fccksichtigt wurden.<\/p>\n<p>Nun ist es wieder soweit: Der dritte Herbststurm dieses Jahres k\u00fcndigt sich an &#8211; und die Adrenalindosis, die mir ab jetzt den Schlaf raubt, w\u00fcrde ne ganze Schafherde fr\u00f6hlich herumtanzen lassen. Das war 1962 so, als ich n\u00e4chtens aus meinem Schlafzimmer mit bangem Blick das Wasser durch die Friesische Strasse flie\u00dfen sah &#8211; und es ist heute kein St\u00fcck anders, sobald ich dieses Pfeifen des Windes h\u00f6re. \u00a0Ein aufkommender Sturm verwandelt mich in einen ehrf\u00fcrchtig und mit Demut staunenden Aficionado dieser elementaren Kr\u00e4fte, die letztlich der Landschaft der Insel ihr heutiges faszinierendes Antlitz verpasst haben, vom N\u00f6ssekoog mal abgesehen.<\/p>\n<p>Im Halbdunkel absolviere ich meinen Fr\u00fchsport am Strand gegen eine Wand von Wind &#8211; herrlich!<\/p>\n<p><img loading=\"lazy\" decoding=\"async\" class=\"alignnone size-full wp-image-3014\" src=\"http:\/\/jessel.de\/365-tage-sylt\/wp-content\/uploads\/2017\/10\/C0BD9584-D7D8-4995-828D-F26BE6AAE2FF.jpeg\" alt=\"\" width=\"1202\" height=\"800\" srcset=\"https:\/\/jessel.de\/365-tage-sylt\/wp-content\/uploads\/2017\/10\/C0BD9584-D7D8-4995-828D-F26BE6AAE2FF.jpeg 1202w, https:\/\/jessel.de\/365-tage-sylt\/wp-content\/uploads\/2017\/10\/C0BD9584-D7D8-4995-828D-F26BE6AAE2FF-300x200.jpeg 300w, https:\/\/jessel.de\/365-tage-sylt\/wp-content\/uploads\/2017\/10\/C0BD9584-D7D8-4995-828D-F26BE6AAE2FF-768x511.jpeg 768w, https:\/\/jessel.de\/365-tage-sylt\/wp-content\/uploads\/2017\/10\/C0BD9584-D7D8-4995-828D-F26BE6AAE2FF-1024x682.jpeg 1024w\" sizes=\"auto, (max-width: 1202px) 100vw, 1202px\" \/><\/p>\n<p>Windig heute, gell?<\/p>\n<p>Am sp\u00e4teren Vormittag spaziere ich \u00fcber die Promenade und gerate in diesen Bade &#8211; Flashmob (s. Titelbild), so will ich ich die Aktion mal nennen. Wasser- und Lufttemperatur liegen bei 13 Grad. Why not!?<\/p>\n<p>Die Promenade ist schwarz von Menschen. Wie an einem Sch\u00f6nwetter-Abend im Juli. Nun im Mantel-\/Schal- und Pudelm\u00fctzen &#8211; Look:<\/p>\n<p><img loading=\"lazy\" decoding=\"async\" class=\"alignnone size-full wp-image-3015\" src=\"http:\/\/jessel.de\/365-tage-sylt\/wp-content\/uploads\/2017\/10\/52762B76-D64D-4B96-BC19-B42299EEB188.jpeg\" alt=\"\" width=\"1200\" height=\"800\" srcset=\"https:\/\/jessel.de\/365-tage-sylt\/wp-content\/uploads\/2017\/10\/52762B76-D64D-4B96-BC19-B42299EEB188.jpeg 1200w, https:\/\/jessel.de\/365-tage-sylt\/wp-content\/uploads\/2017\/10\/52762B76-D64D-4B96-BC19-B42299EEB188-300x200.jpeg 300w, https:\/\/jessel.de\/365-tage-sylt\/wp-content\/uploads\/2017\/10\/52762B76-D64D-4B96-BC19-B42299EEB188-768x512.jpeg 768w, https:\/\/jessel.de\/365-tage-sylt\/wp-content\/uploads\/2017\/10\/52762B76-D64D-4B96-BC19-B42299EEB188-1024x683.jpeg 1024w\" sizes=\"auto, (max-width: 1200px) 100vw, 1200px\" \/><\/p>\n<p>Ich entwickel\u02cb Ideen f\u00fcr Fotos, die ich am Nachmittag machen m\u00f6chte, bei st\u00e4rkerem Wind und auflaufender Flut. Dazu kommt es aber nicht, denn wirklich mieses Licht, zwischenzeitlich leicht abflauender Wind und ausreichend \u201eliquid sunshine\u201c \u00fcberzeugen mich, bis morgen zu warten. Das Windmaximum ist mit Orkanb\u00f6en von 130 km\/h angek\u00fcndigt f\u00fcr die Morgend\u00e4mmerung &#8211; zusammen mit dem Hochwasser&#8230; und der Chance auf nachfolgende Sonnenstrahlen. DAS wird eine unruhige Nacht!<\/p>\n<p>Beim nach Hause gehen werde ich noch dran erinnert, dass bald \u201eHalloween\u201c ist:<\/p>\n<p><img loading=\"lazy\" decoding=\"async\" class=\"alignnone size-full wp-image-3017\" src=\"http:\/\/jessel.de\/365-tage-sylt\/wp-content\/uploads\/2017\/10\/DB604FB0-A71B-4EB6-BE3C-A714DB61505E.jpeg\" alt=\"\" width=\"1202\" height=\"800\" srcset=\"https:\/\/jessel.de\/365-tage-sylt\/wp-content\/uploads\/2017\/10\/DB604FB0-A71B-4EB6-BE3C-A714DB61505E.jpeg 1202w, https:\/\/jessel.de\/365-tage-sylt\/wp-content\/uploads\/2017\/10\/DB604FB0-A71B-4EB6-BE3C-A714DB61505E-300x200.jpeg 300w, https:\/\/jessel.de\/365-tage-sylt\/wp-content\/uploads\/2017\/10\/DB604FB0-A71B-4EB6-BE3C-A714DB61505E-768x511.jpeg 768w, https:\/\/jessel.de\/365-tage-sylt\/wp-content\/uploads\/2017\/10\/DB604FB0-A71B-4EB6-BE3C-A714DB61505E-1024x682.jpeg 1024w\" sizes=\"auto, (max-width: 1202px) 100vw, 1202px\" \/><\/p>\n<p>&nbsp;<\/p>\n","protected":false},"excerpt":{"rendered":"<p>Morgens gegen 4 Uhr f\u00e4ngt es an zu pfeifen. Ich kenne dieses atmosph\u00e4rische Ger\u00e4usch seit fr\u00fchester Kindheit, genauer gesagt seit der 1962er Februar-Sturmflut: Es entsteht bei Windst\u00e4rken ab 9 Beaufort und deutet darauf hin, dass es interessant wird. Bereits als 6-J\u00e4hriger empfand ich das Heulen des Windes als ein Aufbegehren der Elemente, als wollten diese den Menschen kraftvoll signalisieren, dass sie schlie\u00dflich auch noch da seien &#8211; bei jeglichen Planungen&hellip;<\/p>\n","protected":false},"author":2,"featured_media":3016,"comment_status":"open","ping_status":"open","sticky":false,"template":"","format":"standard","meta":{"footnotes":""},"categories":[27,37,48,3,35,4,26,2,7],"tags":[],"class_list":["post-3013","post","type-post","status-publish","format-standard","has-post-thumbnail","hentry","category-alle-bilder","category-buhne","category-herbst","category-menschen","category-schlechtes-wetter","category-spuren","category-strand","category-tourismus","category-westerland"],"jetpack_featured_media_url":"https:\/\/jessel.de\/365-tage-sylt\/wp-content\/uploads\/2017\/10\/9506AC9F-7294-4BE9-B8C0-507640F2B866.jpeg","_links":{"self":[{"href":"https:\/\/jessel.de\/365-tage-sylt\/wp-json\/wp\/v2\/posts\/3013","targetHints":{"allow":["GET"]}}],"collection":[{"href":"https:\/\/jessel.de\/365-tage-sylt\/wp-json\/wp\/v2\/posts"}],"about":[{"href":"https:\/\/jessel.de\/365-tage-sylt\/wp-json\/wp\/v2\/types\/post"}],"author":[{"embeddable":true,"href":"https:\/\/jessel.de\/365-tage-sylt\/wp-json\/wp\/v2\/users\/2"}],"replies":[{"embeddable":true,"href":"https:\/\/jessel.de\/365-tage-sylt\/wp-json\/wp\/v2\/comments?post=3013"}],"version-history":[{"count":3,"href":"https:\/\/jessel.de\/365-tage-sylt\/wp-json\/wp\/v2\/posts\/3013\/revisions"}],"predecessor-version":[{"id":3020,"href":"https:\/\/jessel.de\/365-tage-sylt\/wp-json\/wp\/v2\/posts\/3013\/revisions\/3020"}],"wp:featuredmedia":[{"embeddable":true,"href":"https:\/\/jessel.de\/365-tage-sylt\/wp-json\/wp\/v2\/media\/3016"}],"wp:attachment":[{"href":"https:\/\/jessel.de\/365-tage-sylt\/wp-json\/wp\/v2\/media?parent=3013"}],"wp:term":[{"taxonomy":"category","embeddable":true,"href":"https:\/\/jessel.de\/365-tage-sylt\/wp-json\/wp\/v2\/categories?post=3013"},{"taxonomy":"post_tag","embeddable":true,"href":"https:\/\/jessel.de\/365-tage-sylt\/wp-json\/wp\/v2\/tags?post=3013"}],"curies":[{"name":"wp","href":"https:\/\/api.w.org\/{rel}","templated":true}]}}