{"id":3021,"date":"2017-10-29T15:56:14","date_gmt":"2017-10-29T15:56:14","guid":{"rendered":"http:\/\/jessel.de\/365-tage-sylt\/?p=3021"},"modified":"2017-10-29T17:15:33","modified_gmt":"2017-10-29T17:15:33","slug":"der-sturm","status":"publish","type":"post","link":"https:\/\/jessel.de\/365-tage-sylt\/der-sturm\/","title":{"rendered":"Der Sturm"},"content":{"rendered":"<p>Die Nacht ist ein einziger Fiebertraum. Ich treibe auf einem f\u00fchrerlosen Schiff \u00fcber einen sturmgepeitschten Ozean. Es liegt quer zur Wellenrichtung, aus dem Rumpf h\u00f6re ich das St\u00f6hnen und \u00c4chzen des Schiffsleibes bei jedem Anbranden der gewaltigen Wasserberge, die den Kahn mit leichter Hand auf ihren schaumgekr\u00f6nten Kamm tragen, um ihn dann wie einen weggeworfenen Knochen ins n\u00e4chste Tal hinab zu schleudern. Mir ist schlecht, das zus\u00e4tzliche Schlingern verwirrt meine Sinne, als ich durch das Dunkel der Nacht das Grauen kommen sehe: Eine gigantische Welle, die mein sterbendes Schiff mit derart brachialer Wucht in die H\u00f6he reisst, dass der gesamte Inhalt des Komb\u00fcsenschrankes, Teller, Pfannen, Bestecke, Gl\u00e4ser und diverses mehr, mit lauten Geschepper auf den Metallboden schl\u00e4gt, um im n\u00e4chsten Moment, als das Schiff in den tiefen Schlund des n\u00e4chsten Wellentales st\u00fcrzt, vor meinen Augen an die Decke fliegt, w\u00e4hrend das alles &#8211; mit mir &#8211; im freien Fall auf das Ende zusteuert.<\/p>\n<p>Mit zappelnden Armen, einen Hilfeschrei auf den Lippen, erwache ich in meinem Bett, und h\u00f6re noch den gro\u00dfen Deckel unserer Regenwassertonne im Garten gegen das Gartenhaus schlagen. Das Haus erbebt unter dem Anbranden einer Windb\u00f6e von 146 Stundenkilometern, es scheint mir, als w\u00fcrde es angehoben, um im n\u00e4chsten Moment mit einem ersch\u00fctternden Krachen auf seine Grundfeste zur\u00fcck geworfen zu werden. Verdammte Axt!<\/p>\n<p>Ich springe auf und realisiere erst jetzt, dass ich tats\u00e4chlich eingeschlafen war, nachdem ich bis fast 3 Uhr in der Fr\u00fch aufgrund des br\u00fcllenden Sturmes kein Auge schlie\u00dfen konnte. Die Nacht ist beendet.<\/p>\n<p>Noch in der D\u00e4mmerung k\u00e4mpfe ich mich gegen das Natur-Inferno an den Strand\u00fcbergang Brandenburger Strasse, um das \u00fcberkochende Meer zu sehen. Die maximalen Windgeschwindigkeiten erreichte der Orkan, wie so h\u00e4ufig, unmittelbar vor dem Hochwasser &#8211; und dieses liegt jetzt kaum eine Stunde zur\u00fcck. Mit der einsetzenden R\u00fcckfront ist der Wind auf Nordwest gesprungen, und die Wolkendecke zeigt erste L\u00fccken. Diese Situation zeigt das heutige Titel-Panorama.<\/p>\n<p>Ich laufe, vom R\u00fcckenwind getrieben, Richtung S\u00fcden. Hunderte von Tonnen Sand hat der Sturm vom Strand auf die Promenade verfrachtet:<\/p>\n<p><img loading=\"lazy\" decoding=\"async\" class=\"alignnone size-full wp-image-3023\" src=\"http:\/\/jessel.de\/365-tage-sylt\/wp-content\/uploads\/2017\/10\/2499A00C-8099-4CC6-AD52-D7C0E15FC96F.jpeg\" alt=\"\" width=\"1725\" height=\"800\" srcset=\"https:\/\/jessel.de\/365-tage-sylt\/wp-content\/uploads\/2017\/10\/2499A00C-8099-4CC6-AD52-D7C0E15FC96F.jpeg 1725w, https:\/\/jessel.de\/365-tage-sylt\/wp-content\/uploads\/2017\/10\/2499A00C-8099-4CC6-AD52-D7C0E15FC96F-300x139.jpeg 300w, https:\/\/jessel.de\/365-tage-sylt\/wp-content\/uploads\/2017\/10\/2499A00C-8099-4CC6-AD52-D7C0E15FC96F-768x356.jpeg 768w, https:\/\/jessel.de\/365-tage-sylt\/wp-content\/uploads\/2017\/10\/2499A00C-8099-4CC6-AD52-D7C0E15FC96F-1024x475.jpeg 1024w\" sizes=\"auto, (max-width: 1725px) 100vw, 1725px\" \/><\/p>\n<p>Die letzten Strandk\u00f6rbe hatten eine harte Nacht:<\/p>\n<p><img loading=\"lazy\" decoding=\"async\" class=\"alignnone size-full wp-image-3024\" src=\"http:\/\/jessel.de\/365-tage-sylt\/wp-content\/uploads\/2017\/10\/D57B21D1-63E3-443D-A69E-FBA6630D94A8.jpeg\" alt=\"\" width=\"1202\" height=\"800\" srcset=\"https:\/\/jessel.de\/365-tage-sylt\/wp-content\/uploads\/2017\/10\/D57B21D1-63E3-443D-A69E-FBA6630D94A8.jpeg 1202w, https:\/\/jessel.de\/365-tage-sylt\/wp-content\/uploads\/2017\/10\/D57B21D1-63E3-443D-A69E-FBA6630D94A8-300x200.jpeg 300w, https:\/\/jessel.de\/365-tage-sylt\/wp-content\/uploads\/2017\/10\/D57B21D1-63E3-443D-A69E-FBA6630D94A8-768x511.jpeg 768w, https:\/\/jessel.de\/365-tage-sylt\/wp-content\/uploads\/2017\/10\/D57B21D1-63E3-443D-A69E-FBA6630D94A8-1024x682.jpeg 1024w\" sizes=\"auto, (max-width: 1202px) 100vw, 1202px\" \/><\/p>\n<p>Die Luft in geschw\u00e4ngert von Salz und Sand:<\/p>\n<p><img loading=\"lazy\" decoding=\"async\" class=\"alignnone size-full wp-image-3025\" src=\"http:\/\/jessel.de\/365-tage-sylt\/wp-content\/uploads\/2017\/10\/8B4D87D9-1536-4834-AA2A-E5D643624EFD.jpeg\" alt=\"\" width=\"1551\" height=\"800\" srcset=\"https:\/\/jessel.de\/365-tage-sylt\/wp-content\/uploads\/2017\/10\/8B4D87D9-1536-4834-AA2A-E5D643624EFD.jpeg 1551w, https:\/\/jessel.de\/365-tage-sylt\/wp-content\/uploads\/2017\/10\/8B4D87D9-1536-4834-AA2A-E5D643624EFD-300x155.jpeg 300w, https:\/\/jessel.de\/365-tage-sylt\/wp-content\/uploads\/2017\/10\/8B4D87D9-1536-4834-AA2A-E5D643624EFD-768x396.jpeg 768w, https:\/\/jessel.de\/365-tage-sylt\/wp-content\/uploads\/2017\/10\/8B4D87D9-1536-4834-AA2A-E5D643624EFD-1024x528.jpeg 1024w\" sizes=\"auto, (max-width: 1551px) 100vw, 1551px\" \/><\/p>\n<p>Den sch\u00f6nsten Moment zaubern die Elemente beim ersten Durchbrechen der Sonne. Ein wunderbar mildes Licht erhellt die heran brandenden Wellenkaskaden:<\/p>\n<p><img loading=\"lazy\" decoding=\"async\" class=\"alignnone size-full wp-image-3027\" src=\"http:\/\/jessel.de\/365-tage-sylt\/wp-content\/uploads\/2017\/10\/F94BE146-E10A-4950-A450-D9427E467363.jpeg\" alt=\"\" width=\"1628\" height=\"800\" srcset=\"https:\/\/jessel.de\/365-tage-sylt\/wp-content\/uploads\/2017\/10\/F94BE146-E10A-4950-A450-D9427E467363.jpeg 1628w, https:\/\/jessel.de\/365-tage-sylt\/wp-content\/uploads\/2017\/10\/F94BE146-E10A-4950-A450-D9427E467363-300x147.jpeg 300w, https:\/\/jessel.de\/365-tage-sylt\/wp-content\/uploads\/2017\/10\/F94BE146-E10A-4950-A450-D9427E467363-768x377.jpeg 768w, https:\/\/jessel.de\/365-tage-sylt\/wp-content\/uploads\/2017\/10\/F94BE146-E10A-4950-A450-D9427E467363-1024x503.jpeg 1024w\" sizes=\"auto, (max-width: 1628px) 100vw, 1628px\" \/><\/p>\n<p>Wenn ich gefragt werde, was f\u00fcr mich die tiefst empfundenen Gef\u00fchle f\u00fcr meine Heimatinsel waren bzw. sind, dann sind das die Stimmungen in direktem Angesicht dieser \u00fcber alle Ma\u00dfen kraftstrotzenden Natur, die mich seit nunmehr 55 Jahren, als die Februarsturmflut 1962 \u00fcber die Insel herein brach, immer wieder in einen kompletten Bann zu ziehen vermochten. So auch an diesem wahrlich atemberaubenden Morgen, der noch ne Menge weitere Fotos gebracht hat &#8211; die zeige ich morgen oder \u00fcbermorgen, je nach Wetterlage.<\/p>\n","protected":false},"excerpt":{"rendered":"<p>Die Nacht ist ein einziger Fiebertraum. Ich treibe auf einem f\u00fchrerlosen Schiff \u00fcber einen sturmgepeitschten Ozean. Es liegt quer zur Wellenrichtung, aus dem Rumpf h\u00f6re ich das St\u00f6hnen und \u00c4chzen des Schiffsleibes bei jedem Anbranden der gewaltigen Wasserberge, die den Kahn mit leichter Hand auf ihren schaumgekr\u00f6nten Kamm tragen, um ihn dann wie einen weggeworfenen Knochen ins n\u00e4chste Tal hinab zu schleudern. Mir ist schlecht, das zus\u00e4tzliche Schlingern verwirrt meine&hellip;<\/p>\n","protected":false},"author":2,"featured_media":3032,"comment_status":"open","ping_status":"open","sticky":false,"template":"","format":"standard","meta":{"footnotes":""},"categories":[27,48,3,35,49,7],"tags":[],"class_list":["post-3021","post","type-post","status-publish","format-standard","has-post-thumbnail","hentry","category-alle-bilder","category-herbst","category-menschen","category-schlechtes-wetter","category-sturm","category-westerland"],"jetpack_featured_media_url":"https:\/\/jessel.de\/365-tage-sylt\/wp-content\/uploads\/2017\/10\/9E3960BC-EFB8-4CCA-A011-573E7E9132F8.jpeg","_links":{"self":[{"href":"https:\/\/jessel.de\/365-tage-sylt\/wp-json\/wp\/v2\/posts\/3021","targetHints":{"allow":["GET"]}}],"collection":[{"href":"https:\/\/jessel.de\/365-tage-sylt\/wp-json\/wp\/v2\/posts"}],"about":[{"href":"https:\/\/jessel.de\/365-tage-sylt\/wp-json\/wp\/v2\/types\/post"}],"author":[{"embeddable":true,"href":"https:\/\/jessel.de\/365-tage-sylt\/wp-json\/wp\/v2\/users\/2"}],"replies":[{"embeddable":true,"href":"https:\/\/jessel.de\/365-tage-sylt\/wp-json\/wp\/v2\/comments?post=3021"}],"version-history":[{"count":5,"href":"https:\/\/jessel.de\/365-tage-sylt\/wp-json\/wp\/v2\/posts\/3021\/revisions"}],"predecessor-version":[{"id":3037,"href":"https:\/\/jessel.de\/365-tage-sylt\/wp-json\/wp\/v2\/posts\/3021\/revisions\/3037"}],"wp:featuredmedia":[{"embeddable":true,"href":"https:\/\/jessel.de\/365-tage-sylt\/wp-json\/wp\/v2\/media\/3032"}],"wp:attachment":[{"href":"https:\/\/jessel.de\/365-tage-sylt\/wp-json\/wp\/v2\/media?parent=3021"}],"wp:term":[{"taxonomy":"category","embeddable":true,"href":"https:\/\/jessel.de\/365-tage-sylt\/wp-json\/wp\/v2\/categories?post=3021"},{"taxonomy":"post_tag","embeddable":true,"href":"https:\/\/jessel.de\/365-tage-sylt\/wp-json\/wp\/v2\/tags?post=3021"}],"curies":[{"name":"wp","href":"https:\/\/api.w.org\/{rel}","templated":true}]}}