{"id":3038,"date":"2017-10-30T17:40:32","date_gmt":"2017-10-30T17:40:32","guid":{"rendered":"http:\/\/jessel.de\/365-tage-sylt\/?p=3038"},"modified":"2017-10-30T18:03:33","modified_gmt":"2017-10-30T18:03:33","slug":"sturm-nachlese","status":"publish","type":"post","link":"https:\/\/jessel.de\/365-tage-sylt\/sturm-nachlese\/","title":{"rendered":"Sturm &#8211; Nachlese"},"content":{"rendered":"<p>Das war gestern bereits der dritte Herbststurm in diesem Jahr. Mit Rekord-Windb\u00f6en zwischen 135 und 146 Stundenkilometern. Sogar die Strandkorbvermietung am Zentralstrand hats vom Podest gehauen.<\/p>\n<p>Noch keine Meldungen gibt es von den Offshore Windkraftanlagen vor der Westk\u00fcste&#8230; wenn die diese B\u00f6en heil \u00fcberstanden haben, alle Achtung!<\/p>\n<p>Das Meer zeigt sich heute fr\u00fch ganz vers\u00f6hnlich:<\/p>\n<p><img loading=\"lazy\" decoding=\"async\" class=\"alignnone size-full wp-image-3039\" src=\"http:\/\/jessel.de\/365-tage-sylt\/wp-content\/uploads\/2017\/10\/4AB4D1D6-E594-41E7-AE4A-6FC78FCDBF3F.jpeg\" alt=\"\" width=\"1204\" height=\"800\" srcset=\"https:\/\/jessel.de\/365-tage-sylt\/wp-content\/uploads\/2017\/10\/4AB4D1D6-E594-41E7-AE4A-6FC78FCDBF3F.jpeg 1204w, https:\/\/jessel.de\/365-tage-sylt\/wp-content\/uploads\/2017\/10\/4AB4D1D6-E594-41E7-AE4A-6FC78FCDBF3F-300x199.jpeg 300w, https:\/\/jessel.de\/365-tage-sylt\/wp-content\/uploads\/2017\/10\/4AB4D1D6-E594-41E7-AE4A-6FC78FCDBF3F-768x510.jpeg 768w, https:\/\/jessel.de\/365-tage-sylt\/wp-content\/uploads\/2017\/10\/4AB4D1D6-E594-41E7-AE4A-6FC78FCDBF3F-1024x680.jpeg 1024w\" sizes=\"auto, (max-width: 1204px) 100vw, 1204px\" \/><\/p>\n<p>Aber ich werde das Gef\u00fchl nicht los, dass es etwas ausheckt, das Luder:<\/p>\n<p><img loading=\"lazy\" decoding=\"async\" class=\"alignnone size-full wp-image-3040\" src=\"http:\/\/jessel.de\/365-tage-sylt\/wp-content\/uploads\/2017\/10\/38A89BD1-1D07-47F4-A743-3C06FCDE8C9B.jpeg\" alt=\"\" width=\"1204\" height=\"800\" srcset=\"https:\/\/jessel.de\/365-tage-sylt\/wp-content\/uploads\/2017\/10\/38A89BD1-1D07-47F4-A743-3C06FCDE8C9B.jpeg 1204w, https:\/\/jessel.de\/365-tage-sylt\/wp-content\/uploads\/2017\/10\/38A89BD1-1D07-47F4-A743-3C06FCDE8C9B-300x199.jpeg 300w, https:\/\/jessel.de\/365-tage-sylt\/wp-content\/uploads\/2017\/10\/38A89BD1-1D07-47F4-A743-3C06FCDE8C9B-768x510.jpeg 768w, https:\/\/jessel.de\/365-tage-sylt\/wp-content\/uploads\/2017\/10\/38A89BD1-1D07-47F4-A743-3C06FCDE8C9B-1024x680.jpeg 1024w\" sizes=\"auto, (max-width: 1204px) 100vw, 1204px\" \/><\/p>\n<p>Deshalb habe ich mir vor genommen, es ein wenig im Auge zu behalten in n\u00e4chster Zeit:<\/p>\n<p><img loading=\"lazy\" decoding=\"async\" class=\"alignnone size-full wp-image-3028\" src=\"http:\/\/jessel.de\/365-tage-sylt\/wp-content\/uploads\/2017\/10\/4A7AD9D7-A987-4FBF-9A34-4AC2347173F0.jpeg\" alt=\"\" width=\"1259\" height=\"800\" srcset=\"https:\/\/jessel.de\/365-tage-sylt\/wp-content\/uploads\/2017\/10\/4A7AD9D7-A987-4FBF-9A34-4AC2347173F0.jpeg 1259w, https:\/\/jessel.de\/365-tage-sylt\/wp-content\/uploads\/2017\/10\/4A7AD9D7-A987-4FBF-9A34-4AC2347173F0-300x191.jpeg 300w, https:\/\/jessel.de\/365-tage-sylt\/wp-content\/uploads\/2017\/10\/4A7AD9D7-A987-4FBF-9A34-4AC2347173F0-768x488.jpeg 768w, https:\/\/jessel.de\/365-tage-sylt\/wp-content\/uploads\/2017\/10\/4A7AD9D7-A987-4FBF-9A34-4AC2347173F0-1024x651.jpeg 1024w\" sizes=\"auto, (max-width: 1259px) 100vw, 1259px\" \/><\/p>\n<p>Das Titelbild und das Motiv von Frau und M\u00f6we auf dem Roten Kliff stammen vom gestrigen Sturm &#8211; Sonntag. Morgen wird es ganztags bedeckt und regnerisch sein. Auch deshalb zeige ich morgen noch weitere Fotos von diesem besonderen Naturereignis&#8230;<\/p>\n<p>&nbsp;<\/p>\n","protected":false},"excerpt":{"rendered":"<p>Das war gestern bereits der dritte Herbststurm in diesem Jahr. Mit Rekord-Windb\u00f6en zwischen 135 und 146 Stundenkilometern. Sogar die Strandkorbvermietung am Zentralstrand hats vom Podest gehauen. Noch keine Meldungen gibt es von den Offshore Windkraftanlagen vor der Westk\u00fcste&#8230; wenn die diese B\u00f6en heil \u00fcberstanden haben, alle Achtung! Das Meer zeigt sich heute fr\u00fch ganz vers\u00f6hnlich: Aber ich werde das Gef\u00fchl nicht los, dass es etwas ausheckt, das Luder: Deshalb habe&hellip;<\/p>\n","protected":false},"author":2,"featured_media":3022,"comment_status":"open","ping_status":"open","sticky":false,"template":"","format":"standard","meta":{"footnotes":""},"categories":[27,24,48,35,4,26,49,2,7],"tags":[],"class_list":["post-3038","post","type-post","status-publish","format-standard","has-post-thumbnail","hentry","category-alle-bilder","category-duenen","category-herbst","category-schlechtes-wetter","category-spuren","category-strand","category-sturm","category-tourismus","category-westerland"],"jetpack_featured_media_url":"https:\/\/jessel.de\/365-tage-sylt\/wp-content\/uploads\/2017\/10\/61EDE9E9-F278-47B2-9AE7-980E4DF09237.jpeg","_links":{"self":[{"href":"https:\/\/jessel.de\/365-tage-sylt\/wp-json\/wp\/v2\/posts\/3038","targetHints":{"allow":["GET"]}}],"collection":[{"href":"https:\/\/jessel.de\/365-tage-sylt\/wp-json\/wp\/v2\/posts"}],"about":[{"href":"https:\/\/jessel.de\/365-tage-sylt\/wp-json\/wp\/v2\/types\/post"}],"author":[{"embeddable":true,"href":"https:\/\/jessel.de\/365-tage-sylt\/wp-json\/wp\/v2\/users\/2"}],"replies":[{"embeddable":true,"href":"https:\/\/jessel.de\/365-tage-sylt\/wp-json\/wp\/v2\/comments?post=3038"}],"version-history":[{"count":4,"href":"https:\/\/jessel.de\/365-tage-sylt\/wp-json\/wp\/v2\/posts\/3038\/revisions"}],"predecessor-version":[{"id":3046,"href":"https:\/\/jessel.de\/365-tage-sylt\/wp-json\/wp\/v2\/posts\/3038\/revisions\/3046"}],"wp:featuredmedia":[{"embeddable":true,"href":"https:\/\/jessel.de\/365-tage-sylt\/wp-json\/wp\/v2\/media\/3022"}],"wp:attachment":[{"href":"https:\/\/jessel.de\/365-tage-sylt\/wp-json\/wp\/v2\/media?parent=3038"}],"wp:term":[{"taxonomy":"category","embeddable":true,"href":"https:\/\/jessel.de\/365-tage-sylt\/wp-json\/wp\/v2\/categories?post=3038"},{"taxonomy":"post_tag","embeddable":true,"href":"https:\/\/jessel.de\/365-tage-sylt\/wp-json\/wp\/v2\/tags?post=3038"}],"curies":[{"name":"wp","href":"https:\/\/api.w.org\/{rel}","templated":true}]}}