{"id":3143,"date":"2017-11-07T17:11:11","date_gmt":"2017-11-07T17:11:11","guid":{"rendered":"http:\/\/jessel.de\/365-tage-sylt\/?p=3143"},"modified":"2017-11-07T17:13:08","modified_gmt":"2017-11-07T17:13:08","slug":"another-sunny-day","status":"publish","type":"post","link":"https:\/\/jessel.de\/365-tage-sylt\/another-sunny-day\/","title":{"rendered":"Another sunny day&#8230;"},"content":{"rendered":"<p>&#8230; in paradise:<\/p>\n<p><img loading=\"lazy\" decoding=\"async\" class=\"alignnone size-full wp-image-3146\" src=\"http:\/\/jessel.de\/365-tage-sylt\/wp-content\/uploads\/2017\/11\/144000D8-1CBB-44FD-AAA7-4B89581F02E0.jpeg\" alt=\"\" width=\"1204\" height=\"800\" srcset=\"https:\/\/jessel.de\/365-tage-sylt\/wp-content\/uploads\/2017\/11\/144000D8-1CBB-44FD-AAA7-4B89581F02E0.jpeg 1204w, https:\/\/jessel.de\/365-tage-sylt\/wp-content\/uploads\/2017\/11\/144000D8-1CBB-44FD-AAA7-4B89581F02E0-300x199.jpeg 300w, https:\/\/jessel.de\/365-tage-sylt\/wp-content\/uploads\/2017\/11\/144000D8-1CBB-44FD-AAA7-4B89581F02E0-768x510.jpeg 768w, https:\/\/jessel.de\/365-tage-sylt\/wp-content\/uploads\/2017\/11\/144000D8-1CBB-44FD-AAA7-4B89581F02E0-1024x680.jpeg 1024w\" sizes=\"auto, (max-width: 1204px) 100vw, 1204px\" \/><\/p>\n<p>Ich bin vormittags im Sylter Norden unterwegs. Fotos kann ich kaum machen, denn der S\u00fcdwind bringt, wie fast immer, recht diesige Sicht mit, die nicht f\u00fcr Fernsichten taugt. Aber ich schaue mir diverse Punkte an, die in den n\u00e4chsten Wochen interessant werden k\u00f6nnten &#8211; bei passenderem Wetter. Sturm zum Beispiel, oder jenen glasklaren und windstillen Wintertagen, die die Lister D\u00fcnenwelt in \u201eihrem \u00a0Element\u201c zeigen. Zur Zeit zeigt sich die Rentier-Flechte in ganzer Pracht. An sandigen Stellen macht sie der Kr\u00e4henbeere das Leben schwer:<\/p>\n<p><img loading=\"lazy\" decoding=\"async\" class=\"alignnone size-full wp-image-3147\" src=\"http:\/\/jessel.de\/365-tage-sylt\/wp-content\/uploads\/2017\/11\/63671B08-AFF1-4DE3-A1A1-65BE2D2F8CD6.jpeg\" alt=\"\" width=\"1204\" height=\"800\" srcset=\"https:\/\/jessel.de\/365-tage-sylt\/wp-content\/uploads\/2017\/11\/63671B08-AFF1-4DE3-A1A1-65BE2D2F8CD6.jpeg 1204w, https:\/\/jessel.de\/365-tage-sylt\/wp-content\/uploads\/2017\/11\/63671B08-AFF1-4DE3-A1A1-65BE2D2F8CD6-300x199.jpeg 300w, https:\/\/jessel.de\/365-tage-sylt\/wp-content\/uploads\/2017\/11\/63671B08-AFF1-4DE3-A1A1-65BE2D2F8CD6-768x510.jpeg 768w, https:\/\/jessel.de\/365-tage-sylt\/wp-content\/uploads\/2017\/11\/63671B08-AFF1-4DE3-A1A1-65BE2D2F8CD6-1024x680.jpeg 1024w\" sizes=\"auto, (max-width: 1204px) 100vw, 1204px\" \/><\/p>\n<p>Heute in der Fr\u00fche sah das noch anders aus. Beim Wettercheck um 5:30 Uhr bin ich doch \u00fcberrascht \u00fcber die noch guten Sichtverh\u00e4ltnisse. Also starte ich eine Radrunde in den Sylter Osten, merke dabei aber von Minute zu Minute, wie der Ferndunst zunimmt. Nur in Munkmarsch mache ich ein Foto &#8211; eine Reminiszenz an den letzten Sturm:<\/p>\n<p><img loading=\"lazy\" decoding=\"async\" class=\"alignnone size-full wp-image-3145\" src=\"http:\/\/jessel.de\/365-tage-sylt\/wp-content\/uploads\/2017\/11\/1BC1DB58-0A4B-46DA-9A9F-1730EB859515.jpeg\" alt=\"\" width=\"1200\" height=\"800\" srcset=\"https:\/\/jessel.de\/365-tage-sylt\/wp-content\/uploads\/2017\/11\/1BC1DB58-0A4B-46DA-9A9F-1730EB859515.jpeg 1200w, https:\/\/jessel.de\/365-tage-sylt\/wp-content\/uploads\/2017\/11\/1BC1DB58-0A4B-46DA-9A9F-1730EB859515-300x200.jpeg 300w, https:\/\/jessel.de\/365-tage-sylt\/wp-content\/uploads\/2017\/11\/1BC1DB58-0A4B-46DA-9A9F-1730EB859515-768x512.jpeg 768w, https:\/\/jessel.de\/365-tage-sylt\/wp-content\/uploads\/2017\/11\/1BC1DB58-0A4B-46DA-9A9F-1730EB859515-1024x683.jpeg 1024w\" sizes=\"auto, (max-width: 1200px) 100vw, 1200px\" \/><\/p>\n<p>Beim Entwickeln der heutigen Motive blicke ich nochmal auf die gestrige (riesige) Ausbeute. Zwei Fotos will ich noch nachliefern:<\/p>\n<p><img loading=\"lazy\" decoding=\"async\" class=\"alignnone size-full wp-image-3149\" src=\"http:\/\/jessel.de\/365-tage-sylt\/wp-content\/uploads\/2017\/11\/FEFF5FE8-049B-4200-8130-89B526546D8D.jpeg\" alt=\"\" width=\"1202\" height=\"800\" srcset=\"https:\/\/jessel.de\/365-tage-sylt\/wp-content\/uploads\/2017\/11\/FEFF5FE8-049B-4200-8130-89B526546D8D.jpeg 1202w, https:\/\/jessel.de\/365-tage-sylt\/wp-content\/uploads\/2017\/11\/FEFF5FE8-049B-4200-8130-89B526546D8D-300x200.jpeg 300w, https:\/\/jessel.de\/365-tage-sylt\/wp-content\/uploads\/2017\/11\/FEFF5FE8-049B-4200-8130-89B526546D8D-768x511.jpeg 768w, https:\/\/jessel.de\/365-tage-sylt\/wp-content\/uploads\/2017\/11\/FEFF5FE8-049B-4200-8130-89B526546D8D-1024x682.jpeg 1024w\" sizes=\"auto, (max-width: 1202px) 100vw, 1202px\" \/><\/p>\n<p>Eine wirklich ungew\u00f6hnliche Wolke, die prompt f\u00fcr einen kurzen, aber heftigen Schauer sorgt:<\/p>\n<p><img loading=\"lazy\" decoding=\"async\" class=\"alignnone size-full wp-image-3150\" src=\"http:\/\/jessel.de\/365-tage-sylt\/wp-content\/uploads\/2017\/11\/452A858A-9850-4AC1-998F-7E1C0D81F79A.jpeg\" alt=\"\" width=\"1202\" height=\"800\" srcset=\"https:\/\/jessel.de\/365-tage-sylt\/wp-content\/uploads\/2017\/11\/452A858A-9850-4AC1-998F-7E1C0D81F79A.jpeg 1202w, https:\/\/jessel.de\/365-tage-sylt\/wp-content\/uploads\/2017\/11\/452A858A-9850-4AC1-998F-7E1C0D81F79A-300x200.jpeg 300w, https:\/\/jessel.de\/365-tage-sylt\/wp-content\/uploads\/2017\/11\/452A858A-9850-4AC1-998F-7E1C0D81F79A-768x511.jpeg 768w, https:\/\/jessel.de\/365-tage-sylt\/wp-content\/uploads\/2017\/11\/452A858A-9850-4AC1-998F-7E1C0D81F79A-1024x682.jpeg 1024w\" sizes=\"auto, (max-width: 1202px) 100vw, 1202px\" \/><\/p>\n","protected":false},"excerpt":{"rendered":"<p>&#8230; in paradise: Ich bin vormittags im Sylter Norden unterwegs. Fotos kann ich kaum machen, denn der S\u00fcdwind bringt, wie fast immer, recht diesige Sicht mit, die nicht f\u00fcr Fernsichten taugt. Aber ich schaue mir diverse Punkte an, die in den n\u00e4chsten Wochen interessant werden k\u00f6nnten &#8211; bei passenderem Wetter. Sturm zum Beispiel, oder jenen glasklaren und windstillen Wintertagen, die die Lister D\u00fcnenwelt in \u201eihrem \u00a0Element\u201c zeigen. Zur Zeit zeigt&hellip;<\/p>\n","protected":false},"author":2,"featured_media":3144,"comment_status":"open","ping_status":"open","sticky":false,"template":"","format":"standard","meta":{"footnotes":""},"categories":[27,24,48,11,44,4,26],"tags":[],"class_list":["post-3143","post","type-post","status-publish","format-standard","has-post-thumbnail","hentry","category-alle-bilder","category-duenen","category-herbst","category-list","category-pflanzen","category-spuren","category-strand"],"jetpack_featured_media_url":"https:\/\/jessel.de\/365-tage-sylt\/wp-content\/uploads\/2017\/11\/9E545372-DB7F-4C29-A4E0-D5B63EB3D69F.jpeg","_links":{"self":[{"href":"https:\/\/jessel.de\/365-tage-sylt\/wp-json\/wp\/v2\/posts\/3143","targetHints":{"allow":["GET"]}}],"collection":[{"href":"https:\/\/jessel.de\/365-tage-sylt\/wp-json\/wp\/v2\/posts"}],"about":[{"href":"https:\/\/jessel.de\/365-tage-sylt\/wp-json\/wp\/v2\/types\/post"}],"author":[{"embeddable":true,"href":"https:\/\/jessel.de\/365-tage-sylt\/wp-json\/wp\/v2\/users\/2"}],"replies":[{"embeddable":true,"href":"https:\/\/jessel.de\/365-tage-sylt\/wp-json\/wp\/v2\/comments?post=3143"}],"version-history":[{"count":3,"href":"https:\/\/jessel.de\/365-tage-sylt\/wp-json\/wp\/v2\/posts\/3143\/revisions"}],"predecessor-version":[{"id":3153,"href":"https:\/\/jessel.de\/365-tage-sylt\/wp-json\/wp\/v2\/posts\/3143\/revisions\/3153"}],"wp:featuredmedia":[{"embeddable":true,"href":"https:\/\/jessel.de\/365-tage-sylt\/wp-json\/wp\/v2\/media\/3144"}],"wp:attachment":[{"href":"https:\/\/jessel.de\/365-tage-sylt\/wp-json\/wp\/v2\/media?parent=3143"}],"wp:term":[{"taxonomy":"category","embeddable":true,"href":"https:\/\/jessel.de\/365-tage-sylt\/wp-json\/wp\/v2\/categories?post=3143"},{"taxonomy":"post_tag","embeddable":true,"href":"https:\/\/jessel.de\/365-tage-sylt\/wp-json\/wp\/v2\/tags?post=3143"}],"curies":[{"name":"wp","href":"https:\/\/api.w.org\/{rel}","templated":true}]}}