{"id":3168,"date":"2017-11-09T18:04:43","date_gmt":"2017-11-09T18:04:43","guid":{"rendered":"http:\/\/jessel.de\/365-tage-sylt\/?p=3168"},"modified":"2017-11-09T18:04:43","modified_gmt":"2017-11-09T18:04:43","slug":"herrlich-bedeckt-mal","status":"publish","type":"post","link":"https:\/\/jessel.de\/365-tage-sylt\/herrlich-bedeckt-mal\/","title":{"rendered":"Herrlich bedeckt mal&#8230;"},"content":{"rendered":"<p>&#8230; deshalb zumindest in der Fr\u00fche heute Ruhe.<\/p>\n<p>Aber um kurz nach 9 Uhr sehe ich im Radar von der Nordsee her einen blauen Streifen heran schweben, der die Insel ca. 10:45 Uhr erreichen d\u00fcrfte. Schon geht\u2019s nochmal aufs Rote Kliff, weil ich genau von dieser Stelle (siehe Titelbild) ein Panorama plane &#8211; bei Idealbedingungen allerdings, und diese k\u00f6nnten morgen oder \u00fcbermorgen eintreten, wenn sich das Wetter wie vorhergesagt entwickelt&#8230; und ich ein Qu\u00e4ntchen Gl\u00fcck habe.<\/p>\n<p>Ich schaue mir noch einige andere Locations im Raum Wenningstedt\/Kampen an, damit ich in den n\u00e4chsten Tagen klar definierte Ziele habe.<\/p>\n<p>Dieses geh\u00f6rt eher nicht dazu:<\/p>\n<p><img loading=\"lazy\" decoding=\"async\" class=\"alignnone size-full wp-image-3170\" src=\"http:\/\/jessel.de\/365-tage-sylt\/wp-content\/uploads\/2017\/11\/56E43E4A-E19D-493F-8905-D948DDEA2B56.jpeg\" alt=\"\" width=\"1204\" height=\"800\" srcset=\"https:\/\/jessel.de\/365-tage-sylt\/wp-content\/uploads\/2017\/11\/56E43E4A-E19D-493F-8905-D948DDEA2B56.jpeg 1204w, https:\/\/jessel.de\/365-tage-sylt\/wp-content\/uploads\/2017\/11\/56E43E4A-E19D-493F-8905-D948DDEA2B56-300x199.jpeg 300w, https:\/\/jessel.de\/365-tage-sylt\/wp-content\/uploads\/2017\/11\/56E43E4A-E19D-493F-8905-D948DDEA2B56-768x510.jpeg 768w, https:\/\/jessel.de\/365-tage-sylt\/wp-content\/uploads\/2017\/11\/56E43E4A-E19D-493F-8905-D948DDEA2B56-1024x680.jpeg 1024w\" sizes=\"auto, (max-width: 1204px) 100vw, 1204px\" \/><\/p>\n<p>Nach einer Stunde milden Sonnenscheins macht der Himmel wieder dicht. Als ich in der D\u00e4mmerung bald nach 16 Uhr nochmal f\u00fcr ein paar Fotos an den Strand will, f\u00e4ngt es lustig an zu regnen. Also bleibe ich im Haus und spare meine Energie f\u00fcr morgen.<\/p>\n","protected":false},"excerpt":{"rendered":"<p>&#8230; deshalb zumindest in der Fr\u00fche heute Ruhe. Aber um kurz nach 9 Uhr sehe ich im Radar von der Nordsee her einen blauen Streifen heran schweben, der die Insel ca. 10:45 Uhr erreichen d\u00fcrfte. Schon geht\u2019s nochmal aufs Rote Kliff, weil ich genau von dieser Stelle (siehe Titelbild) ein Panorama plane &#8211; bei Idealbedingungen allerdings, und diese k\u00f6nnten morgen oder \u00fcbermorgen eintreten, wenn sich das Wetter wie vorhergesagt entwickelt&#8230;&hellip;<\/p>\n","protected":false},"author":2,"featured_media":3169,"comment_status":"open","ping_status":"open","sticky":false,"template":"","format":"standard","meta":{"footnotes":""},"categories":[27,24,48,38],"tags":[],"class_list":["post-3168","post","type-post","status-publish","format-standard","has-post-thumbnail","hentry","category-alle-bilder","category-duenen","category-herbst","category-wenningstedt"],"jetpack_featured_media_url":"https:\/\/jessel.de\/365-tage-sylt\/wp-content\/uploads\/2017\/11\/345F55E9-EBBE-4A0B-AF31-F03CC8466786.jpeg","_links":{"self":[{"href":"https:\/\/jessel.de\/365-tage-sylt\/wp-json\/wp\/v2\/posts\/3168","targetHints":{"allow":["GET"]}}],"collection":[{"href":"https:\/\/jessel.de\/365-tage-sylt\/wp-json\/wp\/v2\/posts"}],"about":[{"href":"https:\/\/jessel.de\/365-tage-sylt\/wp-json\/wp\/v2\/types\/post"}],"author":[{"embeddable":true,"href":"https:\/\/jessel.de\/365-tage-sylt\/wp-json\/wp\/v2\/users\/2"}],"replies":[{"embeddable":true,"href":"https:\/\/jessel.de\/365-tage-sylt\/wp-json\/wp\/v2\/comments?post=3168"}],"version-history":[{"count":1,"href":"https:\/\/jessel.de\/365-tage-sylt\/wp-json\/wp\/v2\/posts\/3168\/revisions"}],"predecessor-version":[{"id":3171,"href":"https:\/\/jessel.de\/365-tage-sylt\/wp-json\/wp\/v2\/posts\/3168\/revisions\/3171"}],"wp:featuredmedia":[{"embeddable":true,"href":"https:\/\/jessel.de\/365-tage-sylt\/wp-json\/wp\/v2\/media\/3169"}],"wp:attachment":[{"href":"https:\/\/jessel.de\/365-tage-sylt\/wp-json\/wp\/v2\/media?parent=3168"}],"wp:term":[{"taxonomy":"category","embeddable":true,"href":"https:\/\/jessel.de\/365-tage-sylt\/wp-json\/wp\/v2\/categories?post=3168"},{"taxonomy":"post_tag","embeddable":true,"href":"https:\/\/jessel.de\/365-tage-sylt\/wp-json\/wp\/v2\/tags?post=3168"}],"curies":[{"name":"wp","href":"https:\/\/api.w.org\/{rel}","templated":true}]}}