{"id":3177,"date":"2017-11-11T22:46:17","date_gmt":"2017-11-11T22:46:17","guid":{"rendered":"http:\/\/jessel.de\/365-tage-sylt\/?p=3177"},"modified":"2017-11-11T23:04:10","modified_gmt":"2017-11-11T23:04:10","slug":"windige-tage","status":"publish","type":"post","link":"https:\/\/jessel.de\/365-tage-sylt\/windige-tage\/","title":{"rendered":"Windige Tage"},"content":{"rendered":"<p><img loading=\"lazy\" decoding=\"async\" class=\"alignnone size-full wp-image-3181\" src=\"http:\/\/jessel.de\/365-tage-sylt\/wp-content\/uploads\/2017\/11\/FFDC6CB7-0342-4D76-BD9A-E069A82C2CD2.jpeg\" alt=\"\" width=\"1747\" height=\"801\" srcset=\"https:\/\/jessel.de\/365-tage-sylt\/wp-content\/uploads\/2017\/11\/FFDC6CB7-0342-4D76-BD9A-E069A82C2CD2.jpeg 1747w, https:\/\/jessel.de\/365-tage-sylt\/wp-content\/uploads\/2017\/11\/FFDC6CB7-0342-4D76-BD9A-E069A82C2CD2-300x138.jpeg 300w, https:\/\/jessel.de\/365-tage-sylt\/wp-content\/uploads\/2017\/11\/FFDC6CB7-0342-4D76-BD9A-E069A82C2CD2-768x352.jpeg 768w, https:\/\/jessel.de\/365-tage-sylt\/wp-content\/uploads\/2017\/11\/FFDC6CB7-0342-4D76-BD9A-E069A82C2CD2-1024x470.jpeg 1024w\" sizes=\"auto, (max-width: 1747px) 100vw, 1747px\" \/><\/p>\n<p>Kurz vor Sonnenaufgang laufe ich zum Strand zum Fr\u00fchsport. Der gestrige Sturm hat ganze Arbeit geleistet. Auch am \u00dcbergang Friesische Strasse sind einige Tonnen Sand landeinw\u00e4rts geflogen.<\/p>\n<p>Am Strand grandiose Wetterszenen: Dunkle Regenfronten ziehen von Westen heran. Besonders pittoresk im Halblicht des Morgens&#8230;<\/p>\n<p>Ich renne schnellstens nach Hause zur\u00fcck um die Kamera zu holen. Als ich gut 10 Minuten sp\u00e4ter zur\u00fcck komme, ist zumindest noch ein Teil des Zaubers geblieben:<\/p>\n<p><img loading=\"lazy\" decoding=\"async\" class=\"alignnone size-full wp-image-3179\" src=\"http:\/\/jessel.de\/365-tage-sylt\/wp-content\/uploads\/2017\/11\/03E5B9AE-0FB6-4AB2-BFF2-2E5033B1F276.jpeg\" alt=\"\" width=\"1747\" height=\"1311\" srcset=\"https:\/\/jessel.de\/365-tage-sylt\/wp-content\/uploads\/2017\/11\/03E5B9AE-0FB6-4AB2-BFF2-2E5033B1F276.jpeg 1747w, https:\/\/jessel.de\/365-tage-sylt\/wp-content\/uploads\/2017\/11\/03E5B9AE-0FB6-4AB2-BFF2-2E5033B1F276-300x225.jpeg 300w, https:\/\/jessel.de\/365-tage-sylt\/wp-content\/uploads\/2017\/11\/03E5B9AE-0FB6-4AB2-BFF2-2E5033B1F276-768x576.jpeg 768w, https:\/\/jessel.de\/365-tage-sylt\/wp-content\/uploads\/2017\/11\/03E5B9AE-0FB6-4AB2-BFF2-2E5033B1F276-1024x768.jpeg 1024w\" sizes=\"auto, (max-width: 1747px) 100vw, 1747px\" \/><\/p>\n<p>Im Innersten bin ich schwer ersch\u00fcttert. Mein innigster Jugendfreund aus Studentenzeiten ist \u00fcberraschend verstorben. Hier ein Foto aus unseren besten Jahren:<\/p>\n<p><img loading=\"lazy\" decoding=\"async\" class=\"alignnone size-full wp-image-3180\" src=\"http:\/\/jessel.de\/365-tage-sylt\/wp-content\/uploads\/2017\/11\/56129A6A-BF5C-4123-B7AB-AE818D7679DD.jpeg\" alt=\"\" width=\"1747\" height=\"1311\" srcset=\"https:\/\/jessel.de\/365-tage-sylt\/wp-content\/uploads\/2017\/11\/56129A6A-BF5C-4123-B7AB-AE818D7679DD.jpeg 1747w, https:\/\/jessel.de\/365-tage-sylt\/wp-content\/uploads\/2017\/11\/56129A6A-BF5C-4123-B7AB-AE818D7679DD-300x225.jpeg 300w, https:\/\/jessel.de\/365-tage-sylt\/wp-content\/uploads\/2017\/11\/56129A6A-BF5C-4123-B7AB-AE818D7679DD-768x576.jpeg 768w, https:\/\/jessel.de\/365-tage-sylt\/wp-content\/uploads\/2017\/11\/56129A6A-BF5C-4123-B7AB-AE818D7679DD-1024x768.jpeg 1024w\" sizes=\"auto, (max-width: 1747px) 100vw, 1747px\" \/><\/p>\n<p>Mittags setze ich mich aufs Rad und fahre nach Flensburg:<\/p>\n<p><img loading=\"lazy\" decoding=\"async\" class=\"alignnone size-full wp-image-3186\" src=\"http:\/\/jessel.de\/365-tage-sylt\/wp-content\/uploads\/2017\/11\/12BED5C4-5FC4-4B15-B559-F43B25EE04A5.jpeg\" alt=\"\" width=\"3142\" height=\"1767\" srcset=\"https:\/\/jessel.de\/365-tage-sylt\/wp-content\/uploads\/2017\/11\/12BED5C4-5FC4-4B15-B559-F43B25EE04A5.jpeg 3142w, https:\/\/jessel.de\/365-tage-sylt\/wp-content\/uploads\/2017\/11\/12BED5C4-5FC4-4B15-B559-F43B25EE04A5-300x169.jpeg 300w, https:\/\/jessel.de\/365-tage-sylt\/wp-content\/uploads\/2017\/11\/12BED5C4-5FC4-4B15-B559-F43B25EE04A5-768x432.jpeg 768w, https:\/\/jessel.de\/365-tage-sylt\/wp-content\/uploads\/2017\/11\/12BED5C4-5FC4-4B15-B559-F43B25EE04A5-1024x576.jpeg 1024w\" sizes=\"auto, (max-width: 3142px) 100vw, 3142px\" \/><\/p>\n<p>Blogleser haben mich ins \u201eLe Kiosque\u201c eingeladen&#8230; das passt gut.<\/p>\n<p>&nbsp;<\/p>\n","protected":false},"excerpt":{"rendered":"<p>Kurz vor Sonnenaufgang laufe ich zum Strand zum Fr\u00fchsport. Der gestrige Sturm hat ganze Arbeit geleistet. Auch am \u00dcbergang Friesische Strasse sind einige Tonnen Sand landeinw\u00e4rts geflogen. Am Strand grandiose Wetterszenen: Dunkle Regenfronten ziehen von Westen heran. Besonders pittoresk im Halblicht des Morgens&#8230; Ich renne schnellstens nach Hause zur\u00fcck um die Kamera zu holen. Als ich gut 10 Minuten sp\u00e4ter zur\u00fcck komme, ist zumindest noch ein Teil des Zaubers geblieben:&hellip;<\/p>\n","protected":false},"author":2,"featured_media":3178,"comment_status":"open","ping_status":"open","sticky":false,"template":"","format":"standard","meta":{"footnotes":""},"categories":[27,24,48,44,35,4,49,29],"tags":[],"class_list":["post-3177","post","type-post","status-publish","format-standard","has-post-thumbnail","hentry","category-alle-bilder","category-duenen","category-herbst","category-pflanzen","category-schlechtes-wetter","category-spuren","category-sturm","category-verkehr"],"jetpack_featured_media_url":"https:\/\/jessel.de\/365-tage-sylt\/wp-content\/uploads\/2017\/11\/CEF519B3-298E-463D-ACEB-A70DC9890B49.jpeg","_links":{"self":[{"href":"https:\/\/jessel.de\/365-tage-sylt\/wp-json\/wp\/v2\/posts\/3177","targetHints":{"allow":["GET"]}}],"collection":[{"href":"https:\/\/jessel.de\/365-tage-sylt\/wp-json\/wp\/v2\/posts"}],"about":[{"href":"https:\/\/jessel.de\/365-tage-sylt\/wp-json\/wp\/v2\/types\/post"}],"author":[{"embeddable":true,"href":"https:\/\/jessel.de\/365-tage-sylt\/wp-json\/wp\/v2\/users\/2"}],"replies":[{"embeddable":true,"href":"https:\/\/jessel.de\/365-tage-sylt\/wp-json\/wp\/v2\/comments?post=3177"}],"version-history":[{"count":5,"href":"https:\/\/jessel.de\/365-tage-sylt\/wp-json\/wp\/v2\/posts\/3177\/revisions"}],"predecessor-version":[{"id":3187,"href":"https:\/\/jessel.de\/365-tage-sylt\/wp-json\/wp\/v2\/posts\/3177\/revisions\/3187"}],"wp:featuredmedia":[{"embeddable":true,"href":"https:\/\/jessel.de\/365-tage-sylt\/wp-json\/wp\/v2\/media\/3178"}],"wp:attachment":[{"href":"https:\/\/jessel.de\/365-tage-sylt\/wp-json\/wp\/v2\/media?parent=3177"}],"wp:term":[{"taxonomy":"category","embeddable":true,"href":"https:\/\/jessel.de\/365-tage-sylt\/wp-json\/wp\/v2\/categories?post=3177"},{"taxonomy":"post_tag","embeddable":true,"href":"https:\/\/jessel.de\/365-tage-sylt\/wp-json\/wp\/v2\/tags?post=3177"}],"curies":[{"name":"wp","href":"https:\/\/api.w.org\/{rel}","templated":true}]}}