{"id":3271,"date":"2017-11-19T16:57:28","date_gmt":"2017-11-19T16:57:28","guid":{"rendered":"http:\/\/jessel.de\/365-tage-sylt\/?p=3271"},"modified":"2017-11-19T17:17:54","modified_gmt":"2017-11-19T17:17:54","slug":"feucht-wetterlage","status":"publish","type":"post","link":"https:\/\/jessel.de\/365-tage-sylt\/feucht-wetterlage\/","title":{"rendered":"Feuchte Wetterlage"},"content":{"rendered":"<p>\u00dcber Nacht nimmt der Wind noch einmal deutlich zu. B\u00f6en \u00fcber 10 Beaufort lassen gegen 4 Uhr in der Fr\u00fche das Haus erbeben. Unruhige Nacht.<\/p>\n<p>Vorm Fr\u00fchst\u00fcck lohnt sich kein Foto-Einsatz. Gewaltige Schauer, auch in grieseliger Graupelform, ziehen mindestens halbst\u00fcndig von Nordwesten heran. Die Sonne l\u00e4sst sich nur f\u00fcr Minuten sehen. SO sieht das aus:<\/p>\n<p><img loading=\"lazy\" decoding=\"async\" class=\"alignnone size-full wp-image-3275\" src=\"http:\/\/jessel.de\/365-tage-sylt\/wp-content\/uploads\/2017\/11\/7431FF80-5D5E-47F3-AF87-B9330B512640.jpeg\" alt=\"\" width=\"1200\" height=\"800\" srcset=\"https:\/\/jessel.de\/365-tage-sylt\/wp-content\/uploads\/2017\/11\/7431FF80-5D5E-47F3-AF87-B9330B512640.jpeg 1200w, https:\/\/jessel.de\/365-tage-sylt\/wp-content\/uploads\/2017\/11\/7431FF80-5D5E-47F3-AF87-B9330B512640-300x200.jpeg 300w, https:\/\/jessel.de\/365-tage-sylt\/wp-content\/uploads\/2017\/11\/7431FF80-5D5E-47F3-AF87-B9330B512640-768x512.jpeg 768w, https:\/\/jessel.de\/365-tage-sylt\/wp-content\/uploads\/2017\/11\/7431FF80-5D5E-47F3-AF87-B9330B512640-1024x683.jpeg 1024w\" sizes=\"auto, (max-width: 1200px) 100vw, 1200px\" \/><\/p>\n<p>Grund sind die Schauerstaffeln, die sich vom s\u00fcdwestlichen Ende Norwegens l\u00f6sen und von dort auf direktem Wege nach Sylt treiben &#8211; in bemerkenswerter Geschwindigkeit. Hier die Wetterkarte zur Mittagszeit:<\/p>\n<p><img loading=\"lazy\" decoding=\"async\" class=\"alignnone size-full wp-image-3272\" src=\"http:\/\/jessel.de\/365-tage-sylt\/wp-content\/uploads\/2017\/11\/5E358B80-7A39-40BD-B185-410060F80556.jpeg\" alt=\"\" width=\"1422\" height=\"800\" srcset=\"https:\/\/jessel.de\/365-tage-sylt\/wp-content\/uploads\/2017\/11\/5E358B80-7A39-40BD-B185-410060F80556.jpeg 1422w, https:\/\/jessel.de\/365-tage-sylt\/wp-content\/uploads\/2017\/11\/5E358B80-7A39-40BD-B185-410060F80556-300x169.jpeg 300w, https:\/\/jessel.de\/365-tage-sylt\/wp-content\/uploads\/2017\/11\/5E358B80-7A39-40BD-B185-410060F80556-768x432.jpeg 768w, https:\/\/jessel.de\/365-tage-sylt\/wp-content\/uploads\/2017\/11\/5E358B80-7A39-40BD-B185-410060F80556-1024x576.jpeg 1024w\" sizes=\"auto, (max-width: 1422px) 100vw, 1422px\" \/><\/p>\n<p>Gemein! Direkt \u00fcber Sylt ein Schauer nach dem n\u00e4chsten, im \u00f6stlichen Schleswig-Holstein Sonne pur.<\/p>\n<p>So bleibt das bis zum Abend. Auch wenn der Wind ganz langsam nachl\u00e4sst, bricht der Himmel erst zum Sonnenuntergang von Nordwesten her auf:<\/p>\n<p><img loading=\"lazy\" decoding=\"async\" class=\"alignnone size-full wp-image-3273\" src=\"http:\/\/jessel.de\/365-tage-sylt\/wp-content\/uploads\/2017\/11\/336E269D-D3F6-4903-ABD7-BA6CBE6FAC07.jpeg\" alt=\"\" width=\"2204\" height=\"800\" srcset=\"https:\/\/jessel.de\/365-tage-sylt\/wp-content\/uploads\/2017\/11\/336E269D-D3F6-4903-ABD7-BA6CBE6FAC07.jpeg 2204w, https:\/\/jessel.de\/365-tage-sylt\/wp-content\/uploads\/2017\/11\/336E269D-D3F6-4903-ABD7-BA6CBE6FAC07-300x109.jpeg 300w, https:\/\/jessel.de\/365-tage-sylt\/wp-content\/uploads\/2017\/11\/336E269D-D3F6-4903-ABD7-BA6CBE6FAC07-768x279.jpeg 768w, https:\/\/jessel.de\/365-tage-sylt\/wp-content\/uploads\/2017\/11\/336E269D-D3F6-4903-ABD7-BA6CBE6FAC07-1024x372.jpeg 1024w\" sizes=\"auto, (max-width: 2204px) 100vw, 2204px\" \/><\/p>\n<p>Ich stehe am Strand in H\u00f6he Friedrichstrasse, als eine junge Silberm\u00f6we heranfliegt. Nur einen Meter von mir entfernt setzt sie zur Landung an. Ich gehe vorsichtig weiter &#8211; sie folgt mir. Ich lege mich einen Augenblick in den feuchten Sand, spreche mit ihr, und f\u00fchle mich sehr an die Galapagos &#8211; Inseln erinnert. Dort durfte ich erstmals derart furchtlose Tiere erleben, die den Menschen regelrecht \u201eselbstbewusst\u201c gegen\u00fcber traten. Ein bleibendes Erlebnis. Ob es im Paradies \u00e4hnlich zugeht?<\/p>\n<p><img loading=\"lazy\" decoding=\"async\" class=\"alignnone size-full wp-image-3274\" src=\"http:\/\/jessel.de\/365-tage-sylt\/wp-content\/uploads\/2017\/11\/A8C6D3FB-4D19-4C3C-9C3A-177A94566DA6.jpeg\" alt=\"\" width=\"1422\" height=\"800\" srcset=\"https:\/\/jessel.de\/365-tage-sylt\/wp-content\/uploads\/2017\/11\/A8C6D3FB-4D19-4C3C-9C3A-177A94566DA6.jpeg 1422w, https:\/\/jessel.de\/365-tage-sylt\/wp-content\/uploads\/2017\/11\/A8C6D3FB-4D19-4C3C-9C3A-177A94566DA6-300x169.jpeg 300w, https:\/\/jessel.de\/365-tage-sylt\/wp-content\/uploads\/2017\/11\/A8C6D3FB-4D19-4C3C-9C3A-177A94566DA6-768x432.jpeg 768w, https:\/\/jessel.de\/365-tage-sylt\/wp-content\/uploads\/2017\/11\/A8C6D3FB-4D19-4C3C-9C3A-177A94566DA6-1024x576.jpeg 1024w\" sizes=\"auto, (max-width: 1422px) 100vw, 1422px\" \/><\/p>\n<p>Ich hoffe es.<\/p>\n","protected":false},"excerpt":{"rendered":"<p>\u00dcber Nacht nimmt der Wind noch einmal deutlich zu. B\u00f6en \u00fcber 10 Beaufort lassen gegen 4 Uhr in der Fr\u00fche das Haus erbeben. Unruhige Nacht. Vorm Fr\u00fchst\u00fcck lohnt sich kein Foto-Einsatz. Gewaltige Schauer, auch in grieseliger Graupelform, ziehen mindestens halbst\u00fcndig von Nordwesten heran. Die Sonne l\u00e4sst sich nur f\u00fcr Minuten sehen. SO sieht das aus: Grund sind die Schauerstaffeln, die sich vom s\u00fcdwestlichen Ende Norwegens l\u00f6sen und von dort auf&hellip;<\/p>\n","protected":false},"author":2,"featured_media":3276,"comment_status":"open","ping_status":"open","sticky":false,"template":"","format":"standard","meta":{"footnotes":""},"categories":[27,48,3,35,4,26,49,2,7],"tags":[],"class_list":["post-3271","post","type-post","status-publish","format-standard","has-post-thumbnail","hentry","category-alle-bilder","category-herbst","category-menschen","category-schlechtes-wetter","category-spuren","category-strand","category-sturm","category-tourismus","category-westerland"],"jetpack_featured_media_url":"https:\/\/jessel.de\/365-tage-sylt\/wp-content\/uploads\/2017\/11\/B7BEB094-14F1-45F1-BBF9-460906789E53.jpeg","_links":{"self":[{"href":"https:\/\/jessel.de\/365-tage-sylt\/wp-json\/wp\/v2\/posts\/3271","targetHints":{"allow":["GET"]}}],"collection":[{"href":"https:\/\/jessel.de\/365-tage-sylt\/wp-json\/wp\/v2\/posts"}],"about":[{"href":"https:\/\/jessel.de\/365-tage-sylt\/wp-json\/wp\/v2\/types\/post"}],"author":[{"embeddable":true,"href":"https:\/\/jessel.de\/365-tage-sylt\/wp-json\/wp\/v2\/users\/2"}],"replies":[{"embeddable":true,"href":"https:\/\/jessel.de\/365-tage-sylt\/wp-json\/wp\/v2\/comments?post=3271"}],"version-history":[{"count":5,"href":"https:\/\/jessel.de\/365-tage-sylt\/wp-json\/wp\/v2\/posts\/3271\/revisions"}],"predecessor-version":[{"id":3281,"href":"https:\/\/jessel.de\/365-tage-sylt\/wp-json\/wp\/v2\/posts\/3271\/revisions\/3281"}],"wp:featuredmedia":[{"embeddable":true,"href":"https:\/\/jessel.de\/365-tage-sylt\/wp-json\/wp\/v2\/media\/3276"}],"wp:attachment":[{"href":"https:\/\/jessel.de\/365-tage-sylt\/wp-json\/wp\/v2\/media?parent=3271"}],"wp:term":[{"taxonomy":"category","embeddable":true,"href":"https:\/\/jessel.de\/365-tage-sylt\/wp-json\/wp\/v2\/categories?post=3271"},{"taxonomy":"post_tag","embeddable":true,"href":"https:\/\/jessel.de\/365-tage-sylt\/wp-json\/wp\/v2\/tags?post=3271"}],"curies":[{"name":"wp","href":"https:\/\/api.w.org\/{rel}","templated":true}]}}