{"id":3290,"date":"2017-11-21T18:02:54","date_gmt":"2017-11-21T18:02:54","guid":{"rendered":"http:\/\/jessel.de\/365-tage-sylt\/?p=3290"},"modified":"2017-11-21T18:27:04","modified_gmt":"2017-11-21T18:27:04","slug":"baeaeaeaeaeaeaeaeh","status":"publish","type":"post","link":"https:\/\/jessel.de\/365-tage-sylt\/baeaeaeaeaeaeaeaeh\/","title":{"rendered":"B\u00c4\u00c4\u00c4\u00c4\u00c4\u00c4\u00c4\u00c4H!"},"content":{"rendered":"<p>Es ist grau\/grau\/grau. Ich denke an Henry Millers eindr\u00fcckliche Beschreibung des gro\u00dfst\u00e4dtischen Pariser Graus am Anfang seines Romans \u201eStille Tage\u00a0in Clichy\u201c, als ich nachmittags am Strand entlang laufe. Mehr als Metapher f\u00fcr eine Gem\u00fctsverfassung &#8211; so wie ihm geht es mir auch in diesen Tagen.<\/p>\n<p>Und dann steckt mir das Meer sogar noch die Zunge aus. Un(!)er(!)h\u00f6rt!<\/p>\n<p>Und die M\u00f6we feixt sich doch auch Einen:<\/p>\n<p><img loading=\"lazy\" decoding=\"async\" class=\"alignnone size-full wp-image-3291\" src=\"http:\/\/jessel.de\/365-tage-sylt\/wp-content\/uploads\/2017\/11\/6778EE91-AA3D-452B-9B1D-A1674A1AD468.jpeg\" alt=\"\" width=\"1601\" height=\"800\" srcset=\"https:\/\/jessel.de\/365-tage-sylt\/wp-content\/uploads\/2017\/11\/6778EE91-AA3D-452B-9B1D-A1674A1AD468.jpeg 1601w, https:\/\/jessel.de\/365-tage-sylt\/wp-content\/uploads\/2017\/11\/6778EE91-AA3D-452B-9B1D-A1674A1AD468-300x150.jpeg 300w, https:\/\/jessel.de\/365-tage-sylt\/wp-content\/uploads\/2017\/11\/6778EE91-AA3D-452B-9B1D-A1674A1AD468-768x384.jpeg 768w, https:\/\/jessel.de\/365-tage-sylt\/wp-content\/uploads\/2017\/11\/6778EE91-AA3D-452B-9B1D-A1674A1AD468-1024x512.jpeg 1024w\" sizes=\"auto, (max-width: 1601px) 100vw, 1601px\" \/><\/p>\n<p>Nee, dieses Wetter muss ich nicht unbedingt haben. Aber es hilft alles nix, auch die n\u00e4chsten Tage wird keine Sonne zu sehen sein.<\/p>\n<p>In der beginnenden D\u00e4mmerung gehe ich durch die Friedrichstra\u00dfe, die das Stimmungs-Grau gerne unterst\u00fctzt:<\/p>\n<p><img loading=\"lazy\" decoding=\"async\" class=\"alignnone size-full wp-image-3293\" src=\"http:\/\/jessel.de\/365-tage-sylt\/wp-content\/uploads\/2017\/11\/8610F3E4-CFB0-40EB-8829-51588B4A0AA6.jpeg\" alt=\"\" width=\"1522\" height=\"800\" srcset=\"https:\/\/jessel.de\/365-tage-sylt\/wp-content\/uploads\/2017\/11\/8610F3E4-CFB0-40EB-8829-51588B4A0AA6.jpeg 1522w, https:\/\/jessel.de\/365-tage-sylt\/wp-content\/uploads\/2017\/11\/8610F3E4-CFB0-40EB-8829-51588B4A0AA6-300x158.jpeg 300w, https:\/\/jessel.de\/365-tage-sylt\/wp-content\/uploads\/2017\/11\/8610F3E4-CFB0-40EB-8829-51588B4A0AA6-768x404.jpeg 768w, https:\/\/jessel.de\/365-tage-sylt\/wp-content\/uploads\/2017\/11\/8610F3E4-CFB0-40EB-8829-51588B4A0AA6-1024x538.jpeg 1024w\" sizes=\"auto, (max-width: 1522px) 100vw, 1522px\" \/><\/p>\n<p>Es ist auch der k\u00e4lteste Tag dieses Herbstes. Gerade mal vier Grad zeigt das Thermometer. Die G\u00e4ste auf der Terrasse des Caf\u00e9 Orth scharen sich unter den Heizpilzen zusammen:<\/p>\n<p><img loading=\"lazy\" decoding=\"async\" class=\"alignnone size-full wp-image-3294\" src=\"http:\/\/jessel.de\/365-tage-sylt\/wp-content\/uploads\/2017\/11\/F8BA6E2E-BEEE-4749-B93C-F42B445AD280.jpeg\" alt=\"\" width=\"1564\" height=\"800\" srcset=\"https:\/\/jessel.de\/365-tage-sylt\/wp-content\/uploads\/2017\/11\/F8BA6E2E-BEEE-4749-B93C-F42B445AD280.jpeg 1564w, https:\/\/jessel.de\/365-tage-sylt\/wp-content\/uploads\/2017\/11\/F8BA6E2E-BEEE-4749-B93C-F42B445AD280-300x153.jpeg 300w, https:\/\/jessel.de\/365-tage-sylt\/wp-content\/uploads\/2017\/11\/F8BA6E2E-BEEE-4749-B93C-F42B445AD280-768x393.jpeg 768w, https:\/\/jessel.de\/365-tage-sylt\/wp-content\/uploads\/2017\/11\/F8BA6E2E-BEEE-4749-B93C-F42B445AD280-1024x524.jpeg 1024w\" sizes=\"auto, (max-width: 1564px) 100vw, 1564px\" \/><\/p>\n<p>November-Tristesse vom Feinsten. Nicht immer leicht zu ertragen.<\/p>\n<p><img loading=\"lazy\" decoding=\"async\" class=\"alignnone size-full wp-image-3295\" src=\"http:\/\/jessel.de\/365-tage-sylt\/wp-content\/uploads\/2017\/11\/F3DB67DB-1897-4691-A2ED-8BA4CD557858.jpeg\" alt=\"\" width=\"489\" height=\"800\" srcset=\"https:\/\/jessel.de\/365-tage-sylt\/wp-content\/uploads\/2017\/11\/F3DB67DB-1897-4691-A2ED-8BA4CD557858.jpeg 489w, https:\/\/jessel.de\/365-tage-sylt\/wp-content\/uploads\/2017\/11\/F3DB67DB-1897-4691-A2ED-8BA4CD557858-183x300.jpeg 183w\" sizes=\"auto, (max-width: 489px) 100vw, 489px\" \/><\/p>\n<p>Schnell nach Hause&#8230;<\/p>\n","protected":false},"excerpt":{"rendered":"<p>Es ist grau\/grau\/grau. Ich denke an Henry Millers eindr\u00fcckliche Beschreibung des gro\u00dfst\u00e4dtischen Pariser Graus am Anfang seines Romans \u201eStille Tage\u00a0in Clichy\u201c, als ich nachmittags am Strand entlang laufe. Mehr als Metapher f\u00fcr eine Gem\u00fctsverfassung &#8211; so wie ihm geht es mir auch in diesen Tagen. Und dann steckt mir das Meer sogar noch die Zunge aus. Un(!)er(!)h\u00f6rt! Und die M\u00f6we feixt sich doch auch Einen: Nee, dieses Wetter muss ich&hellip;<\/p>\n","protected":false},"author":2,"featured_media":3292,"comment_status":"open","ping_status":"open","sticky":false,"template":"","format":"standard","meta":{"footnotes":""},"categories":[27,48,35,4,26,7],"tags":[],"class_list":["post-3290","post","type-post","status-publish","format-standard","has-post-thumbnail","hentry","category-alle-bilder","category-herbst","category-schlechtes-wetter","category-spuren","category-strand","category-westerland"],"jetpack_featured_media_url":"https:\/\/jessel.de\/365-tage-sylt\/wp-content\/uploads\/2017\/11\/D3B32860-1206-4D2A-9918-B1B290FB7507.jpeg","_links":{"self":[{"href":"https:\/\/jessel.de\/365-tage-sylt\/wp-json\/wp\/v2\/posts\/3290","targetHints":{"allow":["GET"]}}],"collection":[{"href":"https:\/\/jessel.de\/365-tage-sylt\/wp-json\/wp\/v2\/posts"}],"about":[{"href":"https:\/\/jessel.de\/365-tage-sylt\/wp-json\/wp\/v2\/types\/post"}],"author":[{"embeddable":true,"href":"https:\/\/jessel.de\/365-tage-sylt\/wp-json\/wp\/v2\/users\/2"}],"replies":[{"embeddable":true,"href":"https:\/\/jessel.de\/365-tage-sylt\/wp-json\/wp\/v2\/comments?post=3290"}],"version-history":[{"count":4,"href":"https:\/\/jessel.de\/365-tage-sylt\/wp-json\/wp\/v2\/posts\/3290\/revisions"}],"predecessor-version":[{"id":3299,"href":"https:\/\/jessel.de\/365-tage-sylt\/wp-json\/wp\/v2\/posts\/3290\/revisions\/3299"}],"wp:featuredmedia":[{"embeddable":true,"href":"https:\/\/jessel.de\/365-tage-sylt\/wp-json\/wp\/v2\/media\/3292"}],"wp:attachment":[{"href":"https:\/\/jessel.de\/365-tage-sylt\/wp-json\/wp\/v2\/media?parent=3290"}],"wp:term":[{"taxonomy":"category","embeddable":true,"href":"https:\/\/jessel.de\/365-tage-sylt\/wp-json\/wp\/v2\/categories?post=3290"},{"taxonomy":"post_tag","embeddable":true,"href":"https:\/\/jessel.de\/365-tage-sylt\/wp-json\/wp\/v2\/tags?post=3290"}],"curies":[{"name":"wp","href":"https:\/\/api.w.org\/{rel}","templated":true}]}}