{"id":3340,"date":"2017-11-26T16:40:58","date_gmt":"2017-11-26T16:40:58","guid":{"rendered":"http:\/\/jessel.de\/365-tage-sylt\/?p=3340"},"modified":"2017-11-26T17:20:23","modified_gmt":"2017-11-26T17:20:23","slug":"rueckkehr-nach-sylt","status":"publish","type":"post","link":"https:\/\/jessel.de\/365-tage-sylt\/rueckkehr-nach-sylt\/","title":{"rendered":"R\u00fcckkehr nach Sylt"},"content":{"rendered":"<p>Nach zwei Hamburger Tagen voller kulinarischer (und sonstiger) Freuden ging es heute morgen zum Altonaer Bahnhof, um den 9:40er Zug Richtung Sylt zu bekommen. Pustekuchen, 10 Minuten vor geplanter Abfahrt wird dieser kommentarlos gestrichen.<\/p>\n<p>Eine Stunde sp\u00e4ter f\u00e4hrt eine 70er Jahre Rostlaube ein, bestehend aus vier Waggons, wovon einer komplett verriegelt und somit nicht zug\u00e4nglich ist. Der Bahnsteig ist nicht zuletzt wegen Ausfalls des vorherigen Zuges schwarz von Menschen, die sich nun um die viel zu knappen Sitze kloppen d\u00fcrfen. An Bord im \u00dcbrigen auch EINE Toilette, die allerdings kein Wasser f\u00fchrt, weshalb die T\u00fcr nach einer Stunde Fahrt vom Schaffner aus hygienischen Gr\u00fcnden notverriegelt werden muss&#8230; Dank an die DB f\u00fcr diese abermals prickelnde Tour nach Sylt, incl. satter Versp\u00e4tung bei Ankunft nat\u00fcrlich.<\/p>\n<p>Sylt empf\u00e4ngt mich daf\u00fcr mit Kaiserwetter:<\/p>\n<p><img loading=\"lazy\" decoding=\"async\" class=\"alignnone size-full wp-image-3345\" src=\"http:\/\/jessel.de\/365-tage-sylt\/wp-content\/uploads\/2017\/11\/177D88F3-D2AC-4007-9605-D967161D868F.jpeg\" alt=\"\" width=\"1068\" height=\"525\" srcset=\"https:\/\/jessel.de\/365-tage-sylt\/wp-content\/uploads\/2017\/11\/177D88F3-D2AC-4007-9605-D967161D868F.jpeg 1068w, https:\/\/jessel.de\/365-tage-sylt\/wp-content\/uploads\/2017\/11\/177D88F3-D2AC-4007-9605-D967161D868F-300x147.jpeg 300w, https:\/\/jessel.de\/365-tage-sylt\/wp-content\/uploads\/2017\/11\/177D88F3-D2AC-4007-9605-D967161D868F-768x378.jpeg 768w, https:\/\/jessel.de\/365-tage-sylt\/wp-content\/uploads\/2017\/11\/177D88F3-D2AC-4007-9605-D967161D868F-1024x503.jpeg 1024w\" sizes=\"auto, (max-width: 1068px) 100vw, 1068px\" \/><\/p>\n<p>Traumhafte Wolkenschiffe segeln im strammen Seewind \u00fcber mich weg, als ich gleich nach Ankunft an den Strand gehe:<\/p>\n<p><img loading=\"lazy\" decoding=\"async\" class=\"alignnone size-full wp-image-3341\" src=\"http:\/\/jessel.de\/365-tage-sylt\/wp-content\/uploads\/2017\/11\/35A78AAA-2AD1-4339-B606-253E138761F1.jpeg\" alt=\"\" width=\"1067\" height=\"800\" srcset=\"https:\/\/jessel.de\/365-tage-sylt\/wp-content\/uploads\/2017\/11\/35A78AAA-2AD1-4339-B606-253E138761F1.jpeg 1067w, https:\/\/jessel.de\/365-tage-sylt\/wp-content\/uploads\/2017\/11\/35A78AAA-2AD1-4339-B606-253E138761F1-300x225.jpeg 300w, https:\/\/jessel.de\/365-tage-sylt\/wp-content\/uploads\/2017\/11\/35A78AAA-2AD1-4339-B606-253E138761F1-768x576.jpeg 768w, https:\/\/jessel.de\/365-tage-sylt\/wp-content\/uploads\/2017\/11\/35A78AAA-2AD1-4339-B606-253E138761F1-1024x768.jpeg 1024w\" sizes=\"auto, (max-width: 1067px) 100vw, 1067px\" \/><\/p>\n<p>Die gruselige Zugfahrt ist nach 5 Minuten aus dem Gehirn geblasen:<\/p>\n<p><img loading=\"lazy\" decoding=\"async\" class=\"alignnone size-full wp-image-3346\" src=\"http:\/\/jessel.de\/365-tage-sylt\/wp-content\/uploads\/2017\/11\/4AC40ECE-E344-4FC0-855C-668406E83314.jpeg\" alt=\"\" width=\"1068\" height=\"519\" srcset=\"https:\/\/jessel.de\/365-tage-sylt\/wp-content\/uploads\/2017\/11\/4AC40ECE-E344-4FC0-855C-668406E83314.jpeg 1068w, https:\/\/jessel.de\/365-tage-sylt\/wp-content\/uploads\/2017\/11\/4AC40ECE-E344-4FC0-855C-668406E83314-300x146.jpeg 300w, https:\/\/jessel.de\/365-tage-sylt\/wp-content\/uploads\/2017\/11\/4AC40ECE-E344-4FC0-855C-668406E83314-768x373.jpeg 768w, https:\/\/jessel.de\/365-tage-sylt\/wp-content\/uploads\/2017\/11\/4AC40ECE-E344-4FC0-855C-668406E83314-1024x498.jpeg 1024w\" sizes=\"auto, (max-width: 1068px) 100vw, 1068px\" \/><\/p>\n<p>Diese Bilder entstehen alle innerhalb einer halben Stunde &#8211; mit dem IPad fotografiert:<\/p>\n<p><img loading=\"lazy\" decoding=\"async\" class=\"alignnone size-full wp-image-3342\" src=\"http:\/\/jessel.de\/365-tage-sylt\/wp-content\/uploads\/2017\/11\/7FB02826-84FE-454C-93AD-AFC711D164EA.jpeg\" alt=\"\" width=\"1416\" height=\"800\" srcset=\"https:\/\/jessel.de\/365-tage-sylt\/wp-content\/uploads\/2017\/11\/7FB02826-84FE-454C-93AD-AFC711D164EA.jpeg 1416w, https:\/\/jessel.de\/365-tage-sylt\/wp-content\/uploads\/2017\/11\/7FB02826-84FE-454C-93AD-AFC711D164EA-300x169.jpeg 300w, https:\/\/jessel.de\/365-tage-sylt\/wp-content\/uploads\/2017\/11\/7FB02826-84FE-454C-93AD-AFC711D164EA-768x434.jpeg 768w, https:\/\/jessel.de\/365-tage-sylt\/wp-content\/uploads\/2017\/11\/7FB02826-84FE-454C-93AD-AFC711D164EA-1024x579.jpeg 1024w\" sizes=\"auto, (max-width: 1416px) 100vw, 1416px\" \/><\/p>\n<p>So kann\u02cbs weiter gehen. Tut\u02cbs aber leider nicht: Morgen kompletter Regentag.<\/p>\n","protected":false},"excerpt":{"rendered":"<p>Nach zwei Hamburger Tagen voller kulinarischer (und sonstiger) Freuden ging es heute morgen zum Altonaer Bahnhof, um den 9:40er Zug Richtung Sylt zu bekommen. Pustekuchen, 10 Minuten vor geplanter Abfahrt wird dieser kommentarlos gestrichen. Eine Stunde sp\u00e4ter f\u00e4hrt eine 70er Jahre Rostlaube ein, bestehend aus vier Waggons, wovon einer komplett verriegelt und somit nicht zug\u00e4nglich ist. Der Bahnsteig ist nicht zuletzt wegen Ausfalls des vorherigen Zuges schwarz von Menschen, die&hellip;<\/p>\n","protected":false},"author":2,"featured_media":3343,"comment_status":"open","ping_status":"open","sticky":false,"template":"","format":"standard","meta":{"footnotes":""},"categories":[27,48,3,4,26,2,7],"tags":[],"class_list":["post-3340","post","type-post","status-publish","format-standard","has-post-thumbnail","hentry","category-alle-bilder","category-herbst","category-menschen","category-spuren","category-strand","category-tourismus","category-westerland"],"jetpack_featured_media_url":"https:\/\/jessel.de\/365-tage-sylt\/wp-content\/uploads\/2017\/11\/5A7C55CF-F54D-4F2D-B6CB-9BFADDE730CE.jpeg","_links":{"self":[{"href":"https:\/\/jessel.de\/365-tage-sylt\/wp-json\/wp\/v2\/posts\/3340","targetHints":{"allow":["GET"]}}],"collection":[{"href":"https:\/\/jessel.de\/365-tage-sylt\/wp-json\/wp\/v2\/posts"}],"about":[{"href":"https:\/\/jessel.de\/365-tage-sylt\/wp-json\/wp\/v2\/types\/post"}],"author":[{"embeddable":true,"href":"https:\/\/jessel.de\/365-tage-sylt\/wp-json\/wp\/v2\/users\/2"}],"replies":[{"embeddable":true,"href":"https:\/\/jessel.de\/365-tage-sylt\/wp-json\/wp\/v2\/comments?post=3340"}],"version-history":[{"count":4,"href":"https:\/\/jessel.de\/365-tage-sylt\/wp-json\/wp\/v2\/posts\/3340\/revisions"}],"predecessor-version":[{"id":3350,"href":"https:\/\/jessel.de\/365-tage-sylt\/wp-json\/wp\/v2\/posts\/3340\/revisions\/3350"}],"wp:featuredmedia":[{"embeddable":true,"href":"https:\/\/jessel.de\/365-tage-sylt\/wp-json\/wp\/v2\/media\/3343"}],"wp:attachment":[{"href":"https:\/\/jessel.de\/365-tage-sylt\/wp-json\/wp\/v2\/media?parent=3340"}],"wp:term":[{"taxonomy":"category","embeddable":true,"href":"https:\/\/jessel.de\/365-tage-sylt\/wp-json\/wp\/v2\/categories?post=3340"},{"taxonomy":"post_tag","embeddable":true,"href":"https:\/\/jessel.de\/365-tage-sylt\/wp-json\/wp\/v2\/tags?post=3340"}],"curies":[{"name":"wp","href":"https:\/\/api.w.org\/{rel}","templated":true}]}}