{"id":3491,"date":"2017-12-09T16:15:42","date_gmt":"2017-12-09T16:15:42","guid":{"rendered":"http:\/\/jessel.de\/365-tage-sylt\/?p=3491"},"modified":"2017-12-09T16:40:07","modified_gmt":"2017-12-09T16:40:07","slug":"kikerikikiiiieeeh","status":"publish","type":"post","link":"https:\/\/jessel.de\/365-tage-sylt\/kikerikikiiiieeeh\/","title":{"rendered":"\u201eKIKERIKIKIIIIEEEH!\u201c"},"content":{"rendered":"<p>Ein Besuch auf der Rassegefl\u00fcgelschau des Sylter Kleintierzuchtvereins ist ein \u201eMust\u201c im vorweihnachtlichen Veranstaltungskalender eines H\u00fchnerfreunds &#8211; wie mir. Hier, zur Begr\u00fc\u00dfung, ein fr\u00f6hliches Quartett von ZWERG-SEIDENH\u00dcHNERN:<\/p>\n<p><img loading=\"lazy\" decoding=\"async\" class=\"alignnone size-full wp-image-3495\" src=\"http:\/\/jessel.de\/365-tage-sylt\/wp-content\/uploads\/2017\/12\/84316061-5AC4-4391-91EE-95D3660872DE.jpeg\" alt=\"\" width=\"1060\" height=\"522\" srcset=\"https:\/\/jessel.de\/365-tage-sylt\/wp-content\/uploads\/2017\/12\/84316061-5AC4-4391-91EE-95D3660872DE.jpeg 1060w, https:\/\/jessel.de\/365-tage-sylt\/wp-content\/uploads\/2017\/12\/84316061-5AC4-4391-91EE-95D3660872DE-300x148.jpeg 300w, https:\/\/jessel.de\/365-tage-sylt\/wp-content\/uploads\/2017\/12\/84316061-5AC4-4391-91EE-95D3660872DE-768x378.jpeg 768w, https:\/\/jessel.de\/365-tage-sylt\/wp-content\/uploads\/2017\/12\/84316061-5AC4-4391-91EE-95D3660872DE-1024x504.jpeg 1024w\" sizes=\"auto, (max-width: 1060px) 100vw, 1060px\" \/><\/p>\n<p>Hier ein besonderes Prachtexemplar eines &#8211; \u00e4h &#8211; REICHSHUHNS, bzw. REICHSHAHNS. Ja, das heisst wirklich so und bringt sicher 4,5 kg auf die Waage:<\/p>\n<p><img loading=\"lazy\" decoding=\"async\" class=\"alignnone size-full wp-image-3497\" src=\"http:\/\/jessel.de\/365-tage-sylt\/wp-content\/uploads\/2017\/12\/E4FB1D70-2745-406B-9E4E-18E6E78AFA0D.jpeg\" alt=\"\" width=\"1060\" height=\"795\" srcset=\"https:\/\/jessel.de\/365-tage-sylt\/wp-content\/uploads\/2017\/12\/E4FB1D70-2745-406B-9E4E-18E6E78AFA0D.jpeg 1060w, https:\/\/jessel.de\/365-tage-sylt\/wp-content\/uploads\/2017\/12\/E4FB1D70-2745-406B-9E4E-18E6E78AFA0D-300x225.jpeg 300w, https:\/\/jessel.de\/365-tage-sylt\/wp-content\/uploads\/2017\/12\/E4FB1D70-2745-406B-9E4E-18E6E78AFA0D-768x576.jpeg 768w, https:\/\/jessel.de\/365-tage-sylt\/wp-content\/uploads\/2017\/12\/E4FB1D70-2745-406B-9E4E-18E6E78AFA0D-1024x768.jpeg 1024w\" sizes=\"auto, (max-width: 1060px) 100vw, 1060px\" \/><\/p>\n<p>Andere H\u00fchner sehen eher wie Paradiesv\u00f6gel aus:<\/p>\n<p><img loading=\"lazy\" decoding=\"async\" class=\"alignnone size-full wp-image-3498\" src=\"http:\/\/jessel.de\/365-tage-sylt\/wp-content\/uploads\/2017\/12\/8181F1E7-95FD-4951-A918-BA7DE3C07CC0.jpeg\" alt=\"\" width=\"1060\" height=\"701\" srcset=\"https:\/\/jessel.de\/365-tage-sylt\/wp-content\/uploads\/2017\/12\/8181F1E7-95FD-4951-A918-BA7DE3C07CC0.jpeg 1060w, https:\/\/jessel.de\/365-tage-sylt\/wp-content\/uploads\/2017\/12\/8181F1E7-95FD-4951-A918-BA7DE3C07CC0-300x198.jpeg 300w, https:\/\/jessel.de\/365-tage-sylt\/wp-content\/uploads\/2017\/12\/8181F1E7-95FD-4951-A918-BA7DE3C07CC0-768x508.jpeg 768w, https:\/\/jessel.de\/365-tage-sylt\/wp-content\/uploads\/2017\/12\/8181F1E7-95FD-4951-A918-BA7DE3C07CC0-1024x677.jpeg 1024w\" sizes=\"auto, (max-width: 1060px) 100vw, 1060px\" \/><\/p>\n<p>Auch flott:<\/p>\n<p><img loading=\"lazy\" decoding=\"async\" class=\"alignnone size-full wp-image-3499\" src=\"http:\/\/jessel.de\/365-tage-sylt\/wp-content\/uploads\/2017\/12\/FFDAACC2-368B-4907-9E08-A64F2EBB420C.jpeg\" alt=\"\" width=\"1060\" height=\"738\" srcset=\"https:\/\/jessel.de\/365-tage-sylt\/wp-content\/uploads\/2017\/12\/FFDAACC2-368B-4907-9E08-A64F2EBB420C.jpeg 1060w, https:\/\/jessel.de\/365-tage-sylt\/wp-content\/uploads\/2017\/12\/FFDAACC2-368B-4907-9E08-A64F2EBB420C-300x209.jpeg 300w, https:\/\/jessel.de\/365-tage-sylt\/wp-content\/uploads\/2017\/12\/FFDAACC2-368B-4907-9E08-A64F2EBB420C-768x535.jpeg 768w, https:\/\/jessel.de\/365-tage-sylt\/wp-content\/uploads\/2017\/12\/FFDAACC2-368B-4907-9E08-A64F2EBB420C-1024x713.jpeg 1024w\" sizes=\"auto, (max-width: 1060px) 100vw, 1060px\" \/><\/p>\n<p>Typischer Fall von Hahn im Korb: Ein CHABO-Zwerghahn, etwas grimmig wegen des heranpirschenden Geschlechtsgenossen&#8230;), samt reizender Begleitung:<\/p>\n<p><img loading=\"lazy\" decoding=\"async\" class=\"alignnone size-full wp-image-3492\" src=\"http:\/\/jessel.de\/365-tage-sylt\/wp-content\/uploads\/2017\/12\/F71B30C9-7C82-4DB7-8C04-1B28F8A26166.jpeg\" alt=\"\" width=\"1067\" height=\"800\" srcset=\"https:\/\/jessel.de\/365-tage-sylt\/wp-content\/uploads\/2017\/12\/F71B30C9-7C82-4DB7-8C04-1B28F8A26166.jpeg 1067w, https:\/\/jessel.de\/365-tage-sylt\/wp-content\/uploads\/2017\/12\/F71B30C9-7C82-4DB7-8C04-1B28F8A26166-300x225.jpeg 300w, https:\/\/jessel.de\/365-tage-sylt\/wp-content\/uploads\/2017\/12\/F71B30C9-7C82-4DB7-8C04-1B28F8A26166-768x576.jpeg 768w, https:\/\/jessel.de\/365-tage-sylt\/wp-content\/uploads\/2017\/12\/F71B30C9-7C82-4DB7-8C04-1B28F8A26166-1024x768.jpeg 1024w\" sizes=\"auto, (max-width: 1067px) 100vw, 1067px\" \/><\/p>\n<p>Nachmittags werden die Blau-Anteile am Himmel endlich gr\u00f6\u00dfer, so dass ich noch manch\u02cb \u00a0Rassegefl\u00fcgel in freier Wildbahn begegne:<\/p>\n<p><img loading=\"lazy\" decoding=\"async\" class=\"alignnone size-full wp-image-3494\" src=\"http:\/\/jessel.de\/365-tage-sylt\/wp-content\/uploads\/2017\/12\/D1F39891-EB3F-46C2-82E1-1B0954551C86.jpeg\" alt=\"\" width=\"1200\" height=\"800\" srcset=\"https:\/\/jessel.de\/365-tage-sylt\/wp-content\/uploads\/2017\/12\/D1F39891-EB3F-46C2-82E1-1B0954551C86.jpeg 1200w, https:\/\/jessel.de\/365-tage-sylt\/wp-content\/uploads\/2017\/12\/D1F39891-EB3F-46C2-82E1-1B0954551C86-300x200.jpeg 300w, https:\/\/jessel.de\/365-tage-sylt\/wp-content\/uploads\/2017\/12\/D1F39891-EB3F-46C2-82E1-1B0954551C86-768x512.jpeg 768w, https:\/\/jessel.de\/365-tage-sylt\/wp-content\/uploads\/2017\/12\/D1F39891-EB3F-46C2-82E1-1B0954551C86-1024x683.jpeg 1024w\" sizes=\"auto, (max-width: 1200px) 100vw, 1200px\" \/><\/p>\n<p>Einfach umwerfend sind die Schnee- und Graupelwolken, die an Sch\u00f6nheit kaum noch zu toppen sind:<\/p>\n<p><img loading=\"lazy\" decoding=\"async\" class=\"alignnone size-full wp-image-3493\" src=\"http:\/\/jessel.de\/365-tage-sylt\/wp-content\/uploads\/2017\/12\/11CA96F9-CBBD-4ED0-A6ED-0E97BFFB156A.jpeg\" alt=\"\" width=\"1202\" height=\"800\" srcset=\"https:\/\/jessel.de\/365-tage-sylt\/wp-content\/uploads\/2017\/12\/11CA96F9-CBBD-4ED0-A6ED-0E97BFFB156A.jpeg 1202w, https:\/\/jessel.de\/365-tage-sylt\/wp-content\/uploads\/2017\/12\/11CA96F9-CBBD-4ED0-A6ED-0E97BFFB156A-300x200.jpeg 300w, https:\/\/jessel.de\/365-tage-sylt\/wp-content\/uploads\/2017\/12\/11CA96F9-CBBD-4ED0-A6ED-0E97BFFB156A-768x511.jpeg 768w, https:\/\/jessel.de\/365-tage-sylt\/wp-content\/uploads\/2017\/12\/11CA96F9-CBBD-4ED0-A6ED-0E97BFFB156A-1024x682.jpeg 1024w\" sizes=\"auto, (max-width: 1202px) 100vw, 1202px\" \/><\/p>\n","protected":false},"excerpt":{"rendered":"<p>Ein Besuch auf der Rassegefl\u00fcgelschau des Sylter Kleintierzuchtvereins ist ein \u201eMust\u201c im vorweihnachtlichen Veranstaltungskalender eines H\u00fchnerfreunds &#8211; wie mir. Hier, zur Begr\u00fc\u00dfung, ein fr\u00f6hliches Quartett von ZWERG-SEIDENH\u00dcHNERN: Hier ein besonderes Prachtexemplar eines &#8211; \u00e4h &#8211; REICHSHUHNS, bzw. REICHSHAHNS. Ja, das heisst wirklich so und bringt sicher 4,5 kg auf die Waage: Andere H\u00fchner sehen eher wie Paradiesv\u00f6gel aus: Auch flott: Typischer Fall von Hahn im Korb: Ein CHABO-Zwerghahn, etwas grimmig&hellip;<\/p>\n","protected":false},"author":2,"featured_media":3496,"comment_status":"open","ping_status":"open","sticky":false,"template":"","format":"standard","meta":{"footnotes":""},"categories":[27,39,48,40,31,30],"tags":[],"class_list":["post-3491","post","type-post","status-publish","format-standard","has-post-thumbnail","hentry","category-alle-bilder","category-arbeit","category-herbst","category-tiere","category-tinnum","category-tradition"],"jetpack_featured_media_url":"https:\/\/jessel.de\/365-tage-sylt\/wp-content\/uploads\/2017\/12\/E0102CA5-4EC9-4D9C-9BE6-6D63E094C585.jpeg","_links":{"self":[{"href":"https:\/\/jessel.de\/365-tage-sylt\/wp-json\/wp\/v2\/posts\/3491","targetHints":{"allow":["GET"]}}],"collection":[{"href":"https:\/\/jessel.de\/365-tage-sylt\/wp-json\/wp\/v2\/posts"}],"about":[{"href":"https:\/\/jessel.de\/365-tage-sylt\/wp-json\/wp\/v2\/types\/post"}],"author":[{"embeddable":true,"href":"https:\/\/jessel.de\/365-tage-sylt\/wp-json\/wp\/v2\/users\/2"}],"replies":[{"embeddable":true,"href":"https:\/\/jessel.de\/365-tage-sylt\/wp-json\/wp\/v2\/comments?post=3491"}],"version-history":[{"count":9,"href":"https:\/\/jessel.de\/365-tage-sylt\/wp-json\/wp\/v2\/posts\/3491\/revisions"}],"predecessor-version":[{"id":3508,"href":"https:\/\/jessel.de\/365-tage-sylt\/wp-json\/wp\/v2\/posts\/3491\/revisions\/3508"}],"wp:featuredmedia":[{"embeddable":true,"href":"https:\/\/jessel.de\/365-tage-sylt\/wp-json\/wp\/v2\/media\/3496"}],"wp:attachment":[{"href":"https:\/\/jessel.de\/365-tage-sylt\/wp-json\/wp\/v2\/media?parent=3491"}],"wp:term":[{"taxonomy":"category","embeddable":true,"href":"https:\/\/jessel.de\/365-tage-sylt\/wp-json\/wp\/v2\/categories?post=3491"},{"taxonomy":"post_tag","embeddable":true,"href":"https:\/\/jessel.de\/365-tage-sylt\/wp-json\/wp\/v2\/tags?post=3491"}],"curies":[{"name":"wp","href":"https:\/\/api.w.org\/{rel}","templated":true}]}}