{"id":3509,"date":"2017-12-10T18:47:56","date_gmt":"2017-12-10T18:47:56","guid":{"rendered":"http:\/\/jessel.de\/365-tage-sylt\/?p=3509"},"modified":"2017-12-10T19:18:49","modified_gmt":"2017-12-10T19:18:49","slug":"frisch-gefoehnt","status":"publish","type":"post","link":"https:\/\/jessel.de\/365-tage-sylt\/frisch-gefoehnt\/","title":{"rendered":"Frisch gef\u00f6hnt"},"content":{"rendered":"<p>Versprochen &#8211; das letzte H\u00fchnerfoto dieses Jahr! Aber diese APPENZELLER SPITZHAUBE muss ich noch los werden. Sie erinnert mich an jemanden&#8230; mir f\u00e4llt auch noch ein, wer es ist.<\/p>\n<p>Dieser 2. Advent bringt den ersten Schnee des Winters, der zumindest l\u00e4nger als eine Stunde liegen bleibt. Immerhin &#8211; aber Fotos davon mache ich davon noch nicht, h\u00e4h\u00e4.<\/p>\n<p>Bin nachmittags am Strand unterwegs. Schon um 14:30 Uhr ist es ern\u00fcchternd d\u00e4mmerig:<\/p>\n<p><img loading=\"lazy\" decoding=\"async\" class=\"alignnone size-full wp-image-3518\" src=\"http:\/\/jessel.de\/365-tage-sylt\/wp-content\/uploads\/2017\/12\/ACAA0D30-C900-4E8C-BD21-4FE6F024B8A8.jpeg\" alt=\"\" width=\"1064\" height=\"798\" srcset=\"https:\/\/jessel.de\/365-tage-sylt\/wp-content\/uploads\/2017\/12\/ACAA0D30-C900-4E8C-BD21-4FE6F024B8A8.jpeg 1064w, https:\/\/jessel.de\/365-tage-sylt\/wp-content\/uploads\/2017\/12\/ACAA0D30-C900-4E8C-BD21-4FE6F024B8A8-300x225.jpeg 300w, https:\/\/jessel.de\/365-tage-sylt\/wp-content\/uploads\/2017\/12\/ACAA0D30-C900-4E8C-BD21-4FE6F024B8A8-768x576.jpeg 768w, https:\/\/jessel.de\/365-tage-sylt\/wp-content\/uploads\/2017\/12\/ACAA0D30-C900-4E8C-BD21-4FE6F024B8A8-1024x768.jpeg 1024w\" sizes=\"auto, (max-width: 1064px) 100vw, 1064px\" \/><\/p>\n<p>Das hindert die winterharten Sylter Wellenreiter nicht, ihrer Leidenschaft nach zu gehen:<\/p>\n<p><img loading=\"lazy\" decoding=\"async\" class=\"alignnone size-full wp-image-3519\" src=\"http:\/\/jessel.de\/365-tage-sylt\/wp-content\/uploads\/2017\/12\/AB932053-2E2A-4E62-8DC2-77E8E58C545B.jpeg\" alt=\"\" width=\"1064\" height=\"798\" srcset=\"https:\/\/jessel.de\/365-tage-sylt\/wp-content\/uploads\/2017\/12\/AB932053-2E2A-4E62-8DC2-77E8E58C545B.jpeg 1064w, https:\/\/jessel.de\/365-tage-sylt\/wp-content\/uploads\/2017\/12\/AB932053-2E2A-4E62-8DC2-77E8E58C545B-300x225.jpeg 300w, https:\/\/jessel.de\/365-tage-sylt\/wp-content\/uploads\/2017\/12\/AB932053-2E2A-4E62-8DC2-77E8E58C545B-768x576.jpeg 768w, https:\/\/jessel.de\/365-tage-sylt\/wp-content\/uploads\/2017\/12\/AB932053-2E2A-4E62-8DC2-77E8E58C545B-1024x768.jpeg 1024w\" sizes=\"auto, (max-width: 1064px) 100vw, 1064px\" \/><\/p>\n<p>In der Friedrichstrasse, die sich dem Beobachter in seltener Leere pr\u00e4sentiert, wird es zunehmend weihnachtlicher &#8211; zugegebenerma\u00dfen ein farbenfrohes Kontrastprogramm zu dem Dauergrau \u00fcber Strand und D\u00fcnen:<\/p>\n<p><img loading=\"lazy\" decoding=\"async\" class=\"alignnone size-full wp-image-3521\" src=\"http:\/\/jessel.de\/365-tage-sylt\/wp-content\/uploads\/2017\/12\/E4CF1770-6792-4E02-B5AE-0CE005FC36FC.jpeg\" alt=\"\" width=\"1064\" height=\"772\" srcset=\"https:\/\/jessel.de\/365-tage-sylt\/wp-content\/uploads\/2017\/12\/E4CF1770-6792-4E02-B5AE-0CE005FC36FC.jpeg 1064w, https:\/\/jessel.de\/365-tage-sylt\/wp-content\/uploads\/2017\/12\/E4CF1770-6792-4E02-B5AE-0CE005FC36FC-300x218.jpeg 300w, https:\/\/jessel.de\/365-tage-sylt\/wp-content\/uploads\/2017\/12\/E4CF1770-6792-4E02-B5AE-0CE005FC36FC-768x557.jpeg 768w, https:\/\/jessel.de\/365-tage-sylt\/wp-content\/uploads\/2017\/12\/E4CF1770-6792-4E02-B5AE-0CE005FC36FC-1024x743.jpeg 1024w\" sizes=\"auto, (max-width: 1064px) 100vw, 1064px\" \/><\/p>\n<p><img loading=\"lazy\" decoding=\"async\" class=\"alignnone size-full wp-image-3522\" src=\"http:\/\/jessel.de\/365-tage-sylt\/wp-content\/uploads\/2017\/12\/BE20E585-A71A-4FC6-AECA-C6349C64B197.jpeg\" alt=\"\" width=\"1064\" height=\"798\" srcset=\"https:\/\/jessel.de\/365-tage-sylt\/wp-content\/uploads\/2017\/12\/BE20E585-A71A-4FC6-AECA-C6349C64B197.jpeg 1064w, https:\/\/jessel.de\/365-tage-sylt\/wp-content\/uploads\/2017\/12\/BE20E585-A71A-4FC6-AECA-C6349C64B197-300x225.jpeg 300w, https:\/\/jessel.de\/365-tage-sylt\/wp-content\/uploads\/2017\/12\/BE20E585-A71A-4FC6-AECA-C6349C64B197-768x576.jpeg 768w, https:\/\/jessel.de\/365-tage-sylt\/wp-content\/uploads\/2017\/12\/BE20E585-A71A-4FC6-AECA-C6349C64B197-1024x768.jpeg 1024w\" sizes=\"auto, (max-width: 1064px) 100vw, 1064px\" \/><\/p>\n<p>Auch die netten Papierh\u00e4uschen, vor kurzem noch auf dem Ottenser Weihnachtsmarkt fotografiert, finden sich im Fenster eines Westerl\u00e4nder Privathauses \ud83d\ude09 \u00a0:<\/p>\n<p><img loading=\"lazy\" decoding=\"async\" class=\"alignnone size-full wp-image-3517\" src=\"http:\/\/jessel.de\/365-tage-sylt\/wp-content\/uploads\/2017\/12\/6FAC1ED7-12BB-40FC-A517-83A5536EF5E5.jpeg\" alt=\"\" width=\"1064\" height=\"798\" srcset=\"https:\/\/jessel.de\/365-tage-sylt\/wp-content\/uploads\/2017\/12\/6FAC1ED7-12BB-40FC-A517-83A5536EF5E5.jpeg 1064w, https:\/\/jessel.de\/365-tage-sylt\/wp-content\/uploads\/2017\/12\/6FAC1ED7-12BB-40FC-A517-83A5536EF5E5-300x225.jpeg 300w, https:\/\/jessel.de\/365-tage-sylt\/wp-content\/uploads\/2017\/12\/6FAC1ED7-12BB-40FC-A517-83A5536EF5E5-768x576.jpeg 768w, https:\/\/jessel.de\/365-tage-sylt\/wp-content\/uploads\/2017\/12\/6FAC1ED7-12BB-40FC-A517-83A5536EF5E5-1024x768.jpeg 1024w\" sizes=\"auto, (max-width: 1064px) 100vw, 1064px\" \/><\/p>\n<p>In der fortgeschrittenen D\u00e4mmerung radel\u02cb ich \u00fcber den Rantum Becken Deich in die Sylter Kaffeer\u00f6sterei, trinke bei brasilianischem Sambasound einen von Christians umwerfenden Cappuccinos, und tr\u00e4ume mich f\u00fcr ein halbes St\u00fcndchen weit, sehr weit weg von dieser nur von kurzen D\u00e4mmerungsphasen unterbrochenen Polarnacht, die wir hier gerade durch machen.<\/p>\n","protected":false},"excerpt":{"rendered":"<p>Versprochen &#8211; das letzte H\u00fchnerfoto dieses Jahr! Aber diese APPENZELLER SPITZHAUBE muss ich noch los werden. Sie erinnert mich an jemanden&#8230; mir f\u00e4llt auch noch ein, wer es ist. Dieser 2. Advent bringt den ersten Schnee des Winters, der zumindest l\u00e4nger als eine Stunde liegen bleibt. Immerhin &#8211; aber Fotos davon mache ich davon noch nicht, h\u00e4h\u00e4. Bin nachmittags am Strand unterwegs. Schon um 14:30 Uhr ist es ern\u00fcchternd d\u00e4mmerig:&hellip;<\/p>\n","protected":false},"author":2,"featured_media":3516,"comment_status":"open","ping_status":"open","sticky":false,"template":"","format":"standard","meta":{"footnotes":""},"categories":[27,39,28,48,35,40,30],"tags":[],"class_list":["post-3509","post","type-post","status-publish","format-standard","has-post-thumbnail","hentry","category-alle-bilder","category-arbeit","category-haeuser","category-herbst","category-schlechtes-wetter","category-tiere","category-tradition"],"jetpack_featured_media_url":"https:\/\/jessel.de\/365-tage-sylt\/wp-content\/uploads\/2017\/12\/987CB0E5-A0C1-4622-B229-19A9E2300498.jpeg","_links":{"self":[{"href":"https:\/\/jessel.de\/365-tage-sylt\/wp-json\/wp\/v2\/posts\/3509","targetHints":{"allow":["GET"]}}],"collection":[{"href":"https:\/\/jessel.de\/365-tage-sylt\/wp-json\/wp\/v2\/posts"}],"about":[{"href":"https:\/\/jessel.de\/365-tage-sylt\/wp-json\/wp\/v2\/types\/post"}],"author":[{"embeddable":true,"href":"https:\/\/jessel.de\/365-tage-sylt\/wp-json\/wp\/v2\/users\/2"}],"replies":[{"embeddable":true,"href":"https:\/\/jessel.de\/365-tage-sylt\/wp-json\/wp\/v2\/comments?post=3509"}],"version-history":[{"count":7,"href":"https:\/\/jessel.de\/365-tage-sylt\/wp-json\/wp\/v2\/posts\/3509\/revisions"}],"predecessor-version":[{"id":3530,"href":"https:\/\/jessel.de\/365-tage-sylt\/wp-json\/wp\/v2\/posts\/3509\/revisions\/3530"}],"wp:featuredmedia":[{"embeddable":true,"href":"https:\/\/jessel.de\/365-tage-sylt\/wp-json\/wp\/v2\/media\/3516"}],"wp:attachment":[{"href":"https:\/\/jessel.de\/365-tage-sylt\/wp-json\/wp\/v2\/media?parent=3509"}],"wp:term":[{"taxonomy":"category","embeddable":true,"href":"https:\/\/jessel.de\/365-tage-sylt\/wp-json\/wp\/v2\/categories?post=3509"},{"taxonomy":"post_tag","embeddable":true,"href":"https:\/\/jessel.de\/365-tage-sylt\/wp-json\/wp\/v2\/tags?post=3509"}],"curies":[{"name":"wp","href":"https:\/\/api.w.org\/{rel}","templated":true}]}}