{"id":3546,"date":"2017-12-12T19:01:59","date_gmt":"2017-12-12T19:01:59","guid":{"rendered":"http:\/\/jessel.de\/365-tage-sylt\/?p=3546"},"modified":"2017-12-12T19:20:59","modified_gmt":"2017-12-12T19:20:59","slug":"so-sieht-der-himmel-aus","status":"publish","type":"post","link":"https:\/\/jessel.de\/365-tage-sylt\/so-sieht-der-himmel-aus\/","title":{"rendered":"So sieht der Himmel aus&#8230;"},"content":{"rendered":"<p>&#8230; wenn mein Profi-Wetterbericht f\u00fcr den ganzen Tag komplette Wolkenbedeckung verspricht. Gl\u00fccklicherweise verlasse ich mich stets auch auf mein Bauchgef\u00fchl&#8230; \ud83d\ude09<\/p>\n<p><img loading=\"lazy\" decoding=\"async\" class=\"alignnone size-full wp-image-3551\" src=\"http:\/\/jessel.de\/365-tage-sylt\/wp-content\/uploads\/2017\/12\/CB19C0C1-5AB1-4E3B-AD42-4BAB2611649C.jpeg\" alt=\"\" width=\"1467\" height=\"800\" srcset=\"https:\/\/jessel.de\/365-tage-sylt\/wp-content\/uploads\/2017\/12\/CB19C0C1-5AB1-4E3B-AD42-4BAB2611649C.jpeg 1467w, https:\/\/jessel.de\/365-tage-sylt\/wp-content\/uploads\/2017\/12\/CB19C0C1-5AB1-4E3B-AD42-4BAB2611649C-300x164.jpeg 300w, https:\/\/jessel.de\/365-tage-sylt\/wp-content\/uploads\/2017\/12\/CB19C0C1-5AB1-4E3B-AD42-4BAB2611649C-768x419.jpeg 768w, https:\/\/jessel.de\/365-tage-sylt\/wp-content\/uploads\/2017\/12\/CB19C0C1-5AB1-4E3B-AD42-4BAB2611649C-1024x558.jpeg 1024w\" sizes=\"auto, (max-width: 1467px) 100vw, 1467px\" \/><\/p>\n<p>Und eben dieses Bauchgef\u00fchl f\u00fchrt mich gleich hinunter an den Strand, wo ich diese gewaltige Lehm-Aussp\u00fclung fotografieren kann. Seitdem n\u00e4mlich das Rote Kliff (aufgrund der Sandvorsp\u00fclungen) nicht mehr vom Meer attackiert wird, sorgt der Regen f\u00fcr spektakul\u00e4re Auswaschungen. SO sch\u00f6n wie an dieser Stelle habe ich das bislang noch nie gesehen.<\/p>\n<p>In der D\u00e4mmerung erreiche ich Kampen. Keine Menschenseele mehr am Strand &#8211; herrlich. So leer wie jetzt ist die Insel nur wenige Wochen im Jahr:<\/p>\n<p><img loading=\"lazy\" decoding=\"async\" class=\"alignnone size-full wp-image-3554\" src=\"http:\/\/jessel.de\/365-tage-sylt\/wp-content\/uploads\/2017\/12\/EC3DB902-9714-4FCC-A5C3-91C6378215FB.jpeg\" alt=\"\" width=\"1797\" height=\"800\" srcset=\"https:\/\/jessel.de\/365-tage-sylt\/wp-content\/uploads\/2017\/12\/EC3DB902-9714-4FCC-A5C3-91C6378215FB.jpeg 1797w, https:\/\/jessel.de\/365-tage-sylt\/wp-content\/uploads\/2017\/12\/EC3DB902-9714-4FCC-A5C3-91C6378215FB-300x134.jpeg 300w, https:\/\/jessel.de\/365-tage-sylt\/wp-content\/uploads\/2017\/12\/EC3DB902-9714-4FCC-A5C3-91C6378215FB-768x342.jpeg 768w, https:\/\/jessel.de\/365-tage-sylt\/wp-content\/uploads\/2017\/12\/EC3DB902-9714-4FCC-A5C3-91C6378215FB-1024x456.jpeg 1024w\" sizes=\"auto, (max-width: 1797px) 100vw, 1797px\" \/><\/p>\n<p>Diese wundersch\u00f6ne Nordseestimmung am Niedrigwasserstrand hinterl\u00e4sst einen gl\u00fccklichen Fotografen:<\/p>\n<p><img loading=\"lazy\" decoding=\"async\" class=\"alignnone size-full wp-image-3552\" src=\"http:\/\/jessel.de\/365-tage-sylt\/wp-content\/uploads\/2017\/12\/2FBAAE9B-E145-43FD-A3FD-944312D4BC0D.jpeg\" alt=\"\" width=\"1202\" height=\"800\" srcset=\"https:\/\/jessel.de\/365-tage-sylt\/wp-content\/uploads\/2017\/12\/2FBAAE9B-E145-43FD-A3FD-944312D4BC0D.jpeg 1202w, https:\/\/jessel.de\/365-tage-sylt\/wp-content\/uploads\/2017\/12\/2FBAAE9B-E145-43FD-A3FD-944312D4BC0D-300x200.jpeg 300w, https:\/\/jessel.de\/365-tage-sylt\/wp-content\/uploads\/2017\/12\/2FBAAE9B-E145-43FD-A3FD-944312D4BC0D-768x511.jpeg 768w, https:\/\/jessel.de\/365-tage-sylt\/wp-content\/uploads\/2017\/12\/2FBAAE9B-E145-43FD-A3FD-944312D4BC0D-1024x682.jpeg 1024w\" sizes=\"auto, (max-width: 1202px) 100vw, 1202px\" \/><\/p>\n<p>Dass es nach diesem wunderbaren Nachmittag (mit bestechender Sicht!) morgen einen Regentag gibt, darin sind sich der Profi-Wetterbericht und mein Bauchgef\u00fchl \u00fcbrigens einig&#8230;<\/p>\n<p>&nbsp;<\/p>\n","protected":false},"excerpt":{"rendered":"<p>&#8230; wenn mein Profi-Wetterbericht f\u00fcr den ganzen Tag komplette Wolkenbedeckung verspricht. Gl\u00fccklicherweise verlasse ich mich stets auch auf mein Bauchgef\u00fchl&#8230; \ud83d\ude09 Und eben dieses Bauchgef\u00fchl f\u00fchrt mich gleich hinunter an den Strand, wo ich diese gewaltige Lehm-Aussp\u00fclung fotografieren kann. Seitdem n\u00e4mlich das Rote Kliff (aufgrund der Sandvorsp\u00fclungen) nicht mehr vom Meer attackiert wird, sorgt der Regen f\u00fcr spektakul\u00e4re Auswaschungen. SO sch\u00f6n wie an dieser Stelle habe ich das bislang noch&hellip;<\/p>\n","protected":false},"author":2,"featured_media":3549,"comment_status":"open","ping_status":"open","sticky":false,"template":"","format":"standard","meta":{"footnotes":""},"categories":[27,24,48,44,4,26,38],"tags":[],"class_list":["post-3546","post","type-post","status-publish","format-standard","has-post-thumbnail","hentry","category-alle-bilder","category-duenen","category-herbst","category-pflanzen","category-spuren","category-strand","category-wenningstedt"],"jetpack_featured_media_url":"https:\/\/jessel.de\/365-tage-sylt\/wp-content\/uploads\/2017\/12\/9F42E164-C8D2-4F50-B9C2-A2E98BBFCA96.jpeg","_links":{"self":[{"href":"https:\/\/jessel.de\/365-tage-sylt\/wp-json\/wp\/v2\/posts\/3546","targetHints":{"allow":["GET"]}}],"collection":[{"href":"https:\/\/jessel.de\/365-tage-sylt\/wp-json\/wp\/v2\/posts"}],"about":[{"href":"https:\/\/jessel.de\/365-tage-sylt\/wp-json\/wp\/v2\/types\/post"}],"author":[{"embeddable":true,"href":"https:\/\/jessel.de\/365-tage-sylt\/wp-json\/wp\/v2\/users\/2"}],"replies":[{"embeddable":true,"href":"https:\/\/jessel.de\/365-tage-sylt\/wp-json\/wp\/v2\/comments?post=3546"}],"version-history":[{"count":3,"href":"https:\/\/jessel.de\/365-tage-sylt\/wp-json\/wp\/v2\/posts\/3546\/revisions"}],"predecessor-version":[{"id":3557,"href":"https:\/\/jessel.de\/365-tage-sylt\/wp-json\/wp\/v2\/posts\/3546\/revisions\/3557"}],"wp:featuredmedia":[{"embeddable":true,"href":"https:\/\/jessel.de\/365-tage-sylt\/wp-json\/wp\/v2\/media\/3549"}],"wp:attachment":[{"href":"https:\/\/jessel.de\/365-tage-sylt\/wp-json\/wp\/v2\/media?parent=3546"}],"wp:term":[{"taxonomy":"category","embeddable":true,"href":"https:\/\/jessel.de\/365-tage-sylt\/wp-json\/wp\/v2\/categories?post=3546"},{"taxonomy":"post_tag","embeddable":true,"href":"https:\/\/jessel.de\/365-tage-sylt\/wp-json\/wp\/v2\/tags?post=3546"}],"curies":[{"name":"wp","href":"https:\/\/api.w.org\/{rel}","templated":true}]}}