{"id":3558,"date":"2017-12-13T15:07:46","date_gmt":"2017-12-13T15:07:46","guid":{"rendered":"http:\/\/jessel.de\/365-tage-sylt\/?p=3558"},"modified":"2017-12-13T15:56:54","modified_gmt":"2017-12-13T15:56:54","slug":"na-bitte-geht-doch","status":"publish","type":"post","link":"https:\/\/jessel.de\/365-tage-sylt\/na-bitte-geht-doch\/","title":{"rendered":"Na bitte, geht doch!"},"content":{"rendered":"<p>Profi-Wetterbericht und Bauchgef\u00fchl sind wieder kongruent. Es regnet den ganzen Tag &#8211; und ich finde mich im Zug nach Hamburg wieder. Bestes Gro\u00dfstadtwetter&#8230;<\/p>\n<p>In Heide habe ich bereits 160 Motive beschriftet, als der Catering-Man mit frisch gebr\u00fchtem Kaffee kommt. Draussen ist die Landschaft mittlerweile schmutzig-wei\u00df, auch egal.<\/p>\n<p>Eine Blog-Leserin der ersten Stunde versorgt mich seit Jahren (&#x1f618;&#x1f618;&#x1f618;) mit dem REISETEIL der FRANKFURTER ALLGEMEINEN, deren qualitativ herausragende Berichte aus der gro\u00dfen, und so herrlich weiten Welt definitiv im Zenit meiner Lesew\u00fcnsche stehen. Lieblings-Autor: Der gro\u00dfe, unverwechselbare Jacob Strobel y Serra, ganz offenbar mein eineiiger Zwillingsbruder in Sachen \u201eLust am Reisen und trotzdem nicht verhungern&#8230; und verdursten erst recht nicht!\u201c Wenn er durch Wein-lastige Gegenden streift, bin ich regelm\u00e4\u00dfig schon vom Lesen angeschiggert.<\/p>\n<p>Diesen armen Kerl hatte es nun nach PALM SPRINGS verschlagen, eine Million\u00e4rs- und Promi-Kleinstadt in einer der viral \u00f6desten Ecken der USA. Ich war da auch mal &#8211; einen Steinwurf entfernt am Salton Sea, und auch noch n\u00e4her dran &#8211; und schwor mir n\u00e4chtens in meinem Wohnmobil, dass es bei diesem EINEN Mal auch hoffentlich(!) bleiben w\u00fcrde. Nun schliddere ich also mit aufgerichteten Nackenhaaren in diesen Bericht hinein, schlinge ihn mit schnell schwindendem Unbehagen herunter &#8211; und f\u00fchle mich beim Lesen der finalen Zeilen genesen von diesem 1990er Jahre Trauma, mehr noch: Als ich in Altona aussteige, denke ich allen Ernstes, DA m\u00fcsste ich eigentlich noch mal hin&#8230; DAS nenne ich mal geniale Reiseschriftstellerei. Chapeau!<\/p>\n<p>Gestern nachmittag hatte ich nach gut zwei Stunden immerhin 142 Bilder im Kasten &#8211; das ist selten, zu erkl\u00e4ren wohl auch mit dem \u201eFotostau\u201c, der sich in diesen dunklen und regnerischen Wochen regelm\u00e4\u00dfig aufbaut.<\/p>\n<p>Deshalb mein Vorschlag: Wir gucken uns jetzt diesen Tag sch\u00f6n&#8230; mit einigen Reminiszenzen zum gestrigen Dienstag, o.k.?<\/p>\n<p>Blickrichtung Schottland:<\/p>\n<p><img loading=\"lazy\" decoding=\"async\" class=\"alignnone size-full wp-image-3548\" src=\"http:\/\/jessel.de\/365-tage-sylt\/wp-content\/uploads\/2017\/12\/8ACD418A-9D9C-4D33-AF17-9AE59F0EDE05.jpeg\" alt=\"\" width=\"1202\" height=\"800\" srcset=\"https:\/\/jessel.de\/365-tage-sylt\/wp-content\/uploads\/2017\/12\/8ACD418A-9D9C-4D33-AF17-9AE59F0EDE05.jpeg 1202w, https:\/\/jessel.de\/365-tage-sylt\/wp-content\/uploads\/2017\/12\/8ACD418A-9D9C-4D33-AF17-9AE59F0EDE05-300x200.jpeg 300w, https:\/\/jessel.de\/365-tage-sylt\/wp-content\/uploads\/2017\/12\/8ACD418A-9D9C-4D33-AF17-9AE59F0EDE05-768x511.jpeg 768w, https:\/\/jessel.de\/365-tage-sylt\/wp-content\/uploads\/2017\/12\/8ACD418A-9D9C-4D33-AF17-9AE59F0EDE05-1024x682.jpeg 1024w\" sizes=\"auto, (max-width: 1202px) 100vw, 1202px\" \/><\/p>\n<p>Rotbraunes Kliff:<\/p>\n<p><img loading=\"lazy\" decoding=\"async\" class=\"alignnone size-full wp-image-3550\" src=\"http:\/\/jessel.de\/365-tage-sylt\/wp-content\/uploads\/2017\/12\/1799B4B5-E621-4684-A54E-39AB934BBBB5.jpeg\" alt=\"\" width=\"1202\" height=\"800\" srcset=\"https:\/\/jessel.de\/365-tage-sylt\/wp-content\/uploads\/2017\/12\/1799B4B5-E621-4684-A54E-39AB934BBBB5.jpeg 1202w, https:\/\/jessel.de\/365-tage-sylt\/wp-content\/uploads\/2017\/12\/1799B4B5-E621-4684-A54E-39AB934BBBB5-300x200.jpeg 300w, https:\/\/jessel.de\/365-tage-sylt\/wp-content\/uploads\/2017\/12\/1799B4B5-E621-4684-A54E-39AB934BBBB5-768x511.jpeg 768w, https:\/\/jessel.de\/365-tage-sylt\/wp-content\/uploads\/2017\/12\/1799B4B5-E621-4684-A54E-39AB934BBBB5-1024x682.jpeg 1024w\" sizes=\"auto, (max-width: 1202px) 100vw, 1202px\" \/><\/p>\n<p>Dieses grandiose Licht gibt\u2019s nur im Winter:<\/p>\n<p><img loading=\"lazy\" decoding=\"async\" class=\"alignnone size-full wp-image-3547\" src=\"http:\/\/jessel.de\/365-tage-sylt\/wp-content\/uploads\/2017\/12\/95046A8D-AA5D-4E30-ACA1-456F236018E0.jpeg\" alt=\"\" width=\"1202\" height=\"800\" srcset=\"https:\/\/jessel.de\/365-tage-sylt\/wp-content\/uploads\/2017\/12\/95046A8D-AA5D-4E30-ACA1-456F236018E0.jpeg 1202w, https:\/\/jessel.de\/365-tage-sylt\/wp-content\/uploads\/2017\/12\/95046A8D-AA5D-4E30-ACA1-456F236018E0-300x200.jpeg 300w, https:\/\/jessel.de\/365-tage-sylt\/wp-content\/uploads\/2017\/12\/95046A8D-AA5D-4E30-ACA1-456F236018E0-768x511.jpeg 768w, https:\/\/jessel.de\/365-tage-sylt\/wp-content\/uploads\/2017\/12\/95046A8D-AA5D-4E30-ACA1-456F236018E0-1024x682.jpeg 1024w\" sizes=\"auto, (max-width: 1202px) 100vw, 1202px\" \/><\/p>\n<p>Zur Blauen Stunde in Kampen:<\/p>\n<p><img loading=\"lazy\" decoding=\"async\" class=\"alignnone size-full wp-image-3553\" src=\"http:\/\/jessel.de\/365-tage-sylt\/wp-content\/uploads\/2017\/12\/C4320CFB-09AA-4488-84F8-BE49A012F31B.jpeg\" alt=\"\" width=\"1202\" height=\"800\" srcset=\"https:\/\/jessel.de\/365-tage-sylt\/wp-content\/uploads\/2017\/12\/C4320CFB-09AA-4488-84F8-BE49A012F31B.jpeg 1202w, https:\/\/jessel.de\/365-tage-sylt\/wp-content\/uploads\/2017\/12\/C4320CFB-09AA-4488-84F8-BE49A012F31B-300x200.jpeg 300w, https:\/\/jessel.de\/365-tage-sylt\/wp-content\/uploads\/2017\/12\/C4320CFB-09AA-4488-84F8-BE49A012F31B-768x511.jpeg 768w, https:\/\/jessel.de\/365-tage-sylt\/wp-content\/uploads\/2017\/12\/C4320CFB-09AA-4488-84F8-BE49A012F31B-1024x682.jpeg 1024w\" sizes=\"auto, (max-width: 1202px) 100vw, 1202px\" \/><\/p>\n<p>O.k., wenn\u02cbs so immer w\u00e4re, w\u00e4r\u02cbs auch bald langweilig. Gebongt.<\/p>\n","protected":false},"excerpt":{"rendered":"<p>Profi-Wetterbericht und Bauchgef\u00fchl sind wieder kongruent. Es regnet den ganzen Tag &#8211; und ich finde mich im Zug nach Hamburg wieder. Bestes Gro\u00dfstadtwetter&#8230; In Heide habe ich bereits 160 Motive beschriftet, als der Catering-Man mit frisch gebr\u00fchtem Kaffee kommt. Draussen ist die Landschaft mittlerweile schmutzig-wei\u00df, auch egal. Eine Blog-Leserin der ersten Stunde versorgt mich seit Jahren (&#x1f618;&#x1f618;&#x1f618;) mit dem REISETEIL der FRANKFURTER ALLGEMEINEN, deren qualitativ herausragende Berichte aus der gro\u00dfen,&hellip;<\/p>\n","protected":false},"author":2,"featured_media":3559,"comment_status":"open","ping_status":"open","sticky":false,"template":"","format":"standard","meta":{"footnotes":""},"categories":[27,48,35,29,33],"tags":[],"class_list":["post-3558","post","type-post","status-publish","format-standard","has-post-thumbnail","hentry","category-alle-bilder","category-herbst","category-schlechtes-wetter","category-verkehr","category-woanders"],"jetpack_featured_media_url":"https:\/\/jessel.de\/365-tage-sylt\/wp-content\/uploads\/2017\/12\/C2D85042-5271-4683-99E5-8CA96B6AA1DF.jpeg","_links":{"self":[{"href":"https:\/\/jessel.de\/365-tage-sylt\/wp-json\/wp\/v2\/posts\/3558","targetHints":{"allow":["GET"]}}],"collection":[{"href":"https:\/\/jessel.de\/365-tage-sylt\/wp-json\/wp\/v2\/posts"}],"about":[{"href":"https:\/\/jessel.de\/365-tage-sylt\/wp-json\/wp\/v2\/types\/post"}],"author":[{"embeddable":true,"href":"https:\/\/jessel.de\/365-tage-sylt\/wp-json\/wp\/v2\/users\/2"}],"replies":[{"embeddable":true,"href":"https:\/\/jessel.de\/365-tage-sylt\/wp-json\/wp\/v2\/comments?post=3558"}],"version-history":[{"count":3,"href":"https:\/\/jessel.de\/365-tage-sylt\/wp-json\/wp\/v2\/posts\/3558\/revisions"}],"predecessor-version":[{"id":3562,"href":"https:\/\/jessel.de\/365-tage-sylt\/wp-json\/wp\/v2\/posts\/3558\/revisions\/3562"}],"wp:featuredmedia":[{"embeddable":true,"href":"https:\/\/jessel.de\/365-tage-sylt\/wp-json\/wp\/v2\/media\/3559"}],"wp:attachment":[{"href":"https:\/\/jessel.de\/365-tage-sylt\/wp-json\/wp\/v2\/media?parent=3558"}],"wp:term":[{"taxonomy":"category","embeddable":true,"href":"https:\/\/jessel.de\/365-tage-sylt\/wp-json\/wp\/v2\/categories?post=3558"},{"taxonomy":"post_tag","embeddable":true,"href":"https:\/\/jessel.de\/365-tage-sylt\/wp-json\/wp\/v2\/tags?post=3558"}],"curies":[{"name":"wp","href":"https:\/\/api.w.org\/{rel}","templated":true}]}}