{"id":3896,"date":"2018-01-21T17:16:55","date_gmt":"2018-01-21T17:16:55","guid":{"rendered":"http:\/\/jessel.de\/365-tage-sylt\/?p=3896"},"modified":"2018-01-21T17:24:39","modified_gmt":"2018-01-21T17:24:39","slug":"21-januar-strand-und-sonne-raeumen-seele-auf","status":"publish","type":"post","link":"https:\/\/jessel.de\/365-tage-sylt\/21-januar-strand-und-sonne-raeumen-seele-auf\/","title":{"rendered":"21. Januar: Strand und Sonne r\u00e4umen Seele auf"},"content":{"rendered":"<p>Um 8 Uhr am Morgen ertappe ich mich dabei, wie ich &#8211; seit immerhin zwei Stunden &#8211; eine komplette Reise in die Sonne durchgeplant habe: Flug Hamburg &#8211; Faro, Bahnfahrt nach Vila Real de Santo Antonio, K\u00fcstenwanderung \u00fcber Tavira, Olh\u00e3o, Faro, Quarteira, Arma\u00e7\u00e3o de P\u00eara, Portim\u00e3o nach Lagos. Bahnfahrt nach Lissabon, R\u00fcckflug nach Hamburg. Bingo.<\/p>\n<p>Es muss der Vitamin D &#8211; Mangel sein. Bleibt nur die Frage, ob ich Euch (wieder) \u201emit nehme\u201c oder bis zum 22. Februar warte. Ich tendiere zur ersten Variante &#8211; Abmarsch noch im Januar. We will see.<\/p>\n<p>Kurz nach 9 Uhr k\u00e4mpft sich die Sonne durch den Dunst, ich also aufs Rad und nach Rantum. Aaaaaah! Offenbar bin ich hier richtig. Zum Durchatmen schon mal:<\/p>\n<p><img loading=\"lazy\" decoding=\"async\" class=\"alignnone size-full wp-image-3897\" src=\"http:\/\/jessel.de\/365-tage-sylt\/wp-content\/uploads\/2018\/01\/7E54B12C-2C4B-4F92-8B4F-94A03F000DBA.jpeg\" alt=\"\" width=\"1641\" height=\"800\" srcset=\"https:\/\/jessel.de\/365-tage-sylt\/wp-content\/uploads\/2018\/01\/7E54B12C-2C4B-4F92-8B4F-94A03F000DBA.jpeg 1641w, https:\/\/jessel.de\/365-tage-sylt\/wp-content\/uploads\/2018\/01\/7E54B12C-2C4B-4F92-8B4F-94A03F000DBA-300x146.jpeg 300w, https:\/\/jessel.de\/365-tage-sylt\/wp-content\/uploads\/2018\/01\/7E54B12C-2C4B-4F92-8B4F-94A03F000DBA-768x374.jpeg 768w, https:\/\/jessel.de\/365-tage-sylt\/wp-content\/uploads\/2018\/01\/7E54B12C-2C4B-4F92-8B4F-94A03F000DBA-1024x499.jpeg 1024w\" sizes=\"auto, (max-width: 1641px) 100vw, 1641px\" \/><\/p>\n<p>Es ist Niedrigwasser &#8211; und ein gewaltig breiter Strand erwartet mich. \u00dcbrigens sehen die Str\u00e4nde an der Ost-Algarve nahezu identisch aus, nur die D\u00fcnen sind meist flacher &#8211; und der Himmel sieht an mindestens 5 Tagen in der Woche so aus, bei mindestens 16 Grad. Aber es gibt dort keine sooo sch\u00f6nen Buhnen:<\/p>\n<p><img loading=\"lazy\" decoding=\"async\" class=\"alignnone size-full wp-image-3902\" src=\"http:\/\/jessel.de\/365-tage-sylt\/wp-content\/uploads\/2018\/01\/5E435B90-E41D-43EC-86A5-AD4BEEAAE298.jpeg\" alt=\"\" width=\"1689\" height=\"800\" srcset=\"https:\/\/jessel.de\/365-tage-sylt\/wp-content\/uploads\/2018\/01\/5E435B90-E41D-43EC-86A5-AD4BEEAAE298.jpeg 1689w, https:\/\/jessel.de\/365-tage-sylt\/wp-content\/uploads\/2018\/01\/5E435B90-E41D-43EC-86A5-AD4BEEAAE298-300x142.jpeg 300w, https:\/\/jessel.de\/365-tage-sylt\/wp-content\/uploads\/2018\/01\/5E435B90-E41D-43EC-86A5-AD4BEEAAE298-768x364.jpeg 768w, https:\/\/jessel.de\/365-tage-sylt\/wp-content\/uploads\/2018\/01\/5E435B90-E41D-43EC-86A5-AD4BEEAAE298-1024x485.jpeg 1024w\" sizes=\"auto, (max-width: 1689px) 100vw, 1689px\" \/><\/p>\n<p>Zun\u00e4chst habe ich den gesamten Strand nur f\u00fcr mich, gut so:<\/p>\n<p><img loading=\"lazy\" decoding=\"async\" class=\"alignnone size-full wp-image-3899\" src=\"http:\/\/jessel.de\/365-tage-sylt\/wp-content\/uploads\/2018\/01\/9004C2BF-7DEA-4441-BF8B-E002390F1B07.jpeg\" alt=\"\" width=\"1860\" height=\"800\" srcset=\"https:\/\/jessel.de\/365-tage-sylt\/wp-content\/uploads\/2018\/01\/9004C2BF-7DEA-4441-BF8B-E002390F1B07.jpeg 1860w, https:\/\/jessel.de\/365-tage-sylt\/wp-content\/uploads\/2018\/01\/9004C2BF-7DEA-4441-BF8B-E002390F1B07-300x129.jpeg 300w, https:\/\/jessel.de\/365-tage-sylt\/wp-content\/uploads\/2018\/01\/9004C2BF-7DEA-4441-BF8B-E002390F1B07-768x330.jpeg 768w, https:\/\/jessel.de\/365-tage-sylt\/wp-content\/uploads\/2018\/01\/9004C2BF-7DEA-4441-BF8B-E002390F1B07-1024x440.jpeg 1024w\" sizes=\"auto, (max-width: 1860px) 100vw, 1860px\" \/><\/p>\n<p>Bald tauchen weitere Strandspazierg\u00e4nger auf, und ich mach\u02cb mich d\u00fcnne:<\/p>\n<p><img loading=\"lazy\" decoding=\"async\" class=\"alignnone size-full wp-image-3898\" src=\"http:\/\/jessel.de\/365-tage-sylt\/wp-content\/uploads\/2018\/01\/F1FDBCF7-6224-402E-BC75-E86D1703AD7C.jpeg\" alt=\"\" width=\"450\" height=\"800\" srcset=\"https:\/\/jessel.de\/365-tage-sylt\/wp-content\/uploads\/2018\/01\/F1FDBCF7-6224-402E-BC75-E86D1703AD7C.jpeg 450w, https:\/\/jessel.de\/365-tage-sylt\/wp-content\/uploads\/2018\/01\/F1FDBCF7-6224-402E-BC75-E86D1703AD7C-169x300.jpeg 169w\" sizes=\"auto, (max-width: 450px) 100vw, 450px\" \/><\/p>\n<p>Dieser Nadelholzstamm steht seit 123 Jahren in der Brandungszone.<\/p>\n<p>Gegen 12 Uhr radel\u02cb ich zur\u00fcck nach Westerland. Bei der Ortseinfahrt tauche ich in eine fette Nebelbank ein &#8211; die Sonnenstrahlen am Morgen d\u00fcrften vorerst die letzten gewesen sein. Eine Warmfront mit Schneefall erreicht Sylt noch in dieser Nacht.<\/p>\n<p>&nbsp;<\/p>\n<p>&nbsp;<\/p>\n","protected":false},"excerpt":{"rendered":"<p>Um 8 Uhr am Morgen ertappe ich mich dabei, wie ich &#8211; seit immerhin zwei Stunden &#8211; eine komplette Reise in die Sonne durchgeplant habe: Flug Hamburg &#8211; Faro, Bahnfahrt nach Vila Real de Santo Antonio, K\u00fcstenwanderung \u00fcber Tavira, Olh\u00e3o, Faro, Quarteira, Arma\u00e7\u00e3o de P\u00eara, Portim\u00e3o nach Lagos. Bahnfahrt nach Lissabon, R\u00fcckflug nach Hamburg. Bingo. Es muss der Vitamin D &#8211; Mangel sein. Bleibt nur die Frage, ob ich Euch&hellip;<\/p>\n","protected":false},"author":2,"featured_media":3900,"comment_status":"open","ping_status":"open","sticky":false,"template":"","format":"standard","meta":{"footnotes":""},"categories":[27,37,24,3,34,4,26,30,23],"tags":[],"class_list":["post-3896","post","type-post","status-publish","format-standard","has-post-thumbnail","hentry","category-alle-bilder","category-buhne","category-duenen","category-menschen","category-rantum","category-spuren","category-strand","category-tradition","category-winter"],"jetpack_featured_media_url":"https:\/\/jessel.de\/365-tage-sylt\/wp-content\/uploads\/2018\/01\/33D66245-590E-4904-BBC5-E0831F0E07E3.jpeg","_links":{"self":[{"href":"https:\/\/jessel.de\/365-tage-sylt\/wp-json\/wp\/v2\/posts\/3896","targetHints":{"allow":["GET"]}}],"collection":[{"href":"https:\/\/jessel.de\/365-tage-sylt\/wp-json\/wp\/v2\/posts"}],"about":[{"href":"https:\/\/jessel.de\/365-tage-sylt\/wp-json\/wp\/v2\/types\/post"}],"author":[{"embeddable":true,"href":"https:\/\/jessel.de\/365-tage-sylt\/wp-json\/wp\/v2\/users\/2"}],"replies":[{"embeddable":true,"href":"https:\/\/jessel.de\/365-tage-sylt\/wp-json\/wp\/v2\/comments?post=3896"}],"version-history":[{"count":5,"href":"https:\/\/jessel.de\/365-tage-sylt\/wp-json\/wp\/v2\/posts\/3896\/revisions"}],"predecessor-version":[{"id":3907,"href":"https:\/\/jessel.de\/365-tage-sylt\/wp-json\/wp\/v2\/posts\/3896\/revisions\/3907"}],"wp:featuredmedia":[{"embeddable":true,"href":"https:\/\/jessel.de\/365-tage-sylt\/wp-json\/wp\/v2\/media\/3900"}],"wp:attachment":[{"href":"https:\/\/jessel.de\/365-tage-sylt\/wp-json\/wp\/v2\/media?parent=3896"}],"wp:term":[{"taxonomy":"category","embeddable":true,"href":"https:\/\/jessel.de\/365-tage-sylt\/wp-json\/wp\/v2\/categories?post=3896"},{"taxonomy":"post_tag","embeddable":true,"href":"https:\/\/jessel.de\/365-tage-sylt\/wp-json\/wp\/v2\/tags?post=3896"}],"curies":[{"name":"wp","href":"https:\/\/api.w.org\/{rel}","templated":true}]}}