{"id":3983,"date":"2018-01-29T18:36:57","date_gmt":"2018-01-29T18:36:57","guid":{"rendered":"http:\/\/jessel.de\/365-tage-sylt\/?p=3983"},"modified":"2018-01-29T18:38:42","modified_gmt":"2018-01-29T18:38:42","slug":"29-januar-ein-foto-spaziergang-durch-olhaos-altstadt","status":"publish","type":"post","link":"https:\/\/jessel.de\/365-tage-sylt\/29-januar-ein-foto-spaziergang-durch-olhaos-altstadt\/","title":{"rendered":"29. Januar: Ein Foto-Spaziergang durch Olh\u00e3os Altstadt"},"content":{"rendered":"<p>Es ist st\u00fcrmisch geworden \u00fcber Nacht, in B\u00f6en pfeift es bis 9 Windst\u00e4rken durch die Stra\u00dfen von Olh\u00e3os Altstadt, die unter Denkmalschutz steht. Nach dem Fr\u00fchst\u00fcck, es ist mittlerweile 9:30 Uhr, lasse ich mich ein wenig durch die engen Gassen treiben. Alte H\u00e4user im Jugendstil wurden mittlerweile restauriert:<\/p>\n<p><img loading=\"lazy\" decoding=\"async\" class=\"alignnone size-full wp-image-3989\" src=\"http:\/\/jessel.de\/365-tage-sylt\/wp-content\/uploads\/2018\/01\/5190169F-A73F-4E38-99B6-00BC19FCA2A3.jpeg\" alt=\"\" width=\"1767\" height=\"1326\" srcset=\"https:\/\/jessel.de\/365-tage-sylt\/wp-content\/uploads\/2018\/01\/5190169F-A73F-4E38-99B6-00BC19FCA2A3.jpeg 1767w, https:\/\/jessel.de\/365-tage-sylt\/wp-content\/uploads\/2018\/01\/5190169F-A73F-4E38-99B6-00BC19FCA2A3-300x225.jpeg 300w, https:\/\/jessel.de\/365-tage-sylt\/wp-content\/uploads\/2018\/01\/5190169F-A73F-4E38-99B6-00BC19FCA2A3-768x576.jpeg 768w, https:\/\/jessel.de\/365-tage-sylt\/wp-content\/uploads\/2018\/01\/5190169F-A73F-4E38-99B6-00BC19FCA2A3-1024x768.jpeg 1024w\" sizes=\"auto, (max-width: 1767px) 100vw, 1767px\" \/><\/p>\n<p>Andere warten noch darauf. Ich frage mich, wo eigentlich die ganzen Menschen geblieben sind, die vormals in diesen H\u00e4usern wohnten &#8211; die nun in den \u00f6rtlichen Maklerb\u00fcros angepriesen werden:<\/p>\n<p><img loading=\"lazy\" decoding=\"async\" class=\"alignnone size-full wp-image-3987\" src=\"http:\/\/jessel.de\/365-tage-sylt\/wp-content\/uploads\/2018\/01\/D96DF347-8BC7-42BD-B37A-E148E7E081B5.jpeg\" alt=\"\" width=\"1767\" height=\"1326\" srcset=\"https:\/\/jessel.de\/365-tage-sylt\/wp-content\/uploads\/2018\/01\/D96DF347-8BC7-42BD-B37A-E148E7E081B5.jpeg 1767w, https:\/\/jessel.de\/365-tage-sylt\/wp-content\/uploads\/2018\/01\/D96DF347-8BC7-42BD-B37A-E148E7E081B5-300x225.jpeg 300w, https:\/\/jessel.de\/365-tage-sylt\/wp-content\/uploads\/2018\/01\/D96DF347-8BC7-42BD-B37A-E148E7E081B5-768x576.jpeg 768w, https:\/\/jessel.de\/365-tage-sylt\/wp-content\/uploads\/2018\/01\/D96DF347-8BC7-42BD-B37A-E148E7E081B5-1024x768.jpeg 1024w\" sizes=\"auto, (max-width: 1767px) 100vw, 1767px\" \/><\/p>\n<p>Einbahnstra\u00dfe Tourismus? Olh\u00e3o war der wichtigste Fischereihafen der Algarve. Heute existieren von den ehemals \u00fcber 40 fischverarbeitebden Betrieben nur noch&#8230; ganze zwei:<\/p>\n<p><img loading=\"lazy\" decoding=\"async\" class=\"alignnone size-full wp-image-3988\" src=\"http:\/\/jessel.de\/365-tage-sylt\/wp-content\/uploads\/2018\/01\/DA69B820-1E38-4E85-B7C7-CE250EED6D72.jpeg\" alt=\"\" width=\"1767\" height=\"1147\" srcset=\"https:\/\/jessel.de\/365-tage-sylt\/wp-content\/uploads\/2018\/01\/DA69B820-1E38-4E85-B7C7-CE250EED6D72.jpeg 1767w, https:\/\/jessel.de\/365-tage-sylt\/wp-content\/uploads\/2018\/01\/DA69B820-1E38-4E85-B7C7-CE250EED6D72-300x195.jpeg 300w, https:\/\/jessel.de\/365-tage-sylt\/wp-content\/uploads\/2018\/01\/DA69B820-1E38-4E85-B7C7-CE250EED6D72-768x499.jpeg 768w, https:\/\/jessel.de\/365-tage-sylt\/wp-content\/uploads\/2018\/01\/DA69B820-1E38-4E85-B7C7-CE250EED6D72-1024x665.jpeg 1024w\" sizes=\"auto, (max-width: 1767px) 100vw, 1767px\" \/><\/p>\n<p>Vor der Fischauktionshalle, die heute ausschlie\u00dflich touristischen Zwecken dient, liegt dieses Boot. Es ist ein originalgetreuer Nachbau eines Fangschiffes, das im 19. Jahrhundert auf Tour ging:<\/p>\n<p><img loading=\"lazy\" decoding=\"async\" class=\"alignnone size-full wp-image-3999\" src=\"http:\/\/jessel.de\/365-tage-sylt\/wp-content\/uploads\/2018\/01\/C243C65D-770C-4D63-919A-F9C7B70361BF.jpeg\" alt=\"\" width=\"1767\" height=\"1178\" srcset=\"https:\/\/jessel.de\/365-tage-sylt\/wp-content\/uploads\/2018\/01\/C243C65D-770C-4D63-919A-F9C7B70361BF.jpeg 1767w, https:\/\/jessel.de\/365-tage-sylt\/wp-content\/uploads\/2018\/01\/C243C65D-770C-4D63-919A-F9C7B70361BF-300x200.jpeg 300w, https:\/\/jessel.de\/365-tage-sylt\/wp-content\/uploads\/2018\/01\/C243C65D-770C-4D63-919A-F9C7B70361BF-768x512.jpeg 768w, https:\/\/jessel.de\/365-tage-sylt\/wp-content\/uploads\/2018\/01\/C243C65D-770C-4D63-919A-F9C7B70361BF-1024x683.jpeg 1024w\" sizes=\"auto, (max-width: 1767px) 100vw, 1767px\" \/><\/p>\n","protected":false},"excerpt":{"rendered":"<p>Es ist st\u00fcrmisch geworden \u00fcber Nacht, in B\u00f6en pfeift es bis 9 Windst\u00e4rken durch die Stra\u00dfen von Olh\u00e3os Altstadt, die unter Denkmalschutz steht. Nach dem Fr\u00fchst\u00fcck, es ist mittlerweile 9:30 Uhr, lasse ich mich ein wenig durch die engen Gassen treiben. Alte H\u00e4user im Jugendstil wurden mittlerweile restauriert: Andere warten noch darauf. Ich frage mich, wo eigentlich die ganzen Menschen geblieben sind, die vormals in diesen H\u00e4usern wohnten &#8211; die&hellip;<\/p>\n","protected":false},"author":2,"featured_media":3986,"comment_status":"open","ping_status":"open","sticky":false,"template":"","format":"standard","meta":{"footnotes":""},"categories":[27,28,43,3,49,2,30,29,23,33],"tags":[],"class_list":["post-3983","post","type-post","status-publish","format-standard","has-post-thumbnail","hentry","category-alle-bilder","category-haeuser","category-kulinarik","category-menschen","category-sturm","category-tourismus","category-tradition","category-verkehr","category-winter","category-woanders"],"jetpack_featured_media_url":"https:\/\/jessel.de\/365-tage-sylt\/wp-content\/uploads\/2018\/01\/E5BA6A87-B4A6-47EE-B1B9-7874FD8BA1A4.jpeg","_links":{"self":[{"href":"https:\/\/jessel.de\/365-tage-sylt\/wp-json\/wp\/v2\/posts\/3983","targetHints":{"allow":["GET"]}}],"collection":[{"href":"https:\/\/jessel.de\/365-tage-sylt\/wp-json\/wp\/v2\/posts"}],"about":[{"href":"https:\/\/jessel.de\/365-tage-sylt\/wp-json\/wp\/v2\/types\/post"}],"author":[{"embeddable":true,"href":"https:\/\/jessel.de\/365-tage-sylt\/wp-json\/wp\/v2\/users\/2"}],"replies":[{"embeddable":true,"href":"https:\/\/jessel.de\/365-tage-sylt\/wp-json\/wp\/v2\/comments?post=3983"}],"version-history":[{"count":5,"href":"https:\/\/jessel.de\/365-tage-sylt\/wp-json\/wp\/v2\/posts\/3983\/revisions"}],"predecessor-version":[{"id":4005,"href":"https:\/\/jessel.de\/365-tage-sylt\/wp-json\/wp\/v2\/posts\/3983\/revisions\/4005"}],"wp:featuredmedia":[{"embeddable":true,"href":"https:\/\/jessel.de\/365-tage-sylt\/wp-json\/wp\/v2\/media\/3986"}],"wp:attachment":[{"href":"https:\/\/jessel.de\/365-tage-sylt\/wp-json\/wp\/v2\/media?parent=3983"}],"wp:term":[{"taxonomy":"category","embeddable":true,"href":"https:\/\/jessel.de\/365-tage-sylt\/wp-json\/wp\/v2\/categories?post=3983"},{"taxonomy":"post_tag","embeddable":true,"href":"https:\/\/jessel.de\/365-tage-sylt\/wp-json\/wp\/v2\/tags?post=3983"}],"curies":[{"name":"wp","href":"https:\/\/api.w.org\/{rel}","templated":true}]}}