{"id":4066,"date":"2018-02-02T15:26:57","date_gmt":"2018-02-02T15:26:57","guid":{"rendered":"http:\/\/jessel.de\/365-tage-sylt\/?p=4066"},"modified":"2018-02-02T19:15:26","modified_gmt":"2018-02-02T19:15:26","slug":"2-februar-es-tut-weh","status":"publish","type":"post","link":"https:\/\/jessel.de\/365-tage-sylt\/2-februar-es-tut-weh\/","title":{"rendered":"2. Februar: Es(!) tut(!) weh!"},"content":{"rendered":"<p>Nein &#8211; nicht mein Knie, auch nicht die F\u00fc\u00dfe. Und Kopfschmerzen habe ich auch nicht. Daf\u00fcr stand &#8211; bereits gestern &#8211; eine schmerzhafte Entscheidung an, und die sieht so aus:<\/p>\n<p><img loading=\"lazy\" decoding=\"async\" class=\"alignnone size-full wp-image-4078\" src=\"http:\/\/jessel.de\/365-tage-sylt\/wp-content\/uploads\/2018\/02\/9E7C05B6-582B-4E58-8E08-05F31069F4A2.jpeg\" alt=\"\" width=\"1424\" height=\"1068\" srcset=\"https:\/\/jessel.de\/365-tage-sylt\/wp-content\/uploads\/2018\/02\/9E7C05B6-582B-4E58-8E08-05F31069F4A2.jpeg 1424w, https:\/\/jessel.de\/365-tage-sylt\/wp-content\/uploads\/2018\/02\/9E7C05B6-582B-4E58-8E08-05F31069F4A2-300x225.jpeg 300w, https:\/\/jessel.de\/365-tage-sylt\/wp-content\/uploads\/2018\/02\/9E7C05B6-582B-4E58-8E08-05F31069F4A2-768x576.jpeg 768w, https:\/\/jessel.de\/365-tage-sylt\/wp-content\/uploads\/2018\/02\/9E7C05B6-582B-4E58-8E08-05F31069F4A2-1024x768.jpeg 1024w\" sizes=\"auto, (max-width: 1424px) 100vw, 1424px\" \/><\/p>\n<p>Richtig gelesen: Ich schreibe diesen Blog aus dem Bus nach Lissabon. Den wollte ich eigentlich erst morgen fr\u00fch nehmen, aber nachdem ich die (kluge) Entscheidung treffen musste, mich ab Porches auf kein Klippenhangeln bis Portim\u00e3o einzulassen, ist das ne gute Wahl. Und kurzfristige \u00c4nderungen sind sowieso die W\u00fcrze einer echten Individualreise, basta.<\/p>\n<p>Um Euch die Klippen zu zeigen, bin ich heute morgen nach dem Fr\u00fchst\u00fcck noch einmal los gezogen&#8230; so sieht die K\u00fcste hier aus &#8211; bei Niedrigwasser wohlgemerkt:<\/p>\n<p><img loading=\"lazy\" decoding=\"async\" class=\"alignnone size-full wp-image-4067\" src=\"http:\/\/jessel.de\/365-tage-sylt\/wp-content\/uploads\/2018\/02\/A430B65E-42F7-4274-86C9-C6F163C2A8EE.jpeg\" alt=\"\" width=\"1424\" height=\"839\" srcset=\"https:\/\/jessel.de\/365-tage-sylt\/wp-content\/uploads\/2018\/02\/A430B65E-42F7-4274-86C9-C6F163C2A8EE.jpeg 1424w, https:\/\/jessel.de\/365-tage-sylt\/wp-content\/uploads\/2018\/02\/A430B65E-42F7-4274-86C9-C6F163C2A8EE-300x177.jpeg 300w, https:\/\/jessel.de\/365-tage-sylt\/wp-content\/uploads\/2018\/02\/A430B65E-42F7-4274-86C9-C6F163C2A8EE-768x452.jpeg 768w, https:\/\/jessel.de\/365-tage-sylt\/wp-content\/uploads\/2018\/02\/A430B65E-42F7-4274-86C9-C6F163C2A8EE-1024x603.jpeg 1024w\" sizes=\"auto, (max-width: 1424px) 100vw, 1424px\" \/><\/p>\n<p>Da es besonders nach Niederschl\u00e4gen im Winter gerne zu Felsst\u00fcrzen kommt, sind immer wieder Wege gesperrt. Dann muss man runter an den Strand &#8211; und zusehen, wo und wie man wieder hoch kommt, wobei die Orientierungstafeln nur bedingt hilfreich erscheinen:<\/p>\n<p><img loading=\"lazy\" decoding=\"async\" class=\"alignnone size-full wp-image-4079\" src=\"http:\/\/jessel.de\/365-tage-sylt\/wp-content\/uploads\/2018\/02\/1214F11E-7CFB-4B47-A96F-9BA34A6E1AE3.jpeg\" alt=\"\" width=\"1424\" height=\"950\" srcset=\"https:\/\/jessel.de\/365-tage-sylt\/wp-content\/uploads\/2018\/02\/1214F11E-7CFB-4B47-A96F-9BA34A6E1AE3.jpeg 1424w, https:\/\/jessel.de\/365-tage-sylt\/wp-content\/uploads\/2018\/02\/1214F11E-7CFB-4B47-A96F-9BA34A6E1AE3-300x200.jpeg 300w, https:\/\/jessel.de\/365-tage-sylt\/wp-content\/uploads\/2018\/02\/1214F11E-7CFB-4B47-A96F-9BA34A6E1AE3-768x512.jpeg 768w, https:\/\/jessel.de\/365-tage-sylt\/wp-content\/uploads\/2018\/02\/1214F11E-7CFB-4B47-A96F-9BA34A6E1AE3-1024x683.jpeg 1024w\" sizes=\"auto, (max-width: 1424px) 100vw, 1424px\" \/><\/p>\n<p>Wenn wenigstens SYLT mit drauf st\u00fcnde, tststs! \ud83d\ude09<\/p>\n<p>Manche Buchten sind gar nicht zug\u00e4nglich &#8211; dort geniessen die M\u00f6wen den Windschatten und das sanfte Morgenlicht:<\/p>\n<p><img loading=\"lazy\" decoding=\"async\" class=\"alignnone size-full wp-image-4068\" src=\"http:\/\/jessel.de\/365-tage-sylt\/wp-content\/uploads\/2018\/02\/56C63C84-87B9-43B8-8CA8-50B4E02877F4.jpeg\" alt=\"\" width=\"1424\" height=\"1068\" srcset=\"https:\/\/jessel.de\/365-tage-sylt\/wp-content\/uploads\/2018\/02\/56C63C84-87B9-43B8-8CA8-50B4E02877F4.jpeg 1424w, https:\/\/jessel.de\/365-tage-sylt\/wp-content\/uploads\/2018\/02\/56C63C84-87B9-43B8-8CA8-50B4E02877F4-300x225.jpeg 300w, https:\/\/jessel.de\/365-tage-sylt\/wp-content\/uploads\/2018\/02\/56C63C84-87B9-43B8-8CA8-50B4E02877F4-768x576.jpeg 768w, https:\/\/jessel.de\/365-tage-sylt\/wp-content\/uploads\/2018\/02\/56C63C84-87B9-43B8-8CA8-50B4E02877F4-1024x768.jpeg 1024w\" sizes=\"auto, (max-width: 1424px) 100vw, 1424px\" \/><\/p>\n<p>An anderen Stellen geht\u2019s daf\u00fcr umso besser:<\/p>\n<p><img loading=\"lazy\" decoding=\"async\" class=\"alignnone size-full wp-image-4074\" src=\"http:\/\/jessel.de\/365-tage-sylt\/wp-content\/uploads\/2018\/02\/22EC0E3F-F6B7-416A-8320-EFAE06EB0A89.jpeg\" alt=\"\" width=\"1425\" height=\"825\" srcset=\"https:\/\/jessel.de\/365-tage-sylt\/wp-content\/uploads\/2018\/02\/22EC0E3F-F6B7-416A-8320-EFAE06EB0A89.jpeg 1425w, https:\/\/jessel.de\/365-tage-sylt\/wp-content\/uploads\/2018\/02\/22EC0E3F-F6B7-416A-8320-EFAE06EB0A89-300x174.jpeg 300w, https:\/\/jessel.de\/365-tage-sylt\/wp-content\/uploads\/2018\/02\/22EC0E3F-F6B7-416A-8320-EFAE06EB0A89-768x445.jpeg 768w, https:\/\/jessel.de\/365-tage-sylt\/wp-content\/uploads\/2018\/02\/22EC0E3F-F6B7-416A-8320-EFAE06EB0A89-1024x593.jpeg 1024w\" sizes=\"auto, (max-width: 1425px) 100vw, 1425px\" \/><\/p>\n<p>Egal, ich wandere am sp\u00e4ten Vormittag zur\u00fcck nach Arma\u00e7\u00e3o&#8230;:<\/p>\n<p><img loading=\"lazy\" decoding=\"async\" class=\"alignnone size-full wp-image-4071\" src=\"http:\/\/jessel.de\/365-tage-sylt\/wp-content\/uploads\/2018\/02\/C1DAE001-29FD-4B17-A714-07565E1F4F90.jpeg\" alt=\"\" width=\"1424\" height=\"960\" srcset=\"https:\/\/jessel.de\/365-tage-sylt\/wp-content\/uploads\/2018\/02\/C1DAE001-29FD-4B17-A714-07565E1F4F90.jpeg 1424w, https:\/\/jessel.de\/365-tage-sylt\/wp-content\/uploads\/2018\/02\/C1DAE001-29FD-4B17-A714-07565E1F4F90-300x202.jpeg 300w, https:\/\/jessel.de\/365-tage-sylt\/wp-content\/uploads\/2018\/02\/C1DAE001-29FD-4B17-A714-07565E1F4F90-768x518.jpeg 768w, https:\/\/jessel.de\/365-tage-sylt\/wp-content\/uploads\/2018\/02\/C1DAE001-29FD-4B17-A714-07565E1F4F90-1024x690.jpeg 1024w\" sizes=\"auto, (max-width: 1424px) 100vw, 1424px\" \/><\/p>\n<p>&#8230; und finde mich vor dieser Kreidetafel wieder. IHR d\u00fcrft nun raten, was Euer Blogger sich bestellt hat. Portugiesischkenntnisse sind daf\u00fcr kaum n\u00f6tig &#8211; die Entscheidung l\u00e4sst sich durch logische Schlussfolgerungen ableiten:<img loading=\"lazy\" decoding=\"async\" class=\"alignnone size-full wp-image-4072\" src=\"http:\/\/jessel.de\/365-tage-sylt\/wp-content\/uploads\/2018\/02\/5A1BB448-D590-4AFE-9332-2C6A1C775BB3.jpeg\" alt=\"\" width=\"1424\" height=\"1068\" srcset=\"https:\/\/jessel.de\/365-tage-sylt\/wp-content\/uploads\/2018\/02\/5A1BB448-D590-4AFE-9332-2C6A1C775BB3.jpeg 1424w, https:\/\/jessel.de\/365-tage-sylt\/wp-content\/uploads\/2018\/02\/5A1BB448-D590-4AFE-9332-2C6A1C775BB3-300x225.jpeg 300w, https:\/\/jessel.de\/365-tage-sylt\/wp-content\/uploads\/2018\/02\/5A1BB448-D590-4AFE-9332-2C6A1C775BB3-768x576.jpeg 768w, https:\/\/jessel.de\/365-tage-sylt\/wp-content\/uploads\/2018\/02\/5A1BB448-D590-4AFE-9332-2C6A1C775BB3-1024x768.jpeg 1024w\" sizes=\"auto, (max-width: 1424px) 100vw, 1424px\" \/><\/p>\n<p>Nach diesem vorz\u00fcglichen Mahl (Foto folgt morgen!) stelle ich mich unter diesen Mandelbaum und warte auf den Bus&#8230;:<\/p>\n<p><img loading=\"lazy\" decoding=\"async\" class=\"alignnone size-full wp-image-4070\" src=\"http:\/\/jessel.de\/365-tage-sylt\/wp-content\/uploads\/2018\/02\/C02D0FDB-64DA-4E4C-BA92-91A02D80A6E6.jpeg\" alt=\"\" width=\"1424\" height=\"1068\" srcset=\"https:\/\/jessel.de\/365-tage-sylt\/wp-content\/uploads\/2018\/02\/C02D0FDB-64DA-4E4C-BA92-91A02D80A6E6.jpeg 1424w, https:\/\/jessel.de\/365-tage-sylt\/wp-content\/uploads\/2018\/02\/C02D0FDB-64DA-4E4C-BA92-91A02D80A6E6-300x225.jpeg 300w, https:\/\/jessel.de\/365-tage-sylt\/wp-content\/uploads\/2018\/02\/C02D0FDB-64DA-4E4C-BA92-91A02D80A6E6-768x576.jpeg 768w, https:\/\/jessel.de\/365-tage-sylt\/wp-content\/uploads\/2018\/02\/C02D0FDB-64DA-4E4C-BA92-91A02D80A6E6-1024x768.jpeg 1024w\" sizes=\"auto, (max-width: 1424px) 100vw, 1424px\" \/><\/p>\n<p>&#8230; und der kommt tats\u00e4chlich. Oberp\u00fcnktlich. Aff geit datt &#8211; nach Lisboa.<\/p>\n<p>Ein tolles Hotel in Lissabon &#8211; im New Generation Style- mit eigenem Restaurant:<\/p>\n<p><img loading=\"lazy\" decoding=\"async\" class=\"alignnone size-full wp-image-4086\" src=\"http:\/\/jessel.de\/365-tage-sylt\/wp-content\/uploads\/2018\/02\/B66E20A4-C6E0-43FD-8521-5D16FE8972AF.jpeg\" alt=\"\" width=\"1146\" height=\"798\" srcset=\"https:\/\/jessel.de\/365-tage-sylt\/wp-content\/uploads\/2018\/02\/B66E20A4-C6E0-43FD-8521-5D16FE8972AF.jpeg 1146w, https:\/\/jessel.de\/365-tage-sylt\/wp-content\/uploads\/2018\/02\/B66E20A4-C6E0-43FD-8521-5D16FE8972AF-300x209.jpeg 300w, https:\/\/jessel.de\/365-tage-sylt\/wp-content\/uploads\/2018\/02\/B66E20A4-C6E0-43FD-8521-5D16FE8972AF-768x535.jpeg 768w, https:\/\/jessel.de\/365-tage-sylt\/wp-content\/uploads\/2018\/02\/B66E20A4-C6E0-43FD-8521-5D16FE8972AF-1024x713.jpeg 1024w\" sizes=\"auto, (max-width: 1146px) 100vw, 1146px\" \/><\/p>\n","protected":false},"excerpt":{"rendered":"<p>Nein &#8211; nicht mein Knie, auch nicht die F\u00fc\u00dfe. Und Kopfschmerzen habe ich auch nicht. Daf\u00fcr stand &#8211; bereits gestern &#8211; eine schmerzhafte Entscheidung an, und die sieht so aus: Richtig gelesen: Ich schreibe diesen Blog aus dem Bus nach Lissabon. Den wollte ich eigentlich erst morgen fr\u00fch nehmen, aber nachdem ich die (kluge) Entscheidung treffen musste, mich ab Porches auf kein Klippenhangeln bis Portim\u00e3o einzulassen, ist das ne gute&hellip;<\/p>\n","protected":false},"author":2,"featured_media":4076,"comment_status":"open","ping_status":"open","sticky":false,"template":"","format":"standard","meta":{"footnotes":""},"categories":[27,43,3,44,4,26,2,30,23,33],"tags":[],"class_list":["post-4066","post","type-post","status-publish","format-standard","has-post-thumbnail","hentry","category-alle-bilder","category-kulinarik","category-menschen","category-pflanzen","category-spuren","category-strand","category-tourismus","category-tradition","category-winter","category-woanders"],"jetpack_featured_media_url":"https:\/\/jessel.de\/365-tage-sylt\/wp-content\/uploads\/2018\/02\/E1729926-6DE0-4AE5-80EB-1DF50C867F64.jpeg","_links":{"self":[{"href":"https:\/\/jessel.de\/365-tage-sylt\/wp-json\/wp\/v2\/posts\/4066","targetHints":{"allow":["GET"]}}],"collection":[{"href":"https:\/\/jessel.de\/365-tage-sylt\/wp-json\/wp\/v2\/posts"}],"about":[{"href":"https:\/\/jessel.de\/365-tage-sylt\/wp-json\/wp\/v2\/types\/post"}],"author":[{"embeddable":true,"href":"https:\/\/jessel.de\/365-tage-sylt\/wp-json\/wp\/v2\/users\/2"}],"replies":[{"embeddable":true,"href":"https:\/\/jessel.de\/365-tage-sylt\/wp-json\/wp\/v2\/comments?post=4066"}],"version-history":[{"count":5,"href":"https:\/\/jessel.de\/365-tage-sylt\/wp-json\/wp\/v2\/posts\/4066\/revisions"}],"predecessor-version":[{"id":4087,"href":"https:\/\/jessel.de\/365-tage-sylt\/wp-json\/wp\/v2\/posts\/4066\/revisions\/4087"}],"wp:featuredmedia":[{"embeddable":true,"href":"https:\/\/jessel.de\/365-tage-sylt\/wp-json\/wp\/v2\/media\/4076"}],"wp:attachment":[{"href":"https:\/\/jessel.de\/365-tage-sylt\/wp-json\/wp\/v2\/media?parent=4066"}],"wp:term":[{"taxonomy":"category","embeddable":true,"href":"https:\/\/jessel.de\/365-tage-sylt\/wp-json\/wp\/v2\/categories?post=4066"},{"taxonomy":"post_tag","embeddable":true,"href":"https:\/\/jessel.de\/365-tage-sylt\/wp-json\/wp\/v2\/tags?post=4066"}],"curies":[{"name":"wp","href":"https:\/\/api.w.org\/{rel}","templated":true}]}}