{"id":4364,"date":"2018-04-17T16:47:45","date_gmt":"2018-04-17T16:47:45","guid":{"rendered":"http:\/\/jessel.de\/365-tage-sylt\/?p=4364"},"modified":"2018-04-17T16:47:45","modified_gmt":"2018-04-17T16:47:45","slug":"17-april-krieg-und-frieden","status":"publish","type":"post","link":"https:\/\/jessel.de\/365-tage-sylt\/17-april-krieg-und-frieden\/","title":{"rendered":"17. April: Krieg und Frieden"},"content":{"rendered":"<p>Endlich(!) sind mal ein paar Tage mit verl\u00e4sslichem Sonnenschein angek\u00fcndigt. Ich bin viel mit meinem eBike unterwegs, um die ersten Zeichen des sp\u00e4ten Fr\u00fchlings zu geniessen. Den bereits w\u00e4rmenden Sonnenaufgang zum Beispiel:<\/p>\n<p><img loading=\"lazy\" decoding=\"async\" class=\"alignnone size-full wp-image-4371\" src=\"http:\/\/jessel.de\/365-tage-sylt\/wp-content\/uploads\/2018\/04\/18898B21-7509-43C4-A954-CF8BD56BB386.jpeg\" alt=\"\" width=\"1872\" height=\"800\" srcset=\"https:\/\/jessel.de\/365-tage-sylt\/wp-content\/uploads\/2018\/04\/18898B21-7509-43C4-A954-CF8BD56BB386.jpeg 1872w, https:\/\/jessel.de\/365-tage-sylt\/wp-content\/uploads\/2018\/04\/18898B21-7509-43C4-A954-CF8BD56BB386-300x128.jpeg 300w, https:\/\/jessel.de\/365-tage-sylt\/wp-content\/uploads\/2018\/04\/18898B21-7509-43C4-A954-CF8BD56BB386-768x328.jpeg 768w, https:\/\/jessel.de\/365-tage-sylt\/wp-content\/uploads\/2018\/04\/18898B21-7509-43C4-A954-CF8BD56BB386-1024x438.jpeg 1024w\" sizes=\"auto, (max-width: 1872px) 100vw, 1872px\" \/><\/p>\n<p>Schlagartig \u00e4ndert sich die Stimmung, sobald die Natur wieder farbiger wird:<\/p>\n<p><img loading=\"lazy\" decoding=\"async\" class=\"alignnone size-full wp-image-4365\" src=\"http:\/\/jessel.de\/365-tage-sylt\/wp-content\/uploads\/2018\/04\/055DD8D7-9D26-4312-9ECF-7E9432C6C3A5.jpeg\" alt=\"\" width=\"1706\" height=\"1077\" srcset=\"https:\/\/jessel.de\/365-tage-sylt\/wp-content\/uploads\/2018\/04\/055DD8D7-9D26-4312-9ECF-7E9432C6C3A5.jpeg 1706w, https:\/\/jessel.de\/365-tage-sylt\/wp-content\/uploads\/2018\/04\/055DD8D7-9D26-4312-9ECF-7E9432C6C3A5-300x189.jpeg 300w, https:\/\/jessel.de\/365-tage-sylt\/wp-content\/uploads\/2018\/04\/055DD8D7-9D26-4312-9ECF-7E9432C6C3A5-768x485.jpeg 768w, https:\/\/jessel.de\/365-tage-sylt\/wp-content\/uploads\/2018\/04\/055DD8D7-9D26-4312-9ECF-7E9432C6C3A5-1024x646.jpeg 1024w\" sizes=\"auto, (max-width: 1706px) 100vw, 1706px\" \/><\/p>\n<p>Idylle pur im Friesendorf Keitum:<\/p>\n<p><img loading=\"lazy\" decoding=\"async\" class=\"alignnone size-full wp-image-4372\" src=\"http:\/\/jessel.de\/365-tage-sylt\/wp-content\/uploads\/2018\/04\/B3F37DFF-67F3-41E5-B3E9-4F5512156BEC.jpeg\" alt=\"\" width=\"1202\" height=\"800\" srcset=\"https:\/\/jessel.de\/365-tage-sylt\/wp-content\/uploads\/2018\/04\/B3F37DFF-67F3-41E5-B3E9-4F5512156BEC.jpeg 1202w, https:\/\/jessel.de\/365-tage-sylt\/wp-content\/uploads\/2018\/04\/B3F37DFF-67F3-41E5-B3E9-4F5512156BEC-300x200.jpeg 300w, https:\/\/jessel.de\/365-tage-sylt\/wp-content\/uploads\/2018\/04\/B3F37DFF-67F3-41E5-B3E9-4F5512156BEC-768x511.jpeg 768w, https:\/\/jessel.de\/365-tage-sylt\/wp-content\/uploads\/2018\/04\/B3F37DFF-67F3-41E5-B3E9-4F5512156BEC-1024x682.jpeg 1024w\" sizes=\"auto, (max-width: 1202px) 100vw, 1202px\" \/><\/p>\n<p>Gegen 10:30 Uhr \u00e4ndert sich dieser Eindruck abrupt. Die TORNADO-Staffel aus Schleswig Jagel \u00fcbt den Angriffskrieg &#8211; und die Milit\u00e4r-Jets jagen mit furchterregendem L\u00e4rm \u00fcber die Insel. Unsere H\u00fchner springen erschreckt unter den n\u00e4chsten Unterstand&#8230;:<\/p>\n<p><img loading=\"lazy\" decoding=\"async\" class=\"alignnone size-full wp-image-4368\" src=\"http:\/\/jessel.de\/365-tage-sylt\/wp-content\/uploads\/2018\/04\/367901B5-6DF5-45F3-BB02-1F8C7313CC23.jpeg\" alt=\"\" width=\"1705\" height=\"1212\" srcset=\"https:\/\/jessel.de\/365-tage-sylt\/wp-content\/uploads\/2018\/04\/367901B5-6DF5-45F3-BB02-1F8C7313CC23.jpeg 1705w, https:\/\/jessel.de\/365-tage-sylt\/wp-content\/uploads\/2018\/04\/367901B5-6DF5-45F3-BB02-1F8C7313CC23-300x213.jpeg 300w, https:\/\/jessel.de\/365-tage-sylt\/wp-content\/uploads\/2018\/04\/367901B5-6DF5-45F3-BB02-1F8C7313CC23-768x546.jpeg 768w, https:\/\/jessel.de\/365-tage-sylt\/wp-content\/uploads\/2018\/04\/367901B5-6DF5-45F3-BB02-1F8C7313CC23-1024x728.jpeg 1024w\" sizes=\"auto, (max-width: 1705px) 100vw, 1705px\" \/><\/p>\n<p>&#8230; w\u00e4hrend ich an die armen Menschen in Syrien denke, die seit sieben Jahren um ihr Leben rennen m\u00fcssen, sobald dieses Inferno am Himmel beginnt.<\/p>\n<p>Ich erinnere mich noch gut an meine Kindheit, als die englischen DELTA-Jets \u00fcber die Insel knallten. Sp\u00e4ter dann die Luft-Boden-Schiess\u00fcbungen \u00fcber dem K\u00f6nigshafen&#8230; \u00fcber die Jahrzehnte wurde es immer ruhiger am Himmel &#8211; zumindest von Seiten des Milit\u00e4rs.<\/p>\n<p>Nun geht der Krach wieder los, stets mit Mittagspause \u00fcbrigens&#8230;<\/p>\n<p><img loading=\"lazy\" decoding=\"async\" class=\"alignnone size-full wp-image-4367\" src=\"http:\/\/jessel.de\/365-tage-sylt\/wp-content\/uploads\/2018\/04\/08064679-831E-43F1-BB07-FA0C5DB2CE21.jpeg\" alt=\"\" width=\"1705\" height=\"1070\" srcset=\"https:\/\/jessel.de\/365-tage-sylt\/wp-content\/uploads\/2018\/04\/08064679-831E-43F1-BB07-FA0C5DB2CE21.jpeg 1705w, https:\/\/jessel.de\/365-tage-sylt\/wp-content\/uploads\/2018\/04\/08064679-831E-43F1-BB07-FA0C5DB2CE21-300x188.jpeg 300w, https:\/\/jessel.de\/365-tage-sylt\/wp-content\/uploads\/2018\/04\/08064679-831E-43F1-BB07-FA0C5DB2CE21-768x482.jpeg 768w, https:\/\/jessel.de\/365-tage-sylt\/wp-content\/uploads\/2018\/04\/08064679-831E-43F1-BB07-FA0C5DB2CE21-1024x643.jpeg 1024w\" sizes=\"auto, (max-width: 1705px) 100vw, 1705px\" \/><\/p>\n","protected":false},"excerpt":{"rendered":"<p>Endlich(!) sind mal ein paar Tage mit verl\u00e4sslichem Sonnenschein angek\u00fcndigt. Ich bin viel mit meinem eBike unterwegs, um die ersten Zeichen des sp\u00e4ten Fr\u00fchlings zu geniessen. Den bereits w\u00e4rmenden Sonnenaufgang zum Beispiel: Schlagartig \u00e4ndert sich die Stimmung, sobald die Natur wieder farbiger wird: Idylle pur im Friesendorf Keitum: Gegen 10:30 Uhr \u00e4ndert sich dieser Eindruck abrupt. Die TORNADO-Staffel aus Schleswig Jagel \u00fcbt den Angriffskrieg &#8211; und die Milit\u00e4r-Jets jagen mit&hellip;<\/p>\n","protected":false},"author":2,"featured_media":4370,"comment_status":"open","ping_status":"open","sticky":false,"template":"","format":"standard","meta":{"footnotes":""},"categories":[27,41,28,32,44,2,30],"tags":[],"class_list":["post-4364","post","type-post","status-publish","format-standard","has-post-thumbnail","hentry","category-alle-bilder","category-fruehling","category-haeuser","category-keitum","category-pflanzen","category-tourismus","category-tradition"],"jetpack_featured_media_url":"https:\/\/jessel.de\/365-tage-sylt\/wp-content\/uploads\/2018\/04\/80B7F08F-2FB6-41D9-8C70-A8B80A91E432.jpeg","_links":{"self":[{"href":"https:\/\/jessel.de\/365-tage-sylt\/wp-json\/wp\/v2\/posts\/4364","targetHints":{"allow":["GET"]}}],"collection":[{"href":"https:\/\/jessel.de\/365-tage-sylt\/wp-json\/wp\/v2\/posts"}],"about":[{"href":"https:\/\/jessel.de\/365-tage-sylt\/wp-json\/wp\/v2\/types\/post"}],"author":[{"embeddable":true,"href":"https:\/\/jessel.de\/365-tage-sylt\/wp-json\/wp\/v2\/users\/2"}],"replies":[{"embeddable":true,"href":"https:\/\/jessel.de\/365-tage-sylt\/wp-json\/wp\/v2\/comments?post=4364"}],"version-history":[{"count":1,"href":"https:\/\/jessel.de\/365-tage-sylt\/wp-json\/wp\/v2\/posts\/4364\/revisions"}],"predecessor-version":[{"id":4373,"href":"https:\/\/jessel.de\/365-tage-sylt\/wp-json\/wp\/v2\/posts\/4364\/revisions\/4373"}],"wp:featuredmedia":[{"embeddable":true,"href":"https:\/\/jessel.de\/365-tage-sylt\/wp-json\/wp\/v2\/media\/4370"}],"wp:attachment":[{"href":"https:\/\/jessel.de\/365-tage-sylt\/wp-json\/wp\/v2\/media?parent=4364"}],"wp:term":[{"taxonomy":"category","embeddable":true,"href":"https:\/\/jessel.de\/365-tage-sylt\/wp-json\/wp\/v2\/categories?post=4364"},{"taxonomy":"post_tag","embeddable":true,"href":"https:\/\/jessel.de\/365-tage-sylt\/wp-json\/wp\/v2\/tags?post=4364"}],"curies":[{"name":"wp","href":"https:\/\/api.w.org\/{rel}","templated":true}]}}