{"id":4374,"date":"2018-04-20T10:15:03","date_gmt":"2018-04-20T10:15:03","guid":{"rendered":"http:\/\/jessel.de\/365-tage-sylt\/?p=4374"},"modified":"2018-04-20T10:15:55","modified_gmt":"2018-04-20T10:15:55","slug":"20-april-einsatz-fuer-die-alten-steinbuhnen-am-sylter-weststrand","status":"publish","type":"post","link":"https:\/\/jessel.de\/365-tage-sylt\/20-april-einsatz-fuer-die-alten-steinbuhnen-am-sylter-weststrand\/","title":{"rendered":"20. April: Einsatz f\u00fcr die Alten Steinbuhnen am Sylter Weststrand"},"content":{"rendered":"<p>Am zur\u00fcckliegenden Samstag erschien in der SYLTER RUNDSCHAU ein Beitrag von mir &#8211; \u00fcber die Alten Steinbuhnen&#8230; mir war zu Ohren gekommen, dass das LKN (Landesamt f\u00fcr K\u00fcstenschutz, Nationalpark und Meeresschutz) beabsichtigt, s\u00e4mtliche(!) Buhnen an den Sylter Str\u00e4nden zu entfernen. Das ist im Prinzip lobenswert. Allerdings sollten die besterhaltenen Exemplare aus der fr\u00fchesten \u00c4ra des Sylter K\u00fcstenschutzes (Ende 19. Jh.) erhalten bleiben &#8211; ist meine Meinung:<\/p>\n<p><img loading=\"lazy\" decoding=\"async\" class=\"alignnone size-full wp-image-4376\" src=\"http:\/\/jessel.de\/365-tage-sylt\/wp-content\/uploads\/2018\/04\/348A2664-DA63-4030-9129-E65AF1F4987D.jpeg\" alt=\"\" width=\"1275\" height=\"1000\" srcset=\"https:\/\/jessel.de\/365-tage-sylt\/wp-content\/uploads\/2018\/04\/348A2664-DA63-4030-9129-E65AF1F4987D.jpeg 1275w, https:\/\/jessel.de\/365-tage-sylt\/wp-content\/uploads\/2018\/04\/348A2664-DA63-4030-9129-E65AF1F4987D-300x235.jpeg 300w, https:\/\/jessel.de\/365-tage-sylt\/wp-content\/uploads\/2018\/04\/348A2664-DA63-4030-9129-E65AF1F4987D-768x602.jpeg 768w, https:\/\/jessel.de\/365-tage-sylt\/wp-content\/uploads\/2018\/04\/348A2664-DA63-4030-9129-E65AF1F4987D-1024x803.jpeg 1024w\" sizes=\"auto, (max-width: 1275px) 100vw, 1275px\" \/><\/p>\n<p>Mein Dank an die Chefredaktion der SR, die mir sooo viel Platz gab!<\/p>\n<p><img loading=\"lazy\" decoding=\"async\" class=\"alignnone size-full wp-image-4377\" src=\"http:\/\/jessel.de\/365-tage-sylt\/wp-content\/uploads\/2018\/04\/3E6BE380-DFC3-4D37-B5D8-46C411E2AC9E.jpeg\" alt=\"\" width=\"1275\" height=\"1006\" srcset=\"https:\/\/jessel.de\/365-tage-sylt\/wp-content\/uploads\/2018\/04\/3E6BE380-DFC3-4D37-B5D8-46C411E2AC9E.jpeg 1275w, https:\/\/jessel.de\/365-tage-sylt\/wp-content\/uploads\/2018\/04\/3E6BE380-DFC3-4D37-B5D8-46C411E2AC9E-300x237.jpeg 300w, https:\/\/jessel.de\/365-tage-sylt\/wp-content\/uploads\/2018\/04\/3E6BE380-DFC3-4D37-B5D8-46C411E2AC9E-768x606.jpeg 768w, https:\/\/jessel.de\/365-tage-sylt\/wp-content\/uploads\/2018\/04\/3E6BE380-DFC3-4D37-B5D8-46C411E2AC9E-1024x808.jpeg 1024w\" sizes=\"auto, (max-width: 1275px) 100vw, 1275px\" \/><\/p>\n<p>Normalerweise l\u00e4\u00dft sich der Sylter nicht so leicht aus der Ruhe bringen. In diesem Fall aber hagelte es Leserbriefe&#8230; so titelte die SR am vorgestrigen Mittwoch:<\/p>\n<p><img loading=\"lazy\" decoding=\"async\" class=\"alignnone size-full wp-image-4380\" src=\"http:\/\/jessel.de\/365-tage-sylt\/wp-content\/uploads\/2018\/04\/7DBC935C-CEB2-46B0-91CF-890CB53EA374.jpeg\" alt=\"\" width=\"1275\" height=\"816\" srcset=\"https:\/\/jessel.de\/365-tage-sylt\/wp-content\/uploads\/2018\/04\/7DBC935C-CEB2-46B0-91CF-890CB53EA374.jpeg 1275w, https:\/\/jessel.de\/365-tage-sylt\/wp-content\/uploads\/2018\/04\/7DBC935C-CEB2-46B0-91CF-890CB53EA374-300x192.jpeg 300w, https:\/\/jessel.de\/365-tage-sylt\/wp-content\/uploads\/2018\/04\/7DBC935C-CEB2-46B0-91CF-890CB53EA374-768x492.jpeg 768w, https:\/\/jessel.de\/365-tage-sylt\/wp-content\/uploads\/2018\/04\/7DBC935C-CEB2-46B0-91CF-890CB53EA374-1024x655.jpeg 1024w\" sizes=\"auto, (max-width: 1275px) 100vw, 1275px\" \/><\/p>\n<p>Zun\u00e4chst die Stellungnahme des LKN:<\/p>\n<p><img loading=\"lazy\" decoding=\"async\" class=\"alignnone size-full wp-image-4378\" src=\"http:\/\/jessel.de\/365-tage-sylt\/wp-content\/uploads\/2018\/04\/3B983C65-082C-46BE-AC20-632F10BC3413.jpeg\" alt=\"\" width=\"1275\" height=\"1015\" srcset=\"https:\/\/jessel.de\/365-tage-sylt\/wp-content\/uploads\/2018\/04\/3B983C65-082C-46BE-AC20-632F10BC3413.jpeg 1275w, https:\/\/jessel.de\/365-tage-sylt\/wp-content\/uploads\/2018\/04\/3B983C65-082C-46BE-AC20-632F10BC3413-300x239.jpeg 300w, https:\/\/jessel.de\/365-tage-sylt\/wp-content\/uploads\/2018\/04\/3B983C65-082C-46BE-AC20-632F10BC3413-768x611.jpeg 768w, https:\/\/jessel.de\/365-tage-sylt\/wp-content\/uploads\/2018\/04\/3B983C65-082C-46BE-AC20-632F10BC3413-1024x815.jpeg 1024w\" sizes=\"auto, (max-width: 1275px) 100vw, 1275px\" \/><\/p>\n<p>Auf der gleichen Seite erste Leserbriefe:<\/p>\n<p><img loading=\"lazy\" decoding=\"async\" class=\"alignnone size-full wp-image-4379\" src=\"http:\/\/jessel.de\/365-tage-sylt\/wp-content\/uploads\/2018\/04\/342CE537-2219-4167-AEFF-91EE5FA890B1.jpeg\" alt=\"\" width=\"1275\" height=\"847\" srcset=\"https:\/\/jessel.de\/365-tage-sylt\/wp-content\/uploads\/2018\/04\/342CE537-2219-4167-AEFF-91EE5FA890B1.jpeg 1275w, https:\/\/jessel.de\/365-tage-sylt\/wp-content\/uploads\/2018\/04\/342CE537-2219-4167-AEFF-91EE5FA890B1-300x199.jpeg 300w, https:\/\/jessel.de\/365-tage-sylt\/wp-content\/uploads\/2018\/04\/342CE537-2219-4167-AEFF-91EE5FA890B1-768x510.jpeg 768w, https:\/\/jessel.de\/365-tage-sylt\/wp-content\/uploads\/2018\/04\/342CE537-2219-4167-AEFF-91EE5FA890B1-1024x680.jpeg 1024w\" sizes=\"auto, (max-width: 1275px) 100vw, 1275px\" \/><\/p>\n<p>Heute ein weiterer Beitrag vom K\u00fcnstlerkollegen Ingo K\u00fchl&#8230;:<\/p>\n<p><img loading=\"lazy\" decoding=\"async\" class=\"alignnone size-full wp-image-4381\" src=\"http:\/\/jessel.de\/365-tage-sylt\/wp-content\/uploads\/2018\/04\/8B9B6333-41C5-4592-9298-5A4B288D935F.jpeg\" alt=\"\" width=\"1275\" height=\"999\" srcset=\"https:\/\/jessel.de\/365-tage-sylt\/wp-content\/uploads\/2018\/04\/8B9B6333-41C5-4592-9298-5A4B288D935F.jpeg 1275w, https:\/\/jessel.de\/365-tage-sylt\/wp-content\/uploads\/2018\/04\/8B9B6333-41C5-4592-9298-5A4B288D935F-300x235.jpeg 300w, https:\/\/jessel.de\/365-tage-sylt\/wp-content\/uploads\/2018\/04\/8B9B6333-41C5-4592-9298-5A4B288D935F-768x602.jpeg 768w, https:\/\/jessel.de\/365-tage-sylt\/wp-content\/uploads\/2018\/04\/8B9B6333-41C5-4592-9298-5A4B288D935F-1024x802.jpeg 1024w\" sizes=\"auto, (max-width: 1275px) 100vw, 1275px\" \/><\/p>\n<p>&#8230; und weitere Leserbriefe:<\/p>\n<p><img loading=\"lazy\" decoding=\"async\" class=\"alignnone size-full wp-image-4382\" src=\"http:\/\/jessel.de\/365-tage-sylt\/wp-content\/uploads\/2018\/04\/207349C9-2573-4D15-97F6-18767CF4FE11.jpeg\" alt=\"\" width=\"1275\" height=\"807\" srcset=\"https:\/\/jessel.de\/365-tage-sylt\/wp-content\/uploads\/2018\/04\/207349C9-2573-4D15-97F6-18767CF4FE11.jpeg 1275w, https:\/\/jessel.de\/365-tage-sylt\/wp-content\/uploads\/2018\/04\/207349C9-2573-4D15-97F6-18767CF4FE11-300x190.jpeg 300w, https:\/\/jessel.de\/365-tage-sylt\/wp-content\/uploads\/2018\/04\/207349C9-2573-4D15-97F6-18767CF4FE11-768x486.jpeg 768w, https:\/\/jessel.de\/365-tage-sylt\/wp-content\/uploads\/2018\/04\/207349C9-2573-4D15-97F6-18767CF4FE11-1024x648.jpeg 1024w\" sizes=\"auto, (max-width: 1275px) 100vw, 1275px\" \/><\/p>\n<p>Ich halte Euch weiter auf dem Laufenden!<\/p>\n","protected":false},"excerpt":{"rendered":"<p>Am zur\u00fcckliegenden Samstag erschien in der SYLTER RUNDSCHAU ein Beitrag von mir &#8211; \u00fcber die Alten Steinbuhnen&#8230; mir war zu Ohren gekommen, dass das LKN (Landesamt f\u00fcr K\u00fcstenschutz, Nationalpark und Meeresschutz) beabsichtigt, s\u00e4mtliche(!) Buhnen an den Sylter Str\u00e4nden zu entfernen. Das ist im Prinzip lobenswert. Allerdings sollten die besterhaltenen Exemplare aus der fr\u00fchesten \u00c4ra des Sylter K\u00fcstenschutzes (Ende 19. Jh.) erhalten bleiben &#8211; ist meine Meinung: Mein Dank an die&hellip;<\/p>\n","protected":false},"author":2,"featured_media":4375,"comment_status":"open","ping_status":"open","sticky":false,"template":"","format":"standard","meta":{"footnotes":""},"categories":[27,39,37,41,3,34,4,26,2,30],"tags":[],"class_list":["post-4374","post","type-post","status-publish","format-standard","has-post-thumbnail","hentry","category-alle-bilder","category-arbeit","category-buhne","category-fruehling","category-menschen","category-rantum","category-spuren","category-strand","category-tourismus","category-tradition"],"jetpack_featured_media_url":"https:\/\/jessel.de\/365-tage-sylt\/wp-content\/uploads\/2018\/04\/E1D7DD38-3E63-43DD-86C6-32E815B665AB.jpeg","_links":{"self":[{"href":"https:\/\/jessel.de\/365-tage-sylt\/wp-json\/wp\/v2\/posts\/4374","targetHints":{"allow":["GET"]}}],"collection":[{"href":"https:\/\/jessel.de\/365-tage-sylt\/wp-json\/wp\/v2\/posts"}],"about":[{"href":"https:\/\/jessel.de\/365-tage-sylt\/wp-json\/wp\/v2\/types\/post"}],"author":[{"embeddable":true,"href":"https:\/\/jessel.de\/365-tage-sylt\/wp-json\/wp\/v2\/users\/2"}],"replies":[{"embeddable":true,"href":"https:\/\/jessel.de\/365-tage-sylt\/wp-json\/wp\/v2\/comments?post=4374"}],"version-history":[{"count":2,"href":"https:\/\/jessel.de\/365-tage-sylt\/wp-json\/wp\/v2\/posts\/4374\/revisions"}],"predecessor-version":[{"id":4384,"href":"https:\/\/jessel.de\/365-tage-sylt\/wp-json\/wp\/v2\/posts\/4374\/revisions\/4384"}],"wp:featuredmedia":[{"embeddable":true,"href":"https:\/\/jessel.de\/365-tage-sylt\/wp-json\/wp\/v2\/media\/4375"}],"wp:attachment":[{"href":"https:\/\/jessel.de\/365-tage-sylt\/wp-json\/wp\/v2\/media?parent=4374"}],"wp:term":[{"taxonomy":"category","embeddable":true,"href":"https:\/\/jessel.de\/365-tage-sylt\/wp-json\/wp\/v2\/categories?post=4374"},{"taxonomy":"post_tag","embeddable":true,"href":"https:\/\/jessel.de\/365-tage-sylt\/wp-json\/wp\/v2\/tags?post=4374"}],"curies":[{"name":"wp","href":"https:\/\/api.w.org\/{rel}","templated":true}]}}