{"id":4592,"date":"2018-07-30T04:38:04","date_gmt":"2018-07-30T04:38:04","guid":{"rendered":"https:\/\/jessel.de\/365-tage-sylt\/?p=4592"},"modified":"2018-07-30T07:31:43","modified_gmt":"2018-07-30T07:31:43","slug":"30-juli-never-ending-summer","status":"publish","type":"post","link":"https:\/\/jessel.de\/365-tage-sylt\/30-juli-never-ending-summer\/","title":{"rendered":"30. Juli: Never ending summer?"},"content":{"rendered":"<p>Einfach nur grandioses Wetter! Nicht immer zum Fotografieren (wegen Diesigkeit), zumindest aber zum Geniessen. F\u00fcr mich die Jahreszeit der ultrafr\u00fchen Eins\u00e4tze, bei denen ich eine vom Menschen befreite Insel erleben darf, die mir ihre ganze Sch\u00f6nheit zu F\u00fcssen legt:<\/p>\n<p><img loading=\"lazy\" decoding=\"async\" class=\"alignnone size-full wp-image-4595\" src=\"https:\/\/jessel.de\/365-tage-sylt\/wp-content\/uploads\/2018\/07\/78F3F1A7-D74A-440B-A7B7-5837185F4001.jpeg\" alt=\"\" width=\"1204\" height=\"800\" srcset=\"https:\/\/jessel.de\/365-tage-sylt\/wp-content\/uploads\/2018\/07\/78F3F1A7-D74A-440B-A7B7-5837185F4001.jpeg 1204w, https:\/\/jessel.de\/365-tage-sylt\/wp-content\/uploads\/2018\/07\/78F3F1A7-D74A-440B-A7B7-5837185F4001-300x199.jpeg 300w, https:\/\/jessel.de\/365-tage-sylt\/wp-content\/uploads\/2018\/07\/78F3F1A7-D74A-440B-A7B7-5837185F4001-768x510.jpeg 768w, https:\/\/jessel.de\/365-tage-sylt\/wp-content\/uploads\/2018\/07\/78F3F1A7-D74A-440B-A7B7-5837185F4001-1024x680.jpeg 1024w\" sizes=\"auto, (max-width: 1204px) 100vw, 1204px\" \/><\/p>\n<p>Niemand, nirgends. Ein Traum f\u00fcr mich. Stets erwarte ich die ersten Sonnenstrahlen an peripheren Orten &#8211; und werde reichlich belohnt:<\/p>\n<p><img loading=\"lazy\" decoding=\"async\" class=\"alignnone size-full wp-image-4596\" src=\"https:\/\/jessel.de\/365-tage-sylt\/wp-content\/uploads\/2018\/07\/0B8B215B-6A98-43A2-AFDC-B69E839A2F42.jpeg\" alt=\"\" width=\"1204\" height=\"800\" srcset=\"https:\/\/jessel.de\/365-tage-sylt\/wp-content\/uploads\/2018\/07\/0B8B215B-6A98-43A2-AFDC-B69E839A2F42.jpeg 1204w, https:\/\/jessel.de\/365-tage-sylt\/wp-content\/uploads\/2018\/07\/0B8B215B-6A98-43A2-AFDC-B69E839A2F42-300x199.jpeg 300w, https:\/\/jessel.de\/365-tage-sylt\/wp-content\/uploads\/2018\/07\/0B8B215B-6A98-43A2-AFDC-B69E839A2F42-768x510.jpeg 768w, https:\/\/jessel.de\/365-tage-sylt\/wp-content\/uploads\/2018\/07\/0B8B215B-6A98-43A2-AFDC-B69E839A2F42-1024x680.jpeg 1024w\" sizes=\"auto, (max-width: 1204px) 100vw, 1204px\" \/><\/p>\n<p>Einzige Beobachter meines Treibens: Schafe. Sie zeigen sich \u00fcberrascht \u00fcber mein Erscheinen, schenken mir jedoch im Weiteren eher wenig Beachtung:<img loading=\"lazy\" decoding=\"async\" class=\"alignnone size-full wp-image-4597\" src=\"https:\/\/jessel.de\/365-tage-sylt\/wp-content\/uploads\/2018\/07\/61B16F8F-1E14-4A43-B7A8-E321B66F0C1F.jpeg\" alt=\"\" width=\"1204\" height=\"800\" srcset=\"https:\/\/jessel.de\/365-tage-sylt\/wp-content\/uploads\/2018\/07\/61B16F8F-1E14-4A43-B7A8-E321B66F0C1F.jpeg 1204w, https:\/\/jessel.de\/365-tage-sylt\/wp-content\/uploads\/2018\/07\/61B16F8F-1E14-4A43-B7A8-E321B66F0C1F-300x199.jpeg 300w, https:\/\/jessel.de\/365-tage-sylt\/wp-content\/uploads\/2018\/07\/61B16F8F-1E14-4A43-B7A8-E321B66F0C1F-768x510.jpeg 768w, https:\/\/jessel.de\/365-tage-sylt\/wp-content\/uploads\/2018\/07\/61B16F8F-1E14-4A43-B7A8-E321B66F0C1F-1024x680.jpeg 1024w\" sizes=\"auto, (max-width: 1204px) 100vw, 1204px\" \/><\/p>\n<p>H\u00f6rt Ihr die Ruhe? W\u00e4hrend die Insel \u00e4chzt unter Anastacia-Konzerten, \u201eMS Europa meets Sansibar\u201c-Parties, Lamborghini-Shows, \u201eWhite Dinners\u201c und 150.000 von der Sonne marmorierten Touristen, stapfe ich durch die von jeglichem Tand zufrieden gelassenen Seelenregionen Sylts und erlebe Gl\u00fccksmomente ohne Anfang und Ende:<\/p>\n<p><img loading=\"lazy\" decoding=\"async\" class=\"alignnone size-full wp-image-4601\" src=\"https:\/\/jessel.de\/365-tage-sylt\/wp-content\/uploads\/2018\/07\/B71149B1-A8FC-444D-A981-2374D29865F0.jpeg\" alt=\"\" width=\"1204\" height=\"800\" srcset=\"https:\/\/jessel.de\/365-tage-sylt\/wp-content\/uploads\/2018\/07\/B71149B1-A8FC-444D-A981-2374D29865F0.jpeg 1204w, https:\/\/jessel.de\/365-tage-sylt\/wp-content\/uploads\/2018\/07\/B71149B1-A8FC-444D-A981-2374D29865F0-300x199.jpeg 300w, https:\/\/jessel.de\/365-tage-sylt\/wp-content\/uploads\/2018\/07\/B71149B1-A8FC-444D-A981-2374D29865F0-768x510.jpeg 768w, https:\/\/jessel.de\/365-tage-sylt\/wp-content\/uploads\/2018\/07\/B71149B1-A8FC-444D-A981-2374D29865F0-1024x680.jpeg 1024w\" sizes=\"auto, (max-width: 1204px) 100vw, 1204px\" \/><\/p>\n<p>Besonders stechen die windstillen Morgende hervor mit wunderbaren Nebelstimmungen \u00fcber den Wiesen&#8230;:<\/p>\n<p><img loading=\"lazy\" decoding=\"async\" class=\"alignnone size-full wp-image-4598\" src=\"https:\/\/jessel.de\/365-tage-sylt\/wp-content\/uploads\/2018\/07\/F9D022C8-04B0-4AB8-8122-74C29A1DD8D9.jpeg\" alt=\"\" width=\"1204\" height=\"800\" srcset=\"https:\/\/jessel.de\/365-tage-sylt\/wp-content\/uploads\/2018\/07\/F9D022C8-04B0-4AB8-8122-74C29A1DD8D9.jpeg 1204w, https:\/\/jessel.de\/365-tage-sylt\/wp-content\/uploads\/2018\/07\/F9D022C8-04B0-4AB8-8122-74C29A1DD8D9-300x199.jpeg 300w, https:\/\/jessel.de\/365-tage-sylt\/wp-content\/uploads\/2018\/07\/F9D022C8-04B0-4AB8-8122-74C29A1DD8D9-768x510.jpeg 768w, https:\/\/jessel.de\/365-tage-sylt\/wp-content\/uploads\/2018\/07\/F9D022C8-04B0-4AB8-8122-74C29A1DD8D9-1024x680.jpeg 1024w\" sizes=\"auto, (max-width: 1204px) 100vw, 1204px\" \/><\/p>\n<p>&#8230; und nun bereits sp\u00e4tsommerlichem Einschlag:<\/p>\n<p><img loading=\"lazy\" decoding=\"async\" class=\"alignnone size-full wp-image-4599\" src=\"https:\/\/jessel.de\/365-tage-sylt\/wp-content\/uploads\/2018\/07\/BC5D031F-1805-409F-BB28-ADA6686A3AC9.jpeg\" alt=\"\" width=\"1204\" height=\"800\" srcset=\"https:\/\/jessel.de\/365-tage-sylt\/wp-content\/uploads\/2018\/07\/BC5D031F-1805-409F-BB28-ADA6686A3AC9.jpeg 1204w, https:\/\/jessel.de\/365-tage-sylt\/wp-content\/uploads\/2018\/07\/BC5D031F-1805-409F-BB28-ADA6686A3AC9-300x199.jpeg 300w, https:\/\/jessel.de\/365-tage-sylt\/wp-content\/uploads\/2018\/07\/BC5D031F-1805-409F-BB28-ADA6686A3AC9-768x510.jpeg 768w, https:\/\/jessel.de\/365-tage-sylt\/wp-content\/uploads\/2018\/07\/BC5D031F-1805-409F-BB28-ADA6686A3AC9-1024x680.jpeg 1024w\" sizes=\"auto, (max-width: 1204px) 100vw, 1204px\" \/><\/p>\n<p><img loading=\"lazy\" decoding=\"async\" class=\"alignnone size-full wp-image-4604\" src=\"https:\/\/jessel.de\/365-tage-sylt\/wp-content\/uploads\/2018\/07\/034D2969-2F4A-45E6-A5FC-122B6E0A7DDB.jpeg\" alt=\"\" width=\"1204\" height=\"800\" srcset=\"https:\/\/jessel.de\/365-tage-sylt\/wp-content\/uploads\/2018\/07\/034D2969-2F4A-45E6-A5FC-122B6E0A7DDB.jpeg 1204w, https:\/\/jessel.de\/365-tage-sylt\/wp-content\/uploads\/2018\/07\/034D2969-2F4A-45E6-A5FC-122B6E0A7DDB-300x199.jpeg 300w, https:\/\/jessel.de\/365-tage-sylt\/wp-content\/uploads\/2018\/07\/034D2969-2F4A-45E6-A5FC-122B6E0A7DDB-768x510.jpeg 768w, https:\/\/jessel.de\/365-tage-sylt\/wp-content\/uploads\/2018\/07\/034D2969-2F4A-45E6-A5FC-122B6E0A7DDB-1024x680.jpeg 1024w\" sizes=\"auto, (max-width: 1204px) 100vw, 1204px\" \/><\/p>\n<p>Uns sonst so? Die \u201eLiving History\u201c &#8211; Gang spielt wieder ihr Stra\u00dfen-Theater in Keitum&#8230;:<\/p>\n<p><img loading=\"lazy\" decoding=\"async\" class=\"alignnone size-full wp-image-4602\" src=\"https:\/\/jessel.de\/365-tage-sylt\/wp-content\/uploads\/2018\/07\/C4A50025-E7EA-48BC-BD60-BE03E9520CEF.jpeg\" alt=\"\" width=\"1200\" height=\"800\" srcset=\"https:\/\/jessel.de\/365-tage-sylt\/wp-content\/uploads\/2018\/07\/C4A50025-E7EA-48BC-BD60-BE03E9520CEF.jpeg 1200w, https:\/\/jessel.de\/365-tage-sylt\/wp-content\/uploads\/2018\/07\/C4A50025-E7EA-48BC-BD60-BE03E9520CEF-300x200.jpeg 300w, https:\/\/jessel.de\/365-tage-sylt\/wp-content\/uploads\/2018\/07\/C4A50025-E7EA-48BC-BD60-BE03E9520CEF-768x512.jpeg 768w, https:\/\/jessel.de\/365-tage-sylt\/wp-content\/uploads\/2018\/07\/C4A50025-E7EA-48BC-BD60-BE03E9520CEF-1024x683.jpeg 1024w\" sizes=\"auto, (max-width: 1200px) 100vw, 1200px\" \/><\/p>\n<p>&#8230; 500 Meter White Dinner&#8230;:<\/p>\n<p><img loading=\"lazy\" decoding=\"async\" class=\"alignnone size-full wp-image-4606\" src=\"https:\/\/jessel.de\/365-tage-sylt\/wp-content\/uploads\/2018\/07\/ABEDF0C0-50A4-45A9-85BB-7BE8BD2A65A6.jpeg\" alt=\"\" width=\"1836\" height=\"800\" srcset=\"https:\/\/jessel.de\/365-tage-sylt\/wp-content\/uploads\/2018\/07\/ABEDF0C0-50A4-45A9-85BB-7BE8BD2A65A6.jpeg 1836w, https:\/\/jessel.de\/365-tage-sylt\/wp-content\/uploads\/2018\/07\/ABEDF0C0-50A4-45A9-85BB-7BE8BD2A65A6-300x131.jpeg 300w, https:\/\/jessel.de\/365-tage-sylt\/wp-content\/uploads\/2018\/07\/ABEDF0C0-50A4-45A9-85BB-7BE8BD2A65A6-768x335.jpeg 768w, https:\/\/jessel.de\/365-tage-sylt\/wp-content\/uploads\/2018\/07\/ABEDF0C0-50A4-45A9-85BB-7BE8BD2A65A6-1024x446.jpeg 1024w\" sizes=\"auto, (max-width: 1836px) 100vw, 1836px\" \/><\/p>\n<p>&#8230; und die Natur lechzt nach Regen. Vorgestern abend fielen die ersten Tropfen seit viiieeelen Wochen, aber die verpufften einfach:<\/p>\n<p><img loading=\"lazy\" decoding=\"async\" class=\"alignnone size-full wp-image-4605\" src=\"https:\/\/jessel.de\/365-tage-sylt\/wp-content\/uploads\/2018\/07\/CC0496AE-F780-41C9-92C1-B5E2176E9CFE.jpeg\" alt=\"\" width=\"1200\" height=\"800\" srcset=\"https:\/\/jessel.de\/365-tage-sylt\/wp-content\/uploads\/2018\/07\/CC0496AE-F780-41C9-92C1-B5E2176E9CFE.jpeg 1200w, https:\/\/jessel.de\/365-tage-sylt\/wp-content\/uploads\/2018\/07\/CC0496AE-F780-41C9-92C1-B5E2176E9CFE-300x200.jpeg 300w, https:\/\/jessel.de\/365-tage-sylt\/wp-content\/uploads\/2018\/07\/CC0496AE-F780-41C9-92C1-B5E2176E9CFE-768x512.jpeg 768w, https:\/\/jessel.de\/365-tage-sylt\/wp-content\/uploads\/2018\/07\/CC0496AE-F780-41C9-92C1-B5E2176E9CFE-1024x683.jpeg 1024w\" sizes=\"auto, (max-width: 1200px) 100vw, 1200px\" \/><\/p>\n","protected":false},"excerpt":{"rendered":"<p>Einfach nur grandioses Wetter! Nicht immer zum Fotografieren (wegen Diesigkeit), zumindest aber zum Geniessen. F\u00fcr mich die Jahreszeit der ultrafr\u00fchen Eins\u00e4tze, bei denen ich eine vom Menschen befreite Insel erleben darf, die mir ihre ganze Sch\u00f6nheit zu F\u00fcssen legt: Niemand, nirgends. Ein Traum f\u00fcr mich. Stets erwarte ich die ersten Sonnenstrahlen an peripheren Orten &#8211; und werde reichlich belohnt: Einzige Beobachter meines Treibens: Schafe. Sie zeigen sich \u00fcberrascht \u00fcber mein&hellip;<\/p>\n","protected":false},"author":2,"featured_media":4593,"comment_status":"open","ping_status":"open","sticky":false,"template":"","format":"standard","meta":{"footnotes":""},"categories":[27,39,24,28,25,43,3,46,4,26,31],"tags":[],"class_list":["post-4592","post","type-post","status-publish","format-standard","has-post-thumbnail","hentry","category-alle-bilder","category-arbeit","category-duenen","category-haeuser","category-kampen","category-kulinarik","category-menschen","category-sommer","category-spuren","category-strand","category-tinnum"],"jetpack_featured_media_url":"https:\/\/jessel.de\/365-tage-sylt\/wp-content\/uploads\/2018\/07\/92D6F6C2-A83F-4E00-B579-228BC3011F81.jpeg","_links":{"self":[{"href":"https:\/\/jessel.de\/365-tage-sylt\/wp-json\/wp\/v2\/posts\/4592","targetHints":{"allow":["GET"]}}],"collection":[{"href":"https:\/\/jessel.de\/365-tage-sylt\/wp-json\/wp\/v2\/posts"}],"about":[{"href":"https:\/\/jessel.de\/365-tage-sylt\/wp-json\/wp\/v2\/types\/post"}],"author":[{"embeddable":true,"href":"https:\/\/jessel.de\/365-tage-sylt\/wp-json\/wp\/v2\/users\/2"}],"replies":[{"embeddable":true,"href":"https:\/\/jessel.de\/365-tage-sylt\/wp-json\/wp\/v2\/comments?post=4592"}],"version-history":[{"count":4,"href":"https:\/\/jessel.de\/365-tage-sylt\/wp-json\/wp\/v2\/posts\/4592\/revisions"}],"predecessor-version":[{"id":4608,"href":"https:\/\/jessel.de\/365-tage-sylt\/wp-json\/wp\/v2\/posts\/4592\/revisions\/4608"}],"wp:featuredmedia":[{"embeddable":true,"href":"https:\/\/jessel.de\/365-tage-sylt\/wp-json\/wp\/v2\/media\/4593"}],"wp:attachment":[{"href":"https:\/\/jessel.de\/365-tage-sylt\/wp-json\/wp\/v2\/media?parent=4592"}],"wp:term":[{"taxonomy":"category","embeddable":true,"href":"https:\/\/jessel.de\/365-tage-sylt\/wp-json\/wp\/v2\/categories?post=4592"},{"taxonomy":"post_tag","embeddable":true,"href":"https:\/\/jessel.de\/365-tage-sylt\/wp-json\/wp\/v2\/tags?post=4592"}],"curies":[{"name":"wp","href":"https:\/\/api.w.org\/{rel}","templated":true}]}}