{"id":4609,"date":"2018-08-04T16:02:07","date_gmt":"2018-08-04T16:02:07","guid":{"rendered":"https:\/\/jessel.de\/365-tage-sylt\/?p=4609"},"modified":"2018-08-04T16:19:17","modified_gmt":"2018-08-04T16:19:17","slug":"4-august-830-uhr-der-erste-regenschauer-seit-gefuehlten-eeewigkeiten","status":"publish","type":"post","link":"https:\/\/jessel.de\/365-tage-sylt\/4-august-830-uhr-der-erste-regenschauer-seit-gefuehlten-eeewigkeiten\/","title":{"rendered":"4. August, 8:30 Uhr: Der erste Regenschauer seit gef\u00fchlten Eeewigkeiten"},"content":{"rendered":"<p>Ein Tag sch\u00f6ner als der andere, am besten die windstillen Stunden am glasklaren Meer:<\/p>\n<p><img loading=\"lazy\" decoding=\"async\" class=\"alignnone size-full wp-image-4617\" src=\"https:\/\/jessel.de\/365-tage-sylt\/wp-content\/uploads\/2018\/08\/F5385139-5CF2-488E-832B-C29117CB04FE.jpeg\" alt=\"\" width=\"1202\" height=\"800\" srcset=\"https:\/\/jessel.de\/365-tage-sylt\/wp-content\/uploads\/2018\/08\/F5385139-5CF2-488E-832B-C29117CB04FE.jpeg 1202w, https:\/\/jessel.de\/365-tage-sylt\/wp-content\/uploads\/2018\/08\/F5385139-5CF2-488E-832B-C29117CB04FE-300x200.jpeg 300w, https:\/\/jessel.de\/365-tage-sylt\/wp-content\/uploads\/2018\/08\/F5385139-5CF2-488E-832B-C29117CB04FE-768x511.jpeg 768w, https:\/\/jessel.de\/365-tage-sylt\/wp-content\/uploads\/2018\/08\/F5385139-5CF2-488E-832B-C29117CB04FE-1024x682.jpeg 1024w\" sizes=\"auto, (max-width: 1202px) 100vw, 1202px\" \/><\/p>\n<p>Badeleben vom Feinsten&#8230;:<\/p>\n<p><img loading=\"lazy\" decoding=\"async\" class=\"alignnone size-full wp-image-4613\" src=\"https:\/\/jessel.de\/365-tage-sylt\/wp-content\/uploads\/2018\/08\/30E6DE1C-0D0A-440A-B0D6-778C422AF1DC.jpeg\" alt=\"\" width=\"1422\" height=\"800\" srcset=\"https:\/\/jessel.de\/365-tage-sylt\/wp-content\/uploads\/2018\/08\/30E6DE1C-0D0A-440A-B0D6-778C422AF1DC.jpeg 1422w, https:\/\/jessel.de\/365-tage-sylt\/wp-content\/uploads\/2018\/08\/30E6DE1C-0D0A-440A-B0D6-778C422AF1DC-300x169.jpeg 300w, https:\/\/jessel.de\/365-tage-sylt\/wp-content\/uploads\/2018\/08\/30E6DE1C-0D0A-440A-B0D6-778C422AF1DC-768x432.jpeg 768w, https:\/\/jessel.de\/365-tage-sylt\/wp-content\/uploads\/2018\/08\/30E6DE1C-0D0A-440A-B0D6-778C422AF1DC-1024x576.jpeg 1024w\" sizes=\"auto, (max-width: 1422px) 100vw, 1422px\" \/><\/p>\n<p>&#8230; Fotomotive noch und n\u00f6cher&#8230;:<\/p>\n<p><img loading=\"lazy\" decoding=\"async\" class=\"alignnone size-full wp-image-4616\" src=\"https:\/\/jessel.de\/365-tage-sylt\/wp-content\/uploads\/2018\/08\/DC24AE72-DACC-4274-A1ED-0255676BB8C5.jpeg\" alt=\"\" width=\"1202\" height=\"800\" srcset=\"https:\/\/jessel.de\/365-tage-sylt\/wp-content\/uploads\/2018\/08\/DC24AE72-DACC-4274-A1ED-0255676BB8C5.jpeg 1202w, https:\/\/jessel.de\/365-tage-sylt\/wp-content\/uploads\/2018\/08\/DC24AE72-DACC-4274-A1ED-0255676BB8C5-300x200.jpeg 300w, https:\/\/jessel.de\/365-tage-sylt\/wp-content\/uploads\/2018\/08\/DC24AE72-DACC-4274-A1ED-0255676BB8C5-768x511.jpeg 768w, https:\/\/jessel.de\/365-tage-sylt\/wp-content\/uploads\/2018\/08\/DC24AE72-DACC-4274-A1ED-0255676BB8C5-1024x682.jpeg 1024w\" sizes=\"auto, (max-width: 1202px) 100vw, 1202px\" \/><\/p>\n<p>&#8230; Abende mit Freunden am Strand..:<\/p>\n<p><img loading=\"lazy\" decoding=\"async\" class=\"alignnone size-full wp-image-4612\" src=\"https:\/\/jessel.de\/365-tage-sylt\/wp-content\/uploads\/2018\/08\/F4609DE5-E2F5-44B2-A98A-EB5C263AF721.jpeg\" alt=\"\" width=\"1422\" height=\"800\" srcset=\"https:\/\/jessel.de\/365-tage-sylt\/wp-content\/uploads\/2018\/08\/F4609DE5-E2F5-44B2-A98A-EB5C263AF721.jpeg 1422w, https:\/\/jessel.de\/365-tage-sylt\/wp-content\/uploads\/2018\/08\/F4609DE5-E2F5-44B2-A98A-EB5C263AF721-300x169.jpeg 300w, https:\/\/jessel.de\/365-tage-sylt\/wp-content\/uploads\/2018\/08\/F4609DE5-E2F5-44B2-A98A-EB5C263AF721-768x432.jpeg 768w, https:\/\/jessel.de\/365-tage-sylt\/wp-content\/uploads\/2018\/08\/F4609DE5-E2F5-44B2-A98A-EB5C263AF721-1024x576.jpeg 1024w\" sizes=\"auto, (max-width: 1422px) 100vw, 1422px\" \/><\/p>\n<p>Leichter Dichte-Stress auf den Flunderbuhnen&#8230;:<\/p>\n<p><img loading=\"lazy\" decoding=\"async\" class=\"alignnone size-full wp-image-4615\" src=\"https:\/\/jessel.de\/365-tage-sylt\/wp-content\/uploads\/2018\/08\/56E34909-107A-492C-9CD8-DCBE1FC21213.jpeg\" alt=\"\" width=\"1202\" height=\"800\" srcset=\"https:\/\/jessel.de\/365-tage-sylt\/wp-content\/uploads\/2018\/08\/56E34909-107A-492C-9CD8-DCBE1FC21213.jpeg 1202w, https:\/\/jessel.de\/365-tage-sylt\/wp-content\/uploads\/2018\/08\/56E34909-107A-492C-9CD8-DCBE1FC21213-300x200.jpeg 300w, https:\/\/jessel.de\/365-tage-sylt\/wp-content\/uploads\/2018\/08\/56E34909-107A-492C-9CD8-DCBE1FC21213-768x511.jpeg 768w, https:\/\/jessel.de\/365-tage-sylt\/wp-content\/uploads\/2018\/08\/56E34909-107A-492C-9CD8-DCBE1FC21213-1024x682.jpeg 1024w\" sizes=\"auto, (max-width: 1202px) 100vw, 1202px\" \/><\/p>\n<p>&#8230; und an den Str\u00e4nden:<\/p>\n<p><img loading=\"lazy\" decoding=\"async\" class=\"alignnone size-full wp-image-4614\" src=\"https:\/\/jessel.de\/365-tage-sylt\/wp-content\/uploads\/2018\/08\/ADE67DBE-BA74-4B85-8C38-163A98961610.jpeg\" alt=\"\" width=\"1422\" height=\"800\" srcset=\"https:\/\/jessel.de\/365-tage-sylt\/wp-content\/uploads\/2018\/08\/ADE67DBE-BA74-4B85-8C38-163A98961610.jpeg 1422w, https:\/\/jessel.de\/365-tage-sylt\/wp-content\/uploads\/2018\/08\/ADE67DBE-BA74-4B85-8C38-163A98961610-300x169.jpeg 300w, https:\/\/jessel.de\/365-tage-sylt\/wp-content\/uploads\/2018\/08\/ADE67DBE-BA74-4B85-8C38-163A98961610-768x432.jpeg 768w, https:\/\/jessel.de\/365-tage-sylt\/wp-content\/uploads\/2018\/08\/ADE67DBE-BA74-4B85-8C38-163A98961610-1024x576.jpeg 1024w\" sizes=\"auto, (max-width: 1422px) 100vw, 1422px\" \/><\/p>\n<p>Mit Lars Wiggert gehe ich auf Exkursion in die Braderuper Heide &#8211; als weitere Inspirationstour f\u00fcr die projektierte gemeinsame Ausstellung&#8230;:<\/p>\n<p><img loading=\"lazy\" decoding=\"async\" class=\"alignnone size-full wp-image-4619\" src=\"https:\/\/jessel.de\/365-tage-sylt\/wp-content\/uploads\/2018\/08\/ECD148B8-694E-4922-8BB9-6064AE6535C4.jpeg\" alt=\"\" width=\"1204\" height=\"800\" srcset=\"https:\/\/jessel.de\/365-tage-sylt\/wp-content\/uploads\/2018\/08\/ECD148B8-694E-4922-8BB9-6064AE6535C4.jpeg 1204w, https:\/\/jessel.de\/365-tage-sylt\/wp-content\/uploads\/2018\/08\/ECD148B8-694E-4922-8BB9-6064AE6535C4-300x199.jpeg 300w, https:\/\/jessel.de\/365-tage-sylt\/wp-content\/uploads\/2018\/08\/ECD148B8-694E-4922-8BB9-6064AE6535C4-768x510.jpeg 768w, https:\/\/jessel.de\/365-tage-sylt\/wp-content\/uploads\/2018\/08\/ECD148B8-694E-4922-8BB9-6064AE6535C4-1024x680.jpeg 1024w\" sizes=\"auto, (max-width: 1204px) 100vw, 1204px\" \/><\/p>\n<p>&#8230; bin ansonsten &#8211; wie gewohnt &#8211; in den Fr\u00fchstunden unterwegs, und erlebe zauberhafte Nebelstimmungen&#8230;:<\/p>\n<p><img loading=\"lazy\" decoding=\"async\" class=\"alignnone size-full wp-image-4621\" src=\"https:\/\/jessel.de\/365-tage-sylt\/wp-content\/uploads\/2018\/08\/8B31FE8D-6BC1-425A-9928-60B990F3E771.jpeg\" alt=\"\" width=\"1200\" height=\"800\" srcset=\"https:\/\/jessel.de\/365-tage-sylt\/wp-content\/uploads\/2018\/08\/8B31FE8D-6BC1-425A-9928-60B990F3E771.jpeg 1200w, https:\/\/jessel.de\/365-tage-sylt\/wp-content\/uploads\/2018\/08\/8B31FE8D-6BC1-425A-9928-60B990F3E771-300x200.jpeg 300w, https:\/\/jessel.de\/365-tage-sylt\/wp-content\/uploads\/2018\/08\/8B31FE8D-6BC1-425A-9928-60B990F3E771-768x512.jpeg 768w, https:\/\/jessel.de\/365-tage-sylt\/wp-content\/uploads\/2018\/08\/8B31FE8D-6BC1-425A-9928-60B990F3E771-1024x683.jpeg 1024w\" sizes=\"auto, (max-width: 1200px) 100vw, 1200px\" \/><\/p>\n<p>&#8230; und nette Begegnungen&#8230;:<\/p>\n<p><img loading=\"lazy\" decoding=\"async\" class=\"alignnone size-full wp-image-4622\" src=\"https:\/\/jessel.de\/365-tage-sylt\/wp-content\/uploads\/2018\/08\/9C9FF54F-B71F-492D-B019-F173F7B35B26.jpeg\" alt=\"\" width=\"1204\" height=\"800\" srcset=\"https:\/\/jessel.de\/365-tage-sylt\/wp-content\/uploads\/2018\/08\/9C9FF54F-B71F-492D-B019-F173F7B35B26.jpeg 1204w, https:\/\/jessel.de\/365-tage-sylt\/wp-content\/uploads\/2018\/08\/9C9FF54F-B71F-492D-B019-F173F7B35B26-300x199.jpeg 300w, https:\/\/jessel.de\/365-tage-sylt\/wp-content\/uploads\/2018\/08\/9C9FF54F-B71F-492D-B019-F173F7B35B26-768x510.jpeg 768w, https:\/\/jessel.de\/365-tage-sylt\/wp-content\/uploads\/2018\/08\/9C9FF54F-B71F-492D-B019-F173F7B35B26-1024x680.jpeg 1024w\" sizes=\"auto, (max-width: 1204px) 100vw, 1204px\" \/><\/p>\n<p>&#8230; in der knochentrockenen Landschaft:<\/p>\n<p><img loading=\"lazy\" decoding=\"async\" class=\"alignnone size-full wp-image-4618\" src=\"https:\/\/jessel.de\/365-tage-sylt\/wp-content\/uploads\/2018\/08\/6A3A1C78-7B11-428D-A701-0F7BC980FA47.jpeg\" alt=\"\" width=\"1204\" height=\"800\" srcset=\"https:\/\/jessel.de\/365-tage-sylt\/wp-content\/uploads\/2018\/08\/6A3A1C78-7B11-428D-A701-0F7BC980FA47.jpeg 1204w, https:\/\/jessel.de\/365-tage-sylt\/wp-content\/uploads\/2018\/08\/6A3A1C78-7B11-428D-A701-0F7BC980FA47-300x199.jpeg 300w, https:\/\/jessel.de\/365-tage-sylt\/wp-content\/uploads\/2018\/08\/6A3A1C78-7B11-428D-A701-0F7BC980FA47-768x510.jpeg 768w, https:\/\/jessel.de\/365-tage-sylt\/wp-content\/uploads\/2018\/08\/6A3A1C78-7B11-428D-A701-0F7BC980FA47-1024x680.jpeg 1024w\" sizes=\"auto, (max-width: 1204px) 100vw, 1204px\" \/><\/p>\n","protected":false},"excerpt":{"rendered":"<p>Ein Tag sch\u00f6ner als der andere, am besten die windstillen Stunden am glasklaren Meer: Badeleben vom Feinsten&#8230;: &#8230; Fotomotive noch und n\u00f6cher&#8230;: &#8230; Abende mit Freunden am Strand..: Leichter Dichte-Stress auf den Flunderbuhnen&#8230;: &#8230; und an den Str\u00e4nden: Mit Lars Wiggert gehe ich auf Exkursion in die Braderuper Heide &#8211; als weitere Inspirationstour f\u00fcr die projektierte gemeinsame Ausstellung&#8230;: &#8230; bin ansonsten &#8211; wie gewohnt &#8211; in den Fr\u00fchstunden unterwegs, und&hellip;<\/p>\n","protected":false},"author":2,"featured_media":4610,"comment_status":"open","ping_status":"open","sticky":false,"template":"","format":"standard","meta":{"footnotes":""},"categories":[27,3,35,46,4,26,2,30,7],"tags":[],"class_list":["post-4609","post","type-post","status-publish","format-standard","has-post-thumbnail","hentry","category-alle-bilder","category-menschen","category-schlechtes-wetter","category-sommer","category-spuren","category-strand","category-tourismus","category-tradition","category-westerland"],"jetpack_featured_media_url":"https:\/\/jessel.de\/365-tage-sylt\/wp-content\/uploads\/2018\/08\/BEA13B46-EEEC-49DA-B8A7-6C8C4739C623.jpeg","_links":{"self":[{"href":"https:\/\/jessel.de\/365-tage-sylt\/wp-json\/wp\/v2\/posts\/4609","targetHints":{"allow":["GET"]}}],"collection":[{"href":"https:\/\/jessel.de\/365-tage-sylt\/wp-json\/wp\/v2\/posts"}],"about":[{"href":"https:\/\/jessel.de\/365-tage-sylt\/wp-json\/wp\/v2\/types\/post"}],"author":[{"embeddable":true,"href":"https:\/\/jessel.de\/365-tage-sylt\/wp-json\/wp\/v2\/users\/2"}],"replies":[{"embeddable":true,"href":"https:\/\/jessel.de\/365-tage-sylt\/wp-json\/wp\/v2\/comments?post=4609"}],"version-history":[{"count":4,"href":"https:\/\/jessel.de\/365-tage-sylt\/wp-json\/wp\/v2\/posts\/4609\/revisions"}],"predecessor-version":[{"id":4625,"href":"https:\/\/jessel.de\/365-tage-sylt\/wp-json\/wp\/v2\/posts\/4609\/revisions\/4625"}],"wp:featuredmedia":[{"embeddable":true,"href":"https:\/\/jessel.de\/365-tage-sylt\/wp-json\/wp\/v2\/media\/4610"}],"wp:attachment":[{"href":"https:\/\/jessel.de\/365-tage-sylt\/wp-json\/wp\/v2\/media?parent=4609"}],"wp:term":[{"taxonomy":"category","embeddable":true,"href":"https:\/\/jessel.de\/365-tage-sylt\/wp-json\/wp\/v2\/categories?post=4609"},{"taxonomy":"post_tag","embeddable":true,"href":"https:\/\/jessel.de\/365-tage-sylt\/wp-json\/wp\/v2\/tags?post=4609"}],"curies":[{"name":"wp","href":"https:\/\/api.w.org\/{rel}","templated":true}]}}