{"id":4641,"date":"2018-08-23T10:48:15","date_gmt":"2018-08-23T10:48:15","guid":{"rendered":"https:\/\/jessel.de\/365-tage-sylt\/?p=4641"},"modified":"2018-08-23T10:49:57","modified_gmt":"2018-08-23T10:49:57","slug":"22-august-da-strahlt-das-geburtstagskind","status":"publish","type":"post","link":"https:\/\/jessel.de\/365-tage-sylt\/22-august-da-strahlt-das-geburtstagskind\/","title":{"rendered":"22. August: Da strahlt das Geburtstagskind!"},"content":{"rendered":"<p>Der letzte Sommerabend mit Freunden am Strand? Es sind immer noch 20 Grad, dazu weht ein sanfter Wind aus dem S\u00fcdwesten, aber der Blick in den Sonnenuntergang zeigt bereits den bevorstehenden Wetterumschwung:<\/p>\n<p><img loading=\"lazy\" decoding=\"async\" class=\"alignnone size-full wp-image-4646\" src=\"https:\/\/jessel.de\/365-tage-sylt\/wp-content\/uploads\/2018\/08\/1362CBE8-1684-4D2E-9C57-DA8CD5CDF0F0.jpeg\" alt=\"\" width=\"1422\" height=\"800\" srcset=\"https:\/\/jessel.de\/365-tage-sylt\/wp-content\/uploads\/2018\/08\/1362CBE8-1684-4D2E-9C57-DA8CD5CDF0F0.jpeg 1422w, https:\/\/jessel.de\/365-tage-sylt\/wp-content\/uploads\/2018\/08\/1362CBE8-1684-4D2E-9C57-DA8CD5CDF0F0-300x169.jpeg 300w, https:\/\/jessel.de\/365-tage-sylt\/wp-content\/uploads\/2018\/08\/1362CBE8-1684-4D2E-9C57-DA8CD5CDF0F0-768x432.jpeg 768w, https:\/\/jessel.de\/365-tage-sylt\/wp-content\/uploads\/2018\/08\/1362CBE8-1684-4D2E-9C57-DA8CD5CDF0F0-1024x576.jpeg 1024w\" sizes=\"auto, (max-width: 1422px) 100vw, 1422px\" \/><\/p>\n<p>Kann uns egal sein! Die Stimmung ist allerbest, und jeder hat etwas mit gebracht zu dieser Beach-Birthday-Party:<\/p>\n<p><img loading=\"lazy\" decoding=\"async\" class=\"alignnone size-full wp-image-4649\" src=\"https:\/\/jessel.de\/365-tage-sylt\/wp-content\/uploads\/2018\/08\/D97715DE-3B2D-4779-9F66-B3EDD11A96F7.jpeg\" alt=\"\" width=\"450\" height=\"800\" srcset=\"https:\/\/jessel.de\/365-tage-sylt\/wp-content\/uploads\/2018\/08\/D97715DE-3B2D-4779-9F66-B3EDD11A96F7.jpeg 450w, https:\/\/jessel.de\/365-tage-sylt\/wp-content\/uploads\/2018\/08\/D97715DE-3B2D-4779-9F66-B3EDD11A96F7-169x300.jpeg 169w\" sizes=\"auto, (max-width: 450px) 100vw, 450px\" \/><\/p>\n<p>Unsere Beachgl\u00e4ser bew\u00e4hren sich mal wieder:<\/p>\n<p><img loading=\"lazy\" decoding=\"async\" class=\"alignnone size-full wp-image-4643\" src=\"https:\/\/jessel.de\/365-tage-sylt\/wp-content\/uploads\/2018\/08\/F88B9D93-A230-4152-B6A6-3A7B94A7457B.jpeg\" alt=\"\" width=\"450\" height=\"800\" srcset=\"https:\/\/jessel.de\/365-tage-sylt\/wp-content\/uploads\/2018\/08\/F88B9D93-A230-4152-B6A6-3A7B94A7457B.jpeg 450w, https:\/\/jessel.de\/365-tage-sylt\/wp-content\/uploads\/2018\/08\/F88B9D93-A230-4152-B6A6-3A7B94A7457B-169x300.jpeg 169w\" sizes=\"auto, (max-width: 450px) 100vw, 450px\" \/><\/p>\n<p>Und, oh Freude, Simone ist dabei, die dem Handy-Fotografen gerne den Vino nachf\u00fcllt:<\/p>\n<p><img loading=\"lazy\" decoding=\"async\" class=\"alignnone size-full wp-image-4647\" src=\"https:\/\/jessel.de\/365-tage-sylt\/wp-content\/uploads\/2018\/08\/E4D24388-5562-431E-8868-9F37273F9F26.jpeg\" alt=\"\" width=\"1422\" height=\"800\" srcset=\"https:\/\/jessel.de\/365-tage-sylt\/wp-content\/uploads\/2018\/08\/E4D24388-5562-431E-8868-9F37273F9F26.jpeg 1422w, https:\/\/jessel.de\/365-tage-sylt\/wp-content\/uploads\/2018\/08\/E4D24388-5562-431E-8868-9F37273F9F26-300x169.jpeg 300w, https:\/\/jessel.de\/365-tage-sylt\/wp-content\/uploads\/2018\/08\/E4D24388-5562-431E-8868-9F37273F9F26-768x432.jpeg 768w, https:\/\/jessel.de\/365-tage-sylt\/wp-content\/uploads\/2018\/08\/E4D24388-5562-431E-8868-9F37273F9F26-1024x576.jpeg 1024w\" sizes=\"auto, (max-width: 1422px) 100vw, 1422px\" \/><\/p>\n<p>Kind(er) und Kegel sind auch happy:<\/p>\n<p><img loading=\"lazy\" decoding=\"async\" class=\"alignnone size-full wp-image-4645\" src=\"https:\/\/jessel.de\/365-tage-sylt\/wp-content\/uploads\/2018\/08\/E2563E84-2AB5-4574-89BF-EBD71015BF2C.jpeg\" alt=\"\" width=\"1422\" height=\"800\" srcset=\"https:\/\/jessel.de\/365-tage-sylt\/wp-content\/uploads\/2018\/08\/E2563E84-2AB5-4574-89BF-EBD71015BF2C.jpeg 1422w, https:\/\/jessel.de\/365-tage-sylt\/wp-content\/uploads\/2018\/08\/E2563E84-2AB5-4574-89BF-EBD71015BF2C-300x169.jpeg 300w, https:\/\/jessel.de\/365-tage-sylt\/wp-content\/uploads\/2018\/08\/E2563E84-2AB5-4574-89BF-EBD71015BF2C-768x432.jpeg 768w, https:\/\/jessel.de\/365-tage-sylt\/wp-content\/uploads\/2018\/08\/E2563E84-2AB5-4574-89BF-EBD71015BF2C-1024x576.jpeg 1024w\" sizes=\"auto, (max-width: 1422px) 100vw, 1422px\" \/><\/p>\n<p>Arved entwickelt sich mit rasanten Schritten zum Foto-Model:<\/p>\n<p><img loading=\"lazy\" decoding=\"async\" class=\"alignnone size-full wp-image-4648\" src=\"https:\/\/jessel.de\/365-tage-sylt\/wp-content\/uploads\/2018\/08\/582C8EC1-CEBF-4874-AB6A-936E049CD935.jpeg\" alt=\"\" width=\"450\" height=\"800\" srcset=\"https:\/\/jessel.de\/365-tage-sylt\/wp-content\/uploads\/2018\/08\/582C8EC1-CEBF-4874-AB6A-936E049CD935.jpeg 450w, https:\/\/jessel.de\/365-tage-sylt\/wp-content\/uploads\/2018\/08\/582C8EC1-CEBF-4874-AB6A-936E049CD935-169x300.jpeg 169w\" sizes=\"auto, (max-width: 450px) 100vw, 450px\" \/><\/p>\n<p>&#8230; und er muss auch erst nach Sonnenuntergang ins Bett. Der perfekte Abschlussabend eines grandiosen Sommers:<\/p>\n<p><img loading=\"lazy\" decoding=\"async\" class=\"alignnone size-full wp-image-4644\" src=\"https:\/\/jessel.de\/365-tage-sylt\/wp-content\/uploads\/2018\/08\/91CCAE0E-6BFE-4E8F-BA06-5C2AC3E062F8.jpeg\" alt=\"\" width=\"1332\" height=\"800\" srcset=\"https:\/\/jessel.de\/365-tage-sylt\/wp-content\/uploads\/2018\/08\/91CCAE0E-6BFE-4E8F-BA06-5C2AC3E062F8.jpeg 1332w, https:\/\/jessel.de\/365-tage-sylt\/wp-content\/uploads\/2018\/08\/91CCAE0E-6BFE-4E8F-BA06-5C2AC3E062F8-300x180.jpeg 300w, https:\/\/jessel.de\/365-tage-sylt\/wp-content\/uploads\/2018\/08\/91CCAE0E-6BFE-4E8F-BA06-5C2AC3E062F8-768x461.jpeg 768w, https:\/\/jessel.de\/365-tage-sylt\/wp-content\/uploads\/2018\/08\/91CCAE0E-6BFE-4E8F-BA06-5C2AC3E062F8-1024x615.jpeg 1024w\" sizes=\"auto, (max-width: 1332px) 100vw, 1332px\" \/><\/p>\n<p>&nbsp;<\/p>\n","protected":false},"excerpt":{"rendered":"<p>Der letzte Sommerabend mit Freunden am Strand? Es sind immer noch 20 Grad, dazu weht ein sanfter Wind aus dem S\u00fcdwesten, aber der Blick in den Sonnenuntergang zeigt bereits den bevorstehenden Wetterumschwung: Kann uns egal sein! Die Stimmung ist allerbest, und jeder hat etwas mit gebracht zu dieser Beach-Birthday-Party: Unsere Beachgl\u00e4ser bew\u00e4hren sich mal wieder: Und, oh Freude, Simone ist dabei, die dem Handy-Fotografen gerne den Vino nachf\u00fcllt: Kind(er) und&hellip;<\/p>\n","protected":false},"author":2,"featured_media":4642,"comment_status":"open","ping_status":"open","sticky":false,"template":"","format":"standard","meta":{"footnotes":""},"categories":[27,39,24,43,3,34,46,4,26,40,30],"tags":[],"class_list":["post-4641","post","type-post","status-publish","format-standard","has-post-thumbnail","hentry","category-alle-bilder","category-arbeit","category-duenen","category-kulinarik","category-menschen","category-rantum","category-sommer","category-spuren","category-strand","category-tiere","category-tradition"],"jetpack_featured_media_url":"https:\/\/jessel.de\/365-tage-sylt\/wp-content\/uploads\/2018\/08\/CF53FAF9-307B-4713-8402-3CFF0DD90B76.jpeg","_links":{"self":[{"href":"https:\/\/jessel.de\/365-tage-sylt\/wp-json\/wp\/v2\/posts\/4641","targetHints":{"allow":["GET"]}}],"collection":[{"href":"https:\/\/jessel.de\/365-tage-sylt\/wp-json\/wp\/v2\/posts"}],"about":[{"href":"https:\/\/jessel.de\/365-tage-sylt\/wp-json\/wp\/v2\/types\/post"}],"author":[{"embeddable":true,"href":"https:\/\/jessel.de\/365-tage-sylt\/wp-json\/wp\/v2\/users\/2"}],"replies":[{"embeddable":true,"href":"https:\/\/jessel.de\/365-tage-sylt\/wp-json\/wp\/v2\/comments?post=4641"}],"version-history":[{"count":3,"href":"https:\/\/jessel.de\/365-tage-sylt\/wp-json\/wp\/v2\/posts\/4641\/revisions"}],"predecessor-version":[{"id":4652,"href":"https:\/\/jessel.de\/365-tage-sylt\/wp-json\/wp\/v2\/posts\/4641\/revisions\/4652"}],"wp:featuredmedia":[{"embeddable":true,"href":"https:\/\/jessel.de\/365-tage-sylt\/wp-json\/wp\/v2\/media\/4642"}],"wp:attachment":[{"href":"https:\/\/jessel.de\/365-tage-sylt\/wp-json\/wp\/v2\/media?parent=4641"}],"wp:term":[{"taxonomy":"category","embeddable":true,"href":"https:\/\/jessel.de\/365-tage-sylt\/wp-json\/wp\/v2\/categories?post=4641"},{"taxonomy":"post_tag","embeddable":true,"href":"https:\/\/jessel.de\/365-tage-sylt\/wp-json\/wp\/v2\/tags?post=4641"}],"curies":[{"name":"wp","href":"https:\/\/api.w.org\/{rel}","templated":true}]}}