{"id":4782,"date":"2018-10-31T21:21:17","date_gmt":"2018-10-31T21:21:17","guid":{"rendered":"https:\/\/jessel.de\/365-tage-sylt\/?p=4782"},"modified":"2018-10-31T21:22:49","modified_gmt":"2018-10-31T21:22:49","slug":"31-oktober-haloween-auf-sylt","status":"publish","type":"post","link":"https:\/\/jessel.de\/365-tage-sylt\/31-oktober-haloween-auf-sylt\/","title":{"rendered":"31. Oktober: Halloween auf Sylt?"},"content":{"rendered":"<p>Mittlerweile auch hier, ja. Ich kann nichts daf\u00fcr! Besser aber: Ein abermals grandioser Nordseetag mit kr\u00e4ftigem Seewind, rasch ziehenden Wolken und immer noch w\u00e4rmenden Sonnenstrahlen:<\/p>\n<p><img loading=\"lazy\" decoding=\"async\" class=\"alignnone size-full wp-image-4787\" src=\"https:\/\/jessel.de\/365-tage-sylt\/wp-content\/uploads\/2018\/10\/89C29CD1-BFC2-412B-B42C-DDDBCC975091.jpeg\" alt=\"\" width=\"1200\" height=\"800\" srcset=\"https:\/\/jessel.de\/365-tage-sylt\/wp-content\/uploads\/2018\/10\/89C29CD1-BFC2-412B-B42C-DDDBCC975091.jpeg 1200w, https:\/\/jessel.de\/365-tage-sylt\/wp-content\/uploads\/2018\/10\/89C29CD1-BFC2-412B-B42C-DDDBCC975091-300x200.jpeg 300w, https:\/\/jessel.de\/365-tage-sylt\/wp-content\/uploads\/2018\/10\/89C29CD1-BFC2-412B-B42C-DDDBCC975091-768x512.jpeg 768w, https:\/\/jessel.de\/365-tage-sylt\/wp-content\/uploads\/2018\/10\/89C29CD1-BFC2-412B-B42C-DDDBCC975091-1024x683.jpeg 1024w\" sizes=\"auto, (max-width: 1200px) 100vw, 1200px\" \/><\/p>\n<p>Vormittags besuche ich nochmals das Rote Kliff, denn hier hat sich viel getan bei dem starken Wind der letzten Tage&#8230;:<\/p>\n<p><img loading=\"lazy\" decoding=\"async\" class=\"alignnone size-full wp-image-4786\" src=\"https:\/\/jessel.de\/365-tage-sylt\/wp-content\/uploads\/2018\/10\/E37258BE-67EA-4A16-A293-C86ECFD42B21.jpeg\" alt=\"\" width=\"1202\" height=\"800\" srcset=\"https:\/\/jessel.de\/365-tage-sylt\/wp-content\/uploads\/2018\/10\/E37258BE-67EA-4A16-A293-C86ECFD42B21.jpeg 1202w, https:\/\/jessel.de\/365-tage-sylt\/wp-content\/uploads\/2018\/10\/E37258BE-67EA-4A16-A293-C86ECFD42B21-300x200.jpeg 300w, https:\/\/jessel.de\/365-tage-sylt\/wp-content\/uploads\/2018\/10\/E37258BE-67EA-4A16-A293-C86ECFD42B21-768x511.jpeg 768w, https:\/\/jessel.de\/365-tage-sylt\/wp-content\/uploads\/2018\/10\/E37258BE-67EA-4A16-A293-C86ECFD42B21-1024x682.jpeg 1024w\" sizes=\"auto, (max-width: 1202px) 100vw, 1202px\" \/><\/p>\n<p>&#8230; und ich checke einige Locations insbesondere bez\u00fcglich ihrer Panorama-Tauglichkeit:<\/p>\n<p><img loading=\"lazy\" decoding=\"async\" class=\"alignnone size-full wp-image-4785\" src=\"https:\/\/jessel.de\/365-tage-sylt\/wp-content\/uploads\/2018\/10\/A2E67EC2-48EE-4F9A-834F-547654248ABB.jpeg\" alt=\"\" width=\"1636\" height=\"800\" srcset=\"https:\/\/jessel.de\/365-tage-sylt\/wp-content\/uploads\/2018\/10\/A2E67EC2-48EE-4F9A-834F-547654248ABB.jpeg 1636w, https:\/\/jessel.de\/365-tage-sylt\/wp-content\/uploads\/2018\/10\/A2E67EC2-48EE-4F9A-834F-547654248ABB-300x147.jpeg 300w, https:\/\/jessel.de\/365-tage-sylt\/wp-content\/uploads\/2018\/10\/A2E67EC2-48EE-4F9A-834F-547654248ABB-768x376.jpeg 768w, https:\/\/jessel.de\/365-tage-sylt\/wp-content\/uploads\/2018\/10\/A2E67EC2-48EE-4F9A-834F-547654248ABB-1024x501.jpeg 1024w\" sizes=\"auto, (max-width: 1636px) 100vw, 1636px\" \/><\/p>\n<p>Nachmittags bin ich mit dem Rad im Raume Rantums unterwegs, und beende den langen Fototag dann auf der Westerl\u00e4nder Promenade:<\/p>\n<p><img loading=\"lazy\" decoding=\"async\" class=\"alignnone size-full wp-image-4784\" src=\"https:\/\/jessel.de\/365-tage-sylt\/wp-content\/uploads\/2018\/10\/CA392E44-993D-4C12-A9AE-3431B18AD2B6.jpeg\" alt=\"\" width=\"1204\" height=\"800\" srcset=\"https:\/\/jessel.de\/365-tage-sylt\/wp-content\/uploads\/2018\/10\/CA392E44-993D-4C12-A9AE-3431B18AD2B6.jpeg 1204w, https:\/\/jessel.de\/365-tage-sylt\/wp-content\/uploads\/2018\/10\/CA392E44-993D-4C12-A9AE-3431B18AD2B6-300x199.jpeg 300w, https:\/\/jessel.de\/365-tage-sylt\/wp-content\/uploads\/2018\/10\/CA392E44-993D-4C12-A9AE-3431B18AD2B6-768x510.jpeg 768w, https:\/\/jessel.de\/365-tage-sylt\/wp-content\/uploads\/2018\/10\/CA392E44-993D-4C12-A9AE-3431B18AD2B6-1024x680.jpeg 1024w\" sizes=\"auto, (max-width: 1204px) 100vw, 1204px\" \/><\/p>\n","protected":false},"excerpt":{"rendered":"<p>Mittlerweile auch hier, ja. Ich kann nichts daf\u00fcr! Besser aber: Ein abermals grandioser Nordseetag mit kr\u00e4ftigem Seewind, rasch ziehenden Wolken und immer noch w\u00e4rmenden Sonnenstrahlen: Vormittags besuche ich nochmals das Rote Kliff, denn hier hat sich viel getan bei dem starken Wind der letzten Tage&#8230;: &#8230; und ich checke einige Locations insbesondere bez\u00fcglich ihrer Panorama-Tauglichkeit: Nachmittags bin ich mit dem Rad im Raume Rantums unterwegs, und beende den langen Fototag&hellip;<\/p>\n","protected":false},"author":2,"featured_media":4783,"comment_status":"open","ping_status":"open","sticky":false,"template":"","format":"standard","meta":{"footnotes":""},"categories":[27,39,48,43,44,2,30,7],"tags":[],"class_list":["post-4782","post","type-post","status-publish","format-standard","has-post-thumbnail","hentry","category-alle-bilder","category-arbeit","category-herbst","category-kulinarik","category-pflanzen","category-tourismus","category-tradition","category-westerland"],"jetpack_featured_media_url":"https:\/\/jessel.de\/365-tage-sylt\/wp-content\/uploads\/2018\/10\/66E424FF-08FE-475F-8A25-00B5ACEF352A.jpeg","_links":{"self":[{"href":"https:\/\/jessel.de\/365-tage-sylt\/wp-json\/wp\/v2\/posts\/4782","targetHints":{"allow":["GET"]}}],"collection":[{"href":"https:\/\/jessel.de\/365-tage-sylt\/wp-json\/wp\/v2\/posts"}],"about":[{"href":"https:\/\/jessel.de\/365-tage-sylt\/wp-json\/wp\/v2\/types\/post"}],"author":[{"embeddable":true,"href":"https:\/\/jessel.de\/365-tage-sylt\/wp-json\/wp\/v2\/users\/2"}],"replies":[{"embeddable":true,"href":"https:\/\/jessel.de\/365-tage-sylt\/wp-json\/wp\/v2\/comments?post=4782"}],"version-history":[{"count":3,"href":"https:\/\/jessel.de\/365-tage-sylt\/wp-json\/wp\/v2\/posts\/4782\/revisions"}],"predecessor-version":[{"id":4790,"href":"https:\/\/jessel.de\/365-tage-sylt\/wp-json\/wp\/v2\/posts\/4782\/revisions\/4790"}],"wp:featuredmedia":[{"embeddable":true,"href":"https:\/\/jessel.de\/365-tage-sylt\/wp-json\/wp\/v2\/media\/4783"}],"wp:attachment":[{"href":"https:\/\/jessel.de\/365-tage-sylt\/wp-json\/wp\/v2\/media?parent=4782"}],"wp:term":[{"taxonomy":"category","embeddable":true,"href":"https:\/\/jessel.de\/365-tage-sylt\/wp-json\/wp\/v2\/categories?post=4782"},{"taxonomy":"post_tag","embeddable":true,"href":"https:\/\/jessel.de\/365-tage-sylt\/wp-json\/wp\/v2\/tags?post=4782"}],"curies":[{"name":"wp","href":"https:\/\/api.w.org\/{rel}","templated":true}]}}