{"id":4791,"date":"2018-11-01T16:54:07","date_gmt":"2018-11-01T16:54:07","guid":{"rendered":"https:\/\/jessel.de\/365-tage-sylt\/?p=4791"},"modified":"2018-11-01T21:07:48","modified_gmt":"2018-11-01T21:07:48","slug":"1-november-ist-halloween-endlich-vorbei","status":"publish","type":"post","link":"https:\/\/jessel.de\/365-tage-sylt\/1-november-ist-halloween-endlich-vorbei\/","title":{"rendered":"1. November: \u201eIst Halloween endlich vorbei?\u201c"},"content":{"rendered":"<p>Ja.<\/p>\n<p><img loading=\"lazy\" decoding=\"async\" class=\"alignnone size-full wp-image-4793\" src=\"https:\/\/jessel.de\/365-tage-sylt\/wp-content\/uploads\/2018\/11\/B3F2EE41-2ABC-4A8A-93BA-CE25F542C395.jpeg\" alt=\"\" width=\"1067\" height=\"800\" srcset=\"https:\/\/jessel.de\/365-tage-sylt\/wp-content\/uploads\/2018\/11\/B3F2EE41-2ABC-4A8A-93BA-CE25F542C395.jpeg 1067w, https:\/\/jessel.de\/365-tage-sylt\/wp-content\/uploads\/2018\/11\/B3F2EE41-2ABC-4A8A-93BA-CE25F542C395-300x225.jpeg 300w, https:\/\/jessel.de\/365-tage-sylt\/wp-content\/uploads\/2018\/11\/B3F2EE41-2ABC-4A8A-93BA-CE25F542C395-768x576.jpeg 768w, https:\/\/jessel.de\/365-tage-sylt\/wp-content\/uploads\/2018\/11\/B3F2EE41-2ABC-4A8A-93BA-CE25F542C395-1024x768.jpeg 1024w\" sizes=\"auto, (max-width: 1067px) 100vw, 1067px\" \/><\/p>\n<p>Ich nutze die Gelegenheit f\u00fcr einen Bummel um die S\u00fcdspitze:<\/p>\n<p><img loading=\"lazy\" decoding=\"async\" class=\"alignnone size-full wp-image-4799\" src=\"https:\/\/jessel.de\/365-tage-sylt\/wp-content\/uploads\/2018\/11\/38F16091-B0BF-44F9-984C-C6236125A02D.jpeg\" alt=\"\" width=\"1202\" height=\"800\" srcset=\"https:\/\/jessel.de\/365-tage-sylt\/wp-content\/uploads\/2018\/11\/38F16091-B0BF-44F9-984C-C6236125A02D.jpeg 1202w, https:\/\/jessel.de\/365-tage-sylt\/wp-content\/uploads\/2018\/11\/38F16091-B0BF-44F9-984C-C6236125A02D-300x200.jpeg 300w, https:\/\/jessel.de\/365-tage-sylt\/wp-content\/uploads\/2018\/11\/38F16091-B0BF-44F9-984C-C6236125A02D-768x511.jpeg 768w, https:\/\/jessel.de\/365-tage-sylt\/wp-content\/uploads\/2018\/11\/38F16091-B0BF-44F9-984C-C6236125A02D-1024x682.jpeg 1024w\" sizes=\"auto, (max-width: 1202px) 100vw, 1202px\" \/><\/p>\n<p>Ja, ist o.k.!<\/p>\n<p><img loading=\"lazy\" decoding=\"async\" class=\"alignnone size-full wp-image-4798\" src=\"https:\/\/jessel.de\/365-tage-sylt\/wp-content\/uploads\/2018\/11\/37267C12-8E51-4730-B375-83A3932E786C.jpeg\" alt=\"\" width=\"1202\" height=\"800\" srcset=\"https:\/\/jessel.de\/365-tage-sylt\/wp-content\/uploads\/2018\/11\/37267C12-8E51-4730-B375-83A3932E786C.jpeg 1202w, https:\/\/jessel.de\/365-tage-sylt\/wp-content\/uploads\/2018\/11\/37267C12-8E51-4730-B375-83A3932E786C-300x200.jpeg 300w, https:\/\/jessel.de\/365-tage-sylt\/wp-content\/uploads\/2018\/11\/37267C12-8E51-4730-B375-83A3932E786C-768x511.jpeg 768w, https:\/\/jessel.de\/365-tage-sylt\/wp-content\/uploads\/2018\/11\/37267C12-8E51-4730-B375-83A3932E786C-1024x682.jpeg 1024w\" sizes=\"auto, (max-width: 1202px) 100vw, 1202px\" \/><\/p>\n<p>Am Strand. Die Schutzstation Wattenmeer ist bereits informiert. Ein junger Seehund:<\/p>\n<p><img loading=\"lazy\" decoding=\"async\" class=\"alignnone size-full wp-image-4795\" src=\"https:\/\/jessel.de\/365-tage-sylt\/wp-content\/uploads\/2018\/11\/DEDAF07C-135B-4AB4-A647-5FEE7D6256BF.jpeg\" alt=\"\" width=\"1200\" height=\"800\" srcset=\"https:\/\/jessel.de\/365-tage-sylt\/wp-content\/uploads\/2018\/11\/DEDAF07C-135B-4AB4-A647-5FEE7D6256BF.jpeg 1200w, https:\/\/jessel.de\/365-tage-sylt\/wp-content\/uploads\/2018\/11\/DEDAF07C-135B-4AB4-A647-5FEE7D6256BF-300x200.jpeg 300w, https:\/\/jessel.de\/365-tage-sylt\/wp-content\/uploads\/2018\/11\/DEDAF07C-135B-4AB4-A647-5FEE7D6256BF-768x512.jpeg 768w, https:\/\/jessel.de\/365-tage-sylt\/wp-content\/uploads\/2018\/11\/DEDAF07C-135B-4AB4-A647-5FEE7D6256BF-1024x683.jpeg 1024w\" sizes=\"auto, (max-width: 1200px) 100vw, 1200px\" \/><\/p>\n<p>Woher kommt der Wind? Aus S\u00fcdosten (siehe M\u00f6wen):<\/p>\n<p><img loading=\"lazy\" decoding=\"async\" class=\"alignnone size-full wp-image-4796\" src=\"https:\/\/jessel.de\/365-tage-sylt\/wp-content\/uploads\/2018\/11\/9204F991-FABE-4F17-A576-8EC16B3C5D6D.jpeg\" alt=\"\" width=\"1202\" height=\"800\" srcset=\"https:\/\/jessel.de\/365-tage-sylt\/wp-content\/uploads\/2018\/11\/9204F991-FABE-4F17-A576-8EC16B3C5D6D.jpeg 1202w, https:\/\/jessel.de\/365-tage-sylt\/wp-content\/uploads\/2018\/11\/9204F991-FABE-4F17-A576-8EC16B3C5D6D-300x200.jpeg 300w, https:\/\/jessel.de\/365-tage-sylt\/wp-content\/uploads\/2018\/11\/9204F991-FABE-4F17-A576-8EC16B3C5D6D-768x511.jpeg 768w, https:\/\/jessel.de\/365-tage-sylt\/wp-content\/uploads\/2018\/11\/9204F991-FABE-4F17-A576-8EC16B3C5D6D-1024x682.jpeg 1024w\" sizes=\"auto, (max-width: 1202px) 100vw, 1202px\" \/><\/p>\n<p>Die Tetrapoden sind immer wieder ein Foto wert. Das grenzt schon an Land-Art:<\/p>\n<p><img loading=\"lazy\" decoding=\"async\" class=\"alignnone size-full wp-image-4797\" src=\"https:\/\/jessel.de\/365-tage-sylt\/wp-content\/uploads\/2018\/11\/693C12D2-D0A7-4E28-964F-0687EC434E8E.jpeg\" alt=\"\" width=\"1202\" height=\"800\" srcset=\"https:\/\/jessel.de\/365-tage-sylt\/wp-content\/uploads\/2018\/11\/693C12D2-D0A7-4E28-964F-0687EC434E8E.jpeg 1202w, https:\/\/jessel.de\/365-tage-sylt\/wp-content\/uploads\/2018\/11\/693C12D2-D0A7-4E28-964F-0687EC434E8E-300x200.jpeg 300w, https:\/\/jessel.de\/365-tage-sylt\/wp-content\/uploads\/2018\/11\/693C12D2-D0A7-4E28-964F-0687EC434E8E-768x511.jpeg 768w, https:\/\/jessel.de\/365-tage-sylt\/wp-content\/uploads\/2018\/11\/693C12D2-D0A7-4E28-964F-0687EC434E8E-1024x682.jpeg 1024w\" sizes=\"auto, (max-width: 1202px) 100vw, 1202px\" \/><\/p>\n<p>Zum Abschluss noch eine Stippvisite bei Willi. Willi wartet auf fliegende Heringe, die im Kiosk gekauft werden (d\u00fcrfen), und dann ins Hafenbecken geworfen werden. Gro\u00dfes Spektakel, wenn es die versammelte M\u00f6wenschaft hinkriegt, einen fliegenden Hering vor der Ankunft in Willis Rachen aus der Luft wegzufischen&#8230;. :<\/p>\n<p><img loading=\"lazy\" decoding=\"async\" class=\"alignnone size-full wp-image-4800\" src=\"https:\/\/jessel.de\/365-tage-sylt\/wp-content\/uploads\/2018\/11\/E009EBA2-819F-46CC-9602-D20B8A0AED3C.jpeg\" alt=\"\" width=\"1200\" height=\"800\" srcset=\"https:\/\/jessel.de\/365-tage-sylt\/wp-content\/uploads\/2018\/11\/E009EBA2-819F-46CC-9602-D20B8A0AED3C.jpeg 1200w, https:\/\/jessel.de\/365-tage-sylt\/wp-content\/uploads\/2018\/11\/E009EBA2-819F-46CC-9602-D20B8A0AED3C-300x200.jpeg 300w, https:\/\/jessel.de\/365-tage-sylt\/wp-content\/uploads\/2018\/11\/E009EBA2-819F-46CC-9602-D20B8A0AED3C-768x512.jpeg 768w, https:\/\/jessel.de\/365-tage-sylt\/wp-content\/uploads\/2018\/11\/E009EBA2-819F-46CC-9602-D20B8A0AED3C-1024x683.jpeg 1024w\" sizes=\"auto, (max-width: 1200px) 100vw, 1200px\" \/><\/p>\n<p>Foto davon folgt irgendwann mal. Jetzt wartet bereits mein Bus&#8230;<\/p>\n<p>&nbsp;<\/p>\n","protected":false},"excerpt":{"rendered":"<p>Ja. Ich nutze die Gelegenheit f\u00fcr einen Bummel um die S\u00fcdspitze: Ja, ist o.k.! Am Strand. Die Schutzstation Wattenmeer ist bereits informiert. Ein junger Seehund: Woher kommt der Wind? Aus S\u00fcdosten (siehe M\u00f6wen): Die Tetrapoden sind immer wieder ein Foto wert. Das grenzt schon an Land-Art: Zum Abschluss noch eine Stippvisite bei Willi. Willi wartet auf fliegende Heringe, die im Kiosk gekauft werden (d\u00fcrfen), und dann ins Hafenbecken geworfen werden.&hellip;<\/p>\n","protected":false},"author":2,"featured_media":4794,"comment_status":"open","ping_status":"open","sticky":false,"template":"","format":"standard","meta":{"footnotes":""},"categories":[27,39,28,48,2,30,7],"tags":[],"class_list":["post-4791","post","type-post","status-publish","format-standard","has-post-thumbnail","hentry","category-alle-bilder","category-arbeit","category-haeuser","category-herbst","category-tourismus","category-tradition","category-westerland"],"jetpack_featured_media_url":"https:\/\/jessel.de\/365-tage-sylt\/wp-content\/uploads\/2018\/11\/76CD05BD-1424-4886-8209-5D9465661BA7.jpeg","_links":{"self":[{"href":"https:\/\/jessel.de\/365-tage-sylt\/wp-json\/wp\/v2\/posts\/4791","targetHints":{"allow":["GET"]}}],"collection":[{"href":"https:\/\/jessel.de\/365-tage-sylt\/wp-json\/wp\/v2\/posts"}],"about":[{"href":"https:\/\/jessel.de\/365-tage-sylt\/wp-json\/wp\/v2\/types\/post"}],"author":[{"embeddable":true,"href":"https:\/\/jessel.de\/365-tage-sylt\/wp-json\/wp\/v2\/users\/2"}],"replies":[{"embeddable":true,"href":"https:\/\/jessel.de\/365-tage-sylt\/wp-json\/wp\/v2\/comments?post=4791"}],"version-history":[{"count":5,"href":"https:\/\/jessel.de\/365-tage-sylt\/wp-json\/wp\/v2\/posts\/4791\/revisions"}],"predecessor-version":[{"id":4805,"href":"https:\/\/jessel.de\/365-tage-sylt\/wp-json\/wp\/v2\/posts\/4791\/revisions\/4805"}],"wp:featuredmedia":[{"embeddable":true,"href":"https:\/\/jessel.de\/365-tage-sylt\/wp-json\/wp\/v2\/media\/4794"}],"wp:attachment":[{"href":"https:\/\/jessel.de\/365-tage-sylt\/wp-json\/wp\/v2\/media?parent=4791"}],"wp:term":[{"taxonomy":"category","embeddable":true,"href":"https:\/\/jessel.de\/365-tage-sylt\/wp-json\/wp\/v2\/categories?post=4791"},{"taxonomy":"post_tag","embeddable":true,"href":"https:\/\/jessel.de\/365-tage-sylt\/wp-json\/wp\/v2\/tags?post=4791"}],"curies":[{"name":"wp","href":"https:\/\/api.w.org\/{rel}","templated":true}]}}