{"id":4806,"date":"2018-11-08T14:01:32","date_gmt":"2018-11-08T14:01:32","guid":{"rendered":"https:\/\/jessel.de\/365-tage-sylt\/?p=4806"},"modified":"2018-11-08T14:01:32","modified_gmt":"2018-11-08T14:01:32","slug":"8-november-endlich-ruhe","status":"publish","type":"post","link":"https:\/\/jessel.de\/365-tage-sylt\/8-november-endlich-ruhe\/","title":{"rendered":"8. November: Endlich Ruhe!"},"content":{"rendered":"<p>Am 4. November erlebt Westerland das gro\u00dfe Saisonfinale. 5-st\u00fcndiger Stau in der gesamten Innenstadt: Die gro\u00dfe Abreise.<\/p>\n<p>Und tsch\u00fc\u00df!<\/p>\n<p><img loading=\"lazy\" decoding=\"async\" class=\"alignnone size-full wp-image-4812\" src=\"https:\/\/jessel.de\/365-tage-sylt\/wp-content\/uploads\/2018\/11\/5C85394E-9CB5-410B-B9F3-1B3BD195F8A9.jpeg\" alt=\"\" width=\"1202\" height=\"800\" srcset=\"https:\/\/jessel.de\/365-tage-sylt\/wp-content\/uploads\/2018\/11\/5C85394E-9CB5-410B-B9F3-1B3BD195F8A9.jpeg 1202w, https:\/\/jessel.de\/365-tage-sylt\/wp-content\/uploads\/2018\/11\/5C85394E-9CB5-410B-B9F3-1B3BD195F8A9-300x200.jpeg 300w, https:\/\/jessel.de\/365-tage-sylt\/wp-content\/uploads\/2018\/11\/5C85394E-9CB5-410B-B9F3-1B3BD195F8A9-768x511.jpeg 768w, https:\/\/jessel.de\/365-tage-sylt\/wp-content\/uploads\/2018\/11\/5C85394E-9CB5-410B-B9F3-1B3BD195F8A9-1024x682.jpeg 1024w\" sizes=\"auto, (max-width: 1202px) 100vw, 1202px\" \/><\/p>\n<p>Ich atme \u00f6fter als gewohnt tief ein und aus. Das tut gut. Die erste Novemberwoche \u00fcberrascht mit sch\u00f6nen Stimmungen&#8230;:<\/p>\n<p><img loading=\"lazy\" decoding=\"async\" class=\"alignnone size-full wp-image-4810\" src=\"https:\/\/jessel.de\/365-tage-sylt\/wp-content\/uploads\/2018\/11\/8283AAE3-9ADB-4101-BAE2-422DD69C1374.jpeg\" alt=\"\" width=\"1204\" height=\"800\" srcset=\"https:\/\/jessel.de\/365-tage-sylt\/wp-content\/uploads\/2018\/11\/8283AAE3-9ADB-4101-BAE2-422DD69C1374.jpeg 1204w, https:\/\/jessel.de\/365-tage-sylt\/wp-content\/uploads\/2018\/11\/8283AAE3-9ADB-4101-BAE2-422DD69C1374-300x199.jpeg 300w, https:\/\/jessel.de\/365-tage-sylt\/wp-content\/uploads\/2018\/11\/8283AAE3-9ADB-4101-BAE2-422DD69C1374-768x510.jpeg 768w, https:\/\/jessel.de\/365-tage-sylt\/wp-content\/uploads\/2018\/11\/8283AAE3-9ADB-4101-BAE2-422DD69C1374-1024x680.jpeg 1024w\" sizes=\"auto, (max-width: 1204px) 100vw, 1204px\" \/><\/p>\n<p>&#8230; und herrlichem Licht:<\/p>\n<p><img loading=\"lazy\" decoding=\"async\" class=\"alignnone size-full wp-image-4807\" src=\"https:\/\/jessel.de\/365-tage-sylt\/wp-content\/uploads\/2018\/11\/98513760-4843-48CC-A2C1-19FCE1F0C123.jpeg\" alt=\"\" width=\"1204\" height=\"800\" srcset=\"https:\/\/jessel.de\/365-tage-sylt\/wp-content\/uploads\/2018\/11\/98513760-4843-48CC-A2C1-19FCE1F0C123.jpeg 1204w, https:\/\/jessel.de\/365-tage-sylt\/wp-content\/uploads\/2018\/11\/98513760-4843-48CC-A2C1-19FCE1F0C123-300x199.jpeg 300w, https:\/\/jessel.de\/365-tage-sylt\/wp-content\/uploads\/2018\/11\/98513760-4843-48CC-A2C1-19FCE1F0C123-768x510.jpeg 768w, https:\/\/jessel.de\/365-tage-sylt\/wp-content\/uploads\/2018\/11\/98513760-4843-48CC-A2C1-19FCE1F0C123-1024x680.jpeg 1024w\" sizes=\"auto, (max-width: 1204px) 100vw, 1204px\" \/><\/p>\n<p>Sonnenaufgang:<\/p>\n<p><img loading=\"lazy\" decoding=\"async\" class=\"alignnone size-full wp-image-4808\" src=\"https:\/\/jessel.de\/365-tage-sylt\/wp-content\/uploads\/2018\/11\/67E79749-8C2C-498E-8233-D3DBF05AEDF8.jpeg\" alt=\"\" width=\"1204\" height=\"800\" srcset=\"https:\/\/jessel.de\/365-tage-sylt\/wp-content\/uploads\/2018\/11\/67E79749-8C2C-498E-8233-D3DBF05AEDF8.jpeg 1204w, https:\/\/jessel.de\/365-tage-sylt\/wp-content\/uploads\/2018\/11\/67E79749-8C2C-498E-8233-D3DBF05AEDF8-300x199.jpeg 300w, https:\/\/jessel.de\/365-tage-sylt\/wp-content\/uploads\/2018\/11\/67E79749-8C2C-498E-8233-D3DBF05AEDF8-768x510.jpeg 768w, https:\/\/jessel.de\/365-tage-sylt\/wp-content\/uploads\/2018\/11\/67E79749-8C2C-498E-8233-D3DBF05AEDF8-1024x680.jpeg 1024w\" sizes=\"auto, (max-width: 1204px) 100vw, 1204px\" \/><\/p>\n<p>Sonnenuntergang:<\/p>\n<p><img loading=\"lazy\" decoding=\"async\" class=\"alignnone size-full wp-image-4811\" src=\"https:\/\/jessel.de\/365-tage-sylt\/wp-content\/uploads\/2018\/11\/F639C592-B514-4B00-A457-210229FB1290.jpeg\" alt=\"\" width=\"2318\" height=\"800\" srcset=\"https:\/\/jessel.de\/365-tage-sylt\/wp-content\/uploads\/2018\/11\/F639C592-B514-4B00-A457-210229FB1290.jpeg 2318w, https:\/\/jessel.de\/365-tage-sylt\/wp-content\/uploads\/2018\/11\/F639C592-B514-4B00-A457-210229FB1290-300x104.jpeg 300w, https:\/\/jessel.de\/365-tage-sylt\/wp-content\/uploads\/2018\/11\/F639C592-B514-4B00-A457-210229FB1290-768x265.jpeg 768w, https:\/\/jessel.de\/365-tage-sylt\/wp-content\/uploads\/2018\/11\/F639C592-B514-4B00-A457-210229FB1290-1024x353.jpeg 1024w\" sizes=\"auto, (max-width: 2318px) 100vw, 2318px\" \/><\/p>\n<p>So kann\u02cbs gerne(!) weiter geh\u02cbn &#8230;<\/p>\n<p>&nbsp;<\/p>\n","protected":false},"excerpt":{"rendered":"<p>Am 4. November erlebt Westerland das gro\u00dfe Saisonfinale. 5-st\u00fcndiger Stau in der gesamten Innenstadt: Die gro\u00dfe Abreise. Und tsch\u00fc\u00df! Ich atme \u00f6fter als gewohnt tief ein und aus. Das tut gut. Die erste Novemberwoche \u00fcberrascht mit sch\u00f6nen Stimmungen&#8230;: &#8230; und herrlichem Licht: Sonnenaufgang: Sonnenuntergang: So kann\u02cbs gerne(!) weiter geh\u02cbn &#8230; &nbsp;<\/p>\n","protected":false},"author":2,"featured_media":4809,"comment_status":"open","ping_status":"open","sticky":false,"template":"","format":"standard","meta":{"footnotes":""},"categories":[27,24,48,1,44,35,4,26,42],"tags":[],"class_list":["post-4806","post","type-post","status-publish","format-standard","has-post-thumbnail","hentry","category-alle-bilder","category-duenen","category-herbst","category-uncategorized","category-pflanzen","category-schlechtes-wetter","category-spuren","category-strand","category-watt"],"jetpack_featured_media_url":"https:\/\/jessel.de\/365-tage-sylt\/wp-content\/uploads\/2018\/11\/041224BD-104D-49FE-B14F-FE37603FE048.jpeg","_links":{"self":[{"href":"https:\/\/jessel.de\/365-tage-sylt\/wp-json\/wp\/v2\/posts\/4806","targetHints":{"allow":["GET"]}}],"collection":[{"href":"https:\/\/jessel.de\/365-tage-sylt\/wp-json\/wp\/v2\/posts"}],"about":[{"href":"https:\/\/jessel.de\/365-tage-sylt\/wp-json\/wp\/v2\/types\/post"}],"author":[{"embeddable":true,"href":"https:\/\/jessel.de\/365-tage-sylt\/wp-json\/wp\/v2\/users\/2"}],"replies":[{"embeddable":true,"href":"https:\/\/jessel.de\/365-tage-sylt\/wp-json\/wp\/v2\/comments?post=4806"}],"version-history":[{"count":1,"href":"https:\/\/jessel.de\/365-tage-sylt\/wp-json\/wp\/v2\/posts\/4806\/revisions"}],"predecessor-version":[{"id":4813,"href":"https:\/\/jessel.de\/365-tage-sylt\/wp-json\/wp\/v2\/posts\/4806\/revisions\/4813"}],"wp:featuredmedia":[{"embeddable":true,"href":"https:\/\/jessel.de\/365-tage-sylt\/wp-json\/wp\/v2\/media\/4809"}],"wp:attachment":[{"href":"https:\/\/jessel.de\/365-tage-sylt\/wp-json\/wp\/v2\/media?parent=4806"}],"wp:term":[{"taxonomy":"category","embeddable":true,"href":"https:\/\/jessel.de\/365-tage-sylt\/wp-json\/wp\/v2\/categories?post=4806"},{"taxonomy":"post_tag","embeddable":true,"href":"https:\/\/jessel.de\/365-tage-sylt\/wp-json\/wp\/v2\/tags?post=4806"}],"curies":[{"name":"wp","href":"https:\/\/api.w.org\/{rel}","templated":true}]}}