{"id":4815,"date":"2018-11-15T19:04:37","date_gmt":"2018-11-15T19:04:37","guid":{"rendered":"https:\/\/jessel.de\/365-tage-sylt\/?p=4815"},"modified":"2018-11-15T19:04:37","modified_gmt":"2018-11-15T19:04:37","slug":"15-november-ein-traumhafter-abend","status":"publish","type":"post","link":"https:\/\/jessel.de\/365-tage-sylt\/15-november-ein-traumhafter-abend\/","title":{"rendered":"15. November: Ein traumhafter Abend"},"content":{"rendered":"<p>Es ist diesig.  Das mag ich nicht. Aber zum sp\u00e4ten Nachmittag radel\u02cb ich mal nach Kampen, um nach dem Rechten zu sehen&#8230; \u261d\ufe0f.<\/p>\n<p>Gar nicht novembrig empf\u00e4ngt mich der Kampener Leuchtturm &#8211; in sch\u00f6nstem Abendlicht:<\/p>\n<p><img loading=\"lazy\" decoding=\"async\" class=\"alignnone size-full wp-image-4816\" src=\"https:\/\/jessel.de\/365-tage-sylt\/wp-content\/uploads\/2018\/11\/438BFA86-6752-4D0D-ACBA-D60597BE8D57.jpeg\" alt=\"\" width=\"1204\" height=\"800\" srcset=\"https:\/\/jessel.de\/365-tage-sylt\/wp-content\/uploads\/2018\/11\/438BFA86-6752-4D0D-ACBA-D60597BE8D57.jpeg 1204w, https:\/\/jessel.de\/365-tage-sylt\/wp-content\/uploads\/2018\/11\/438BFA86-6752-4D0D-ACBA-D60597BE8D57-300x199.jpeg 300w, https:\/\/jessel.de\/365-tage-sylt\/wp-content\/uploads\/2018\/11\/438BFA86-6752-4D0D-ACBA-D60597BE8D57-768x510.jpeg 768w, https:\/\/jessel.de\/365-tage-sylt\/wp-content\/uploads\/2018\/11\/438BFA86-6752-4D0D-ACBA-D60597BE8D57-1024x680.jpeg 1024w\" sizes=\"auto, (max-width: 1204px) 100vw, 1204px\" \/><\/p>\n<p>Schnell an die Westk\u00fcste. Dort entwickelt sich ein spektakul\u00e4rer Himmel:<\/p>\n<p><img loading=\"lazy\" decoding=\"async\" class=\"alignnone size-full wp-image-4818\" src=\"https:\/\/jessel.de\/365-tage-sylt\/wp-content\/uploads\/2018\/11\/1AD7D860-E662-4857-91C8-AE2C970A5B8D.jpeg\" alt=\"\" width=\"1204\" height=\"800\" srcset=\"https:\/\/jessel.de\/365-tage-sylt\/wp-content\/uploads\/2018\/11\/1AD7D860-E662-4857-91C8-AE2C970A5B8D.jpeg 1204w, https:\/\/jessel.de\/365-tage-sylt\/wp-content\/uploads\/2018\/11\/1AD7D860-E662-4857-91C8-AE2C970A5B8D-300x199.jpeg 300w, https:\/\/jessel.de\/365-tage-sylt\/wp-content\/uploads\/2018\/11\/1AD7D860-E662-4857-91C8-AE2C970A5B8D-768x510.jpeg 768w, https:\/\/jessel.de\/365-tage-sylt\/wp-content\/uploads\/2018\/11\/1AD7D860-E662-4857-91C8-AE2C970A5B8D-1024x680.jpeg 1024w\" sizes=\"auto, (max-width: 1204px) 100vw, 1204px\" \/><\/p>\n<p>Ein wunderbar weiches Licht in der D\u00e4mmerung:<\/p>\n<p><img loading=\"lazy\" decoding=\"async\" class=\"alignnone size-full wp-image-4819\" src=\"https:\/\/jessel.de\/365-tage-sylt\/wp-content\/uploads\/2018\/11\/08BF11D5-F6E5-498B-A33D-61418CA4383B.jpeg\" alt=\"\" width=\"1204\" height=\"800\" srcset=\"https:\/\/jessel.de\/365-tage-sylt\/wp-content\/uploads\/2018\/11\/08BF11D5-F6E5-498B-A33D-61418CA4383B.jpeg 1204w, https:\/\/jessel.de\/365-tage-sylt\/wp-content\/uploads\/2018\/11\/08BF11D5-F6E5-498B-A33D-61418CA4383B-300x199.jpeg 300w, https:\/\/jessel.de\/365-tage-sylt\/wp-content\/uploads\/2018\/11\/08BF11D5-F6E5-498B-A33D-61418CA4383B-768x510.jpeg 768w, https:\/\/jessel.de\/365-tage-sylt\/wp-content\/uploads\/2018\/11\/08BF11D5-F6E5-498B-A33D-61418CA4383B-1024x680.jpeg 1024w\" sizes=\"auto, (max-width: 1204px) 100vw, 1204px\" \/><\/p>\n<p>Ende eines Abends &#8211; vor Wenningstedt:<\/p>\n<p><img loading=\"lazy\" decoding=\"async\" class=\"alignnone size-full wp-image-4820\" src=\"https:\/\/jessel.de\/365-tage-sylt\/wp-content\/uploads\/2018\/11\/982252C9-E015-406D-8A07-D04E573B2F7F.jpeg\" alt=\"\" width=\"1204\" height=\"800\" srcset=\"https:\/\/jessel.de\/365-tage-sylt\/wp-content\/uploads\/2018\/11\/982252C9-E015-406D-8A07-D04E573B2F7F.jpeg 1204w, https:\/\/jessel.de\/365-tage-sylt\/wp-content\/uploads\/2018\/11\/982252C9-E015-406D-8A07-D04E573B2F7F-300x199.jpeg 300w, https:\/\/jessel.de\/365-tage-sylt\/wp-content\/uploads\/2018\/11\/982252C9-E015-406D-8A07-D04E573B2F7F-768x510.jpeg 768w, https:\/\/jessel.de\/365-tage-sylt\/wp-content\/uploads\/2018\/11\/982252C9-E015-406D-8A07-D04E573B2F7F-1024x680.jpeg 1024w\" sizes=\"auto, (max-width: 1204px) 100vw, 1204px\" \/><\/p>\n<p>Zu Hause mach\u02cb ich einen Wein auf. <\/p>\n","protected":false},"excerpt":{"rendered":"<p>Es ist diesig. Das mag ich nicht. Aber zum sp\u00e4ten Nachmittag radel\u02cb ich mal nach Kampen, um nach dem Rechten zu sehen&#8230; \u261d\ufe0f. Gar nicht novembrig empf\u00e4ngt mich der Kampener Leuchtturm &#8211; in sch\u00f6nstem Abendlicht: Schnell an die Westk\u00fcste. Dort entwickelt sich ein spektakul\u00e4rer Himmel: Ein wunderbar weiches Licht in der D\u00e4mmerung: Ende eines Abends &#8211; vor Wenningstedt: Zu Hause mach\u02cb ich einen Wein auf.<\/p>\n","protected":false},"author":2,"featured_media":4817,"comment_status":"open","ping_status":"open","sticky":false,"template":"","format":"standard","meta":{"footnotes":""},"categories":[27,48,25,3,44,4,26],"tags":[],"class_list":["post-4815","post","type-post","status-publish","format-standard","has-post-thumbnail","hentry","category-alle-bilder","category-herbst","category-kampen","category-menschen","category-pflanzen","category-spuren","category-strand"],"jetpack_featured_media_url":"https:\/\/jessel.de\/365-tage-sylt\/wp-content\/uploads\/2018\/11\/9E5EA363-19A9-48E5-8A3F-820944120200.jpeg","_links":{"self":[{"href":"https:\/\/jessel.de\/365-tage-sylt\/wp-json\/wp\/v2\/posts\/4815","targetHints":{"allow":["GET"]}}],"collection":[{"href":"https:\/\/jessel.de\/365-tage-sylt\/wp-json\/wp\/v2\/posts"}],"about":[{"href":"https:\/\/jessel.de\/365-tage-sylt\/wp-json\/wp\/v2\/types\/post"}],"author":[{"embeddable":true,"href":"https:\/\/jessel.de\/365-tage-sylt\/wp-json\/wp\/v2\/users\/2"}],"replies":[{"embeddable":true,"href":"https:\/\/jessel.de\/365-tage-sylt\/wp-json\/wp\/v2\/comments?post=4815"}],"version-history":[{"count":2,"href":"https:\/\/jessel.de\/365-tage-sylt\/wp-json\/wp\/v2\/posts\/4815\/revisions"}],"predecessor-version":[{"id":4822,"href":"https:\/\/jessel.de\/365-tage-sylt\/wp-json\/wp\/v2\/posts\/4815\/revisions\/4822"}],"wp:featuredmedia":[{"embeddable":true,"href":"https:\/\/jessel.de\/365-tage-sylt\/wp-json\/wp\/v2\/media\/4817"}],"wp:attachment":[{"href":"https:\/\/jessel.de\/365-tage-sylt\/wp-json\/wp\/v2\/media?parent=4815"}],"wp:term":[{"taxonomy":"category","embeddable":true,"href":"https:\/\/jessel.de\/365-tage-sylt\/wp-json\/wp\/v2\/categories?post=4815"},{"taxonomy":"post_tag","embeddable":true,"href":"https:\/\/jessel.de\/365-tage-sylt\/wp-json\/wp\/v2\/tags?post=4815"}],"curies":[{"name":"wp","href":"https:\/\/api.w.org\/{rel}","templated":true}]}}