{"id":4823,"date":"2018-11-17T06:05:10","date_gmt":"2018-11-17T06:05:10","guid":{"rendered":"https:\/\/jessel.de\/365-tage-sylt\/?p=4823"},"modified":"2018-11-17T06:12:05","modified_gmt":"2018-11-17T06:12:05","slug":"16-november-a-day-off","status":"publish","type":"post","link":"https:\/\/jessel.de\/365-tage-sylt\/16-november-a-day-off\/","title":{"rendered":"16. November: A day off"},"content":{"rendered":"<p>Was liegt bei DEM November-Zauberwetter n\u00e4her, als eine Radtour von Nieb\u00fcll nach Flensburg zu unternehmen!? Mir f\u00e4llt nichts ein, deshalb nehme ich meinen Lieblings-Zug, den \u201eSyltshuttle Plus\u201c, um 10:38 Uhr:<\/p>\n<p><img loading=\"lazy\" decoding=\"async\" class=\"alignnone size-full wp-image-4824\" src=\"https:\/\/jessel.de\/365-tage-sylt\/wp-content\/uploads\/2018\/11\/8C7BD24F-5018-4BF4-92BE-155B39DC003F.jpeg\" alt=\"\" width=\"1659\" height=\"933\" srcset=\"https:\/\/jessel.de\/365-tage-sylt\/wp-content\/uploads\/2018\/11\/8C7BD24F-5018-4BF4-92BE-155B39DC003F.jpeg 1659w, https:\/\/jessel.de\/365-tage-sylt\/wp-content\/uploads\/2018\/11\/8C7BD24F-5018-4BF4-92BE-155B39DC003F-300x169.jpeg 300w, https:\/\/jessel.de\/365-tage-sylt\/wp-content\/uploads\/2018\/11\/8C7BD24F-5018-4BF4-92BE-155B39DC003F-768x432.jpeg 768w, https:\/\/jessel.de\/365-tage-sylt\/wp-content\/uploads\/2018\/11\/8C7BD24F-5018-4BF4-92BE-155B39DC003F-1024x576.jpeg 1024w\" sizes=\"auto, (max-width: 1659px) 100vw, 1659px\" \/>Wie immer bin ich der einzige Mitreisende<\/p>\n<p>In Nieb\u00fcll angekommen, radel\u02cb ich direkt neben den Gleisen bis Risum-Lindholm, dann folgt die erste Pampa-Strecke durch die Marsch bis Stedesand. Strammer Gegenwind, aber wen interessiert das, wenn ich auf meinem eBike sitze:<\/p>\n<p><img loading=\"lazy\" decoding=\"async\" class=\"alignnone size-full wp-image-4825\" src=\"https:\/\/jessel.de\/365-tage-sylt\/wp-content\/uploads\/2018\/11\/239D30F3-A516-4742-85B8-AE1D766FAEEE.jpeg\" alt=\"\" width=\"1659\" height=\"1068\" srcset=\"https:\/\/jessel.de\/365-tage-sylt\/wp-content\/uploads\/2018\/11\/239D30F3-A516-4742-85B8-AE1D766FAEEE.jpeg 1659w, https:\/\/jessel.de\/365-tage-sylt\/wp-content\/uploads\/2018\/11\/239D30F3-A516-4742-85B8-AE1D766FAEEE-300x193.jpeg 300w, https:\/\/jessel.de\/365-tage-sylt\/wp-content\/uploads\/2018\/11\/239D30F3-A516-4742-85B8-AE1D766FAEEE-768x494.jpeg 768w, https:\/\/jessel.de\/365-tage-sylt\/wp-content\/uploads\/2018\/11\/239D30F3-A516-4742-85B8-AE1D766FAEEE-1024x659.jpeg 1024w\" sizes=\"auto, (max-width: 1659px) 100vw, 1659px\" \/><\/p>\n<p>Ich lasse mich f\u00fchren von meinem Navi \u201eKomoot\u201c. In der Einstellung \u201eMountainbike\u201c f\u00fchrt es mich im Weiteren so weit wie irgend m\u00f6glich vom Autoverkehr entfernt durch das \u201eAlte Schleswig-Holstein:<\/p>\n<p><img loading=\"lazy\" decoding=\"async\" class=\"alignnone size-full wp-image-4833\" src=\"https:\/\/jessel.de\/365-tage-sylt\/wp-content\/uploads\/2018\/11\/E590567E-27EA-4522-AEDF-6042CEC36A16.jpeg\" alt=\"\" width=\"1659\" height=\"1245\" srcset=\"https:\/\/jessel.de\/365-tage-sylt\/wp-content\/uploads\/2018\/11\/E590567E-27EA-4522-AEDF-6042CEC36A16.jpeg 1659w, https:\/\/jessel.de\/365-tage-sylt\/wp-content\/uploads\/2018\/11\/E590567E-27EA-4522-AEDF-6042CEC36A16-300x225.jpeg 300w, https:\/\/jessel.de\/365-tage-sylt\/wp-content\/uploads\/2018\/11\/E590567E-27EA-4522-AEDF-6042CEC36A16-768x576.jpeg 768w, https:\/\/jessel.de\/365-tage-sylt\/wp-content\/uploads\/2018\/11\/E590567E-27EA-4522-AEDF-6042CEC36A16-1024x768.jpeg 1024w\" sizes=\"auto, (max-width: 1659px) 100vw, 1659px\" \/><\/p>\n<p>Aber erstmal &#8211; schlie\u00dflich ist es mittlerweile Mittagszeit geworden &#8211; gibt\u2019s Bratwurst und Pommes to go im \u201eFrieseneck\u201c in Sande. Bin ja nur froh, dass ich nicht gerade meinen macrobiotischen Tag habe:<\/p>\n<p><img loading=\"lazy\" decoding=\"async\" class=\"alignnone size-full wp-image-4826\" src=\"https:\/\/jessel.de\/365-tage-sylt\/wp-content\/uploads\/2018\/11\/7D17FDC6-39BE-4C49-A022-31DE18BCDC05.jpeg\" alt=\"\" width=\"1659\" height=\"1245\" srcset=\"https:\/\/jessel.de\/365-tage-sylt\/wp-content\/uploads\/2018\/11\/7D17FDC6-39BE-4C49-A022-31DE18BCDC05.jpeg 1659w, https:\/\/jessel.de\/365-tage-sylt\/wp-content\/uploads\/2018\/11\/7D17FDC6-39BE-4C49-A022-31DE18BCDC05-300x225.jpeg 300w, https:\/\/jessel.de\/365-tage-sylt\/wp-content\/uploads\/2018\/11\/7D17FDC6-39BE-4C49-A022-31DE18BCDC05-768x576.jpeg 768w, https:\/\/jessel.de\/365-tage-sylt\/wp-content\/uploads\/2018\/11\/7D17FDC6-39BE-4C49-A022-31DE18BCDC05-1024x768.jpeg 1024w\" sizes=\"auto, (max-width: 1659px) 100vw, 1659px\" \/><\/p>\n<p>Ein Festmahl, in w\u00e4rmender Novembersonne auf einem Stapel alter Grabplatten genossen.<\/p>\n<p>\u00dcber Klintum f\u00fchrt mich mein Navi quer durchs gleichnamige Geh\u00f6lz Richtung Stadum&#8230;:<\/p>\n<p><img loading=\"lazy\" decoding=\"async\" class=\"alignnone size-full wp-image-4827\" src=\"https:\/\/jessel.de\/365-tage-sylt\/wp-content\/uploads\/2018\/11\/5CED23A8-3645-40C1-98D1-73861DB5E452.jpeg\" alt=\"\" width=\"1659\" height=\"1245\" srcset=\"https:\/\/jessel.de\/365-tage-sylt\/wp-content\/uploads\/2018\/11\/5CED23A8-3645-40C1-98D1-73861DB5E452.jpeg 1659w, https:\/\/jessel.de\/365-tage-sylt\/wp-content\/uploads\/2018\/11\/5CED23A8-3645-40C1-98D1-73861DB5E452-300x225.jpeg 300w, https:\/\/jessel.de\/365-tage-sylt\/wp-content\/uploads\/2018\/11\/5CED23A8-3645-40C1-98D1-73861DB5E452-768x576.jpeg 768w, https:\/\/jessel.de\/365-tage-sylt\/wp-content\/uploads\/2018\/11\/5CED23A8-3645-40C1-98D1-73861DB5E452-1024x768.jpeg 1024w\" sizes=\"auto, (max-width: 1659px) 100vw, 1659px\" \/><\/p>\n<p>&#8230; u.a. \u00fcber diesen wohl besterhaltenen Teil des Ochsenweges in ganz Schleswig-Holstein:<\/p>\n<p><img loading=\"lazy\" decoding=\"async\" class=\"alignnone size-full wp-image-4829\" src=\"https:\/\/jessel.de\/365-tage-sylt\/wp-content\/uploads\/2018\/11\/654BE022-36CC-4C18-A20E-99D683A863E5.jpeg\" alt=\"\" width=\"1660\" height=\"844\" srcset=\"https:\/\/jessel.de\/365-tage-sylt\/wp-content\/uploads\/2018\/11\/654BE022-36CC-4C18-A20E-99D683A863E5.jpeg 1660w, https:\/\/jessel.de\/365-tage-sylt\/wp-content\/uploads\/2018\/11\/654BE022-36CC-4C18-A20E-99D683A863E5-300x153.jpeg 300w, https:\/\/jessel.de\/365-tage-sylt\/wp-content\/uploads\/2018\/11\/654BE022-36CC-4C18-A20E-99D683A863E5-768x390.jpeg 768w, https:\/\/jessel.de\/365-tage-sylt\/wp-content\/uploads\/2018\/11\/654BE022-36CC-4C18-A20E-99D683A863E5-1024x521.jpeg 1024w\" sizes=\"auto, (max-width: 1660px) 100vw, 1660px\" \/><\/p>\n<p>Einige Infos dazu gef\u00e4llig? Bitt\u00f6sch\u00f6n:<\/p>\n<p><img loading=\"lazy\" decoding=\"async\" class=\"alignnone size-full wp-image-4830\" src=\"https:\/\/jessel.de\/365-tage-sylt\/wp-content\/uploads\/2018\/11\/8D342423-8622-4681-B9ED-B514C1C586D1.jpeg\" alt=\"\" width=\"1659\" height=\"1245\" srcset=\"https:\/\/jessel.de\/365-tage-sylt\/wp-content\/uploads\/2018\/11\/8D342423-8622-4681-B9ED-B514C1C586D1.jpeg 1659w, https:\/\/jessel.de\/365-tage-sylt\/wp-content\/uploads\/2018\/11\/8D342423-8622-4681-B9ED-B514C1C586D1-300x225.jpeg 300w, https:\/\/jessel.de\/365-tage-sylt\/wp-content\/uploads\/2018\/11\/8D342423-8622-4681-B9ED-B514C1C586D1-768x576.jpeg 768w, https:\/\/jessel.de\/365-tage-sylt\/wp-content\/uploads\/2018\/11\/8D342423-8622-4681-B9ED-B514C1C586D1-1024x768.jpeg 1024w\" sizes=\"auto, (max-width: 1659px) 100vw, 1659px\" \/><\/p>\n<p>Hinter Stadum geht es \u00fcber Holzacker&#8230;:<\/p>\n<p><img loading=\"lazy\" decoding=\"async\" class=\"alignnone size-full wp-image-4831\" src=\"https:\/\/jessel.de\/365-tage-sylt\/wp-content\/uploads\/2018\/11\/63B9C0ED-85BA-4CAA-A1BC-19D2C3CED0CB.jpeg\" alt=\"\" width=\"1660\" height=\"998\" srcset=\"https:\/\/jessel.de\/365-tage-sylt\/wp-content\/uploads\/2018\/11\/63B9C0ED-85BA-4CAA-A1BC-19D2C3CED0CB.jpeg 1660w, https:\/\/jessel.de\/365-tage-sylt\/wp-content\/uploads\/2018\/11\/63B9C0ED-85BA-4CAA-A1BC-19D2C3CED0CB-300x180.jpeg 300w, https:\/\/jessel.de\/365-tage-sylt\/wp-content\/uploads\/2018\/11\/63B9C0ED-85BA-4CAA-A1BC-19D2C3CED0CB-768x462.jpeg 768w, https:\/\/jessel.de\/365-tage-sylt\/wp-content\/uploads\/2018\/11\/63B9C0ED-85BA-4CAA-A1BC-19D2C3CED0CB-1024x616.jpeg 1024w\" sizes=\"auto, (max-width: 1660px) 100vw, 1660px\" \/><\/p>\n<p>&#8230; fernab jeglichen Verkehrs&#8230;:<\/p>\n<p><img loading=\"lazy\" decoding=\"async\" class=\"alignnone size-full wp-image-4834\" src=\"https:\/\/jessel.de\/365-tage-sylt\/wp-content\/uploads\/2018\/11\/464F4A72-7DE5-4DE7-834A-7691B5261917.jpeg\" alt=\"\" width=\"1659\" height=\"1245\" srcset=\"https:\/\/jessel.de\/365-tage-sylt\/wp-content\/uploads\/2018\/11\/464F4A72-7DE5-4DE7-834A-7691B5261917.jpeg 1659w, https:\/\/jessel.de\/365-tage-sylt\/wp-content\/uploads\/2018\/11\/464F4A72-7DE5-4DE7-834A-7691B5261917-300x225.jpeg 300w, https:\/\/jessel.de\/365-tage-sylt\/wp-content\/uploads\/2018\/11\/464F4A72-7DE5-4DE7-834A-7691B5261917-768x576.jpeg 768w, https:\/\/jessel.de\/365-tage-sylt\/wp-content\/uploads\/2018\/11\/464F4A72-7DE5-4DE7-834A-7691B5261917-1024x768.jpeg 1024w\" sizes=\"auto, (max-width: 1659px) 100vw, 1659px\" \/><\/p>\n<p>&#8230; \u00fcber Lindewitt, Gro\u00dfenwiehe, H\u00fcllerup und Weding&#8230;<\/p>\n<p><img loading=\"lazy\" decoding=\"async\" class=\"alignnone size-full wp-image-4832\" src=\"https:\/\/jessel.de\/365-tage-sylt\/wp-content\/uploads\/2018\/11\/8B4E7F2B-9BA9-45F8-BA56-2313F9AAEAF3.jpeg\" alt=\"\" width=\"1659\" height=\"951\" srcset=\"https:\/\/jessel.de\/365-tage-sylt\/wp-content\/uploads\/2018\/11\/8B4E7F2B-9BA9-45F8-BA56-2313F9AAEAF3.jpeg 1659w, https:\/\/jessel.de\/365-tage-sylt\/wp-content\/uploads\/2018\/11\/8B4E7F2B-9BA9-45F8-BA56-2313F9AAEAF3-300x172.jpeg 300w, https:\/\/jessel.de\/365-tage-sylt\/wp-content\/uploads\/2018\/11\/8B4E7F2B-9BA9-45F8-BA56-2313F9AAEAF3-768x440.jpeg 768w, https:\/\/jessel.de\/365-tage-sylt\/wp-content\/uploads\/2018\/11\/8B4E7F2B-9BA9-45F8-BA56-2313F9AAEAF3-1024x587.jpeg 1024w\" sizes=\"auto, (max-width: 1659px) 100vw, 1659px\" \/><\/p>\n<p>&#8230; und netter, stets interessierter Landbev\u00f6lkerung..:<\/p>\n<p><img loading=\"lazy\" decoding=\"async\" class=\"alignnone size-full wp-image-4835\" src=\"https:\/\/jessel.de\/365-tage-sylt\/wp-content\/uploads\/2018\/11\/4B9D3914-02C7-4247-BB48-E6E8CE063963.jpeg\" alt=\"\" width=\"1659\" height=\"1245\" srcset=\"https:\/\/jessel.de\/365-tage-sylt\/wp-content\/uploads\/2018\/11\/4B9D3914-02C7-4247-BB48-E6E8CE063963.jpeg 1659w, https:\/\/jessel.de\/365-tage-sylt\/wp-content\/uploads\/2018\/11\/4B9D3914-02C7-4247-BB48-E6E8CE063963-300x225.jpeg 300w, https:\/\/jessel.de\/365-tage-sylt\/wp-content\/uploads\/2018\/11\/4B9D3914-02C7-4247-BB48-E6E8CE063963-768x576.jpeg 768w, https:\/\/jessel.de\/365-tage-sylt\/wp-content\/uploads\/2018\/11\/4B9D3914-02C7-4247-BB48-E6E8CE063963-1024x768.jpeg 1024w\" sizes=\"auto, (max-width: 1659px) 100vw, 1659px\" \/><\/p>\n<p>&#8230; nach Flensburg, wo ich &#8211; nach 63 Kilometern wunderbarster Radtour &#8211; in der Adelbyer Stra\u00dfe bereits mit warmen Waffeln empfangen werde:<\/p>\n<p><img loading=\"lazy\" decoding=\"async\" class=\"alignnone size-full wp-image-4836\" src=\"https:\/\/jessel.de\/365-tage-sylt\/wp-content\/uploads\/2018\/11\/3DF2B36E-CD7D-4448-87AD-55B1A44946DE.jpeg\" alt=\"\" width=\"1659\" height=\"1245\" srcset=\"https:\/\/jessel.de\/365-tage-sylt\/wp-content\/uploads\/2018\/11\/3DF2B36E-CD7D-4448-87AD-55B1A44946DE.jpeg 1659w, https:\/\/jessel.de\/365-tage-sylt\/wp-content\/uploads\/2018\/11\/3DF2B36E-CD7D-4448-87AD-55B1A44946DE-300x225.jpeg 300w, https:\/\/jessel.de\/365-tage-sylt\/wp-content\/uploads\/2018\/11\/3DF2B36E-CD7D-4448-87AD-55B1A44946DE-768x576.jpeg 768w, https:\/\/jessel.de\/365-tage-sylt\/wp-content\/uploads\/2018\/11\/3DF2B36E-CD7D-4448-87AD-55B1A44946DE-1024x768.jpeg 1024w\" sizes=\"auto, (max-width: 1659px) 100vw, 1659px\" \/><\/p>\n<p>Es folgt ein Gro\u00dfeinkauf bei Citti, dann gemeinsames Kochen eines Indischen Muschel-Linsen-Currys:<\/p>\n<p><img loading=\"lazy\" decoding=\"async\" class=\"alignnone size-full wp-image-4837\" src=\"https:\/\/jessel.de\/365-tage-sylt\/wp-content\/uploads\/2018\/11\/0EB4D56B-A94A-4220-85F3-ECADB995F48A.jpeg\" alt=\"\" width=\"1659\" height=\"933\" srcset=\"https:\/\/jessel.de\/365-tage-sylt\/wp-content\/uploads\/2018\/11\/0EB4D56B-A94A-4220-85F3-ECADB995F48A.jpeg 1659w, https:\/\/jessel.de\/365-tage-sylt\/wp-content\/uploads\/2018\/11\/0EB4D56B-A94A-4220-85F3-ECADB995F48A-300x169.jpeg 300w, https:\/\/jessel.de\/365-tage-sylt\/wp-content\/uploads\/2018\/11\/0EB4D56B-A94A-4220-85F3-ECADB995F48A-768x432.jpeg 768w, https:\/\/jessel.de\/365-tage-sylt\/wp-content\/uploads\/2018\/11\/0EB4D56B-A94A-4220-85F3-ECADB995F48A-1024x576.jpeg 1024w\" sizes=\"auto, (max-width: 1659px) 100vw, 1659px\" \/><\/p>\n<p>WAS(!) f\u00fcr ein herrlicher Tag, der &#8211; nach einigen Blanc de Noirs &#8211; m 24 Uhr leider schon beendet ist.<\/p>\n<p>&nbsp;<\/p>\n","protected":false},"excerpt":{"rendered":"<p>Was liegt bei DEM November-Zauberwetter n\u00e4her, als eine Radtour von Nieb\u00fcll nach Flensburg zu unternehmen!? Mir f\u00e4llt nichts ein, deshalb nehme ich meinen Lieblings-Zug, den \u201eSyltshuttle Plus\u201c, um 10:38 Uhr: Wie immer bin ich der einzige Mitreisende In Nieb\u00fcll angekommen, radel\u02cb ich direkt neben den Gleisen bis Risum-Lindholm, dann folgt die erste Pampa-Strecke durch die Marsch bis Stedesand. Strammer Gegenwind, aber wen interessiert das, wenn ich auf meinem eBike sitze:&hellip;<\/p>\n","protected":false},"author":2,"featured_media":4828,"comment_status":"open","ping_status":"open","sticky":false,"template":"","format":"standard","meta":{"footnotes":""},"categories":[27,39,48,44,4,2,30,29,33],"tags":[],"class_list":["post-4823","post","type-post","status-publish","format-standard","has-post-thumbnail","hentry","category-alle-bilder","category-arbeit","category-herbst","category-pflanzen","category-spuren","category-tourismus","category-tradition","category-verkehr","category-woanders"],"jetpack_featured_media_url":"https:\/\/jessel.de\/365-tage-sylt\/wp-content\/uploads\/2018\/11\/BDE9E914-2F49-41F9-8C9C-FD3C498D78AF.jpeg","_links":{"self":[{"href":"https:\/\/jessel.de\/365-tage-sylt\/wp-json\/wp\/v2\/posts\/4823","targetHints":{"allow":["GET"]}}],"collection":[{"href":"https:\/\/jessel.de\/365-tage-sylt\/wp-json\/wp\/v2\/posts"}],"about":[{"href":"https:\/\/jessel.de\/365-tage-sylt\/wp-json\/wp\/v2\/types\/post"}],"author":[{"embeddable":true,"href":"https:\/\/jessel.de\/365-tage-sylt\/wp-json\/wp\/v2\/users\/2"}],"replies":[{"embeddable":true,"href":"https:\/\/jessel.de\/365-tage-sylt\/wp-json\/wp\/v2\/comments?post=4823"}],"version-history":[{"count":4,"href":"https:\/\/jessel.de\/365-tage-sylt\/wp-json\/wp\/v2\/posts\/4823\/revisions"}],"predecessor-version":[{"id":4841,"href":"https:\/\/jessel.de\/365-tage-sylt\/wp-json\/wp\/v2\/posts\/4823\/revisions\/4841"}],"wp:featuredmedia":[{"embeddable":true,"href":"https:\/\/jessel.de\/365-tage-sylt\/wp-json\/wp\/v2\/media\/4828"}],"wp:attachment":[{"href":"https:\/\/jessel.de\/365-tage-sylt\/wp-json\/wp\/v2\/media?parent=4823"}],"wp:term":[{"taxonomy":"category","embeddable":true,"href":"https:\/\/jessel.de\/365-tage-sylt\/wp-json\/wp\/v2\/categories?post=4823"},{"taxonomy":"post_tag","embeddable":true,"href":"https:\/\/jessel.de\/365-tage-sylt\/wp-json\/wp\/v2\/tags?post=4823"}],"curies":[{"name":"wp","href":"https:\/\/api.w.org\/{rel}","templated":true}]}}