{"id":483,"date":"2017-03-21T19:45:50","date_gmt":"2017-03-21T19:45:50","guid":{"rendered":"http:\/\/jessel.de\/365-tage-sylt\/?p=483"},"modified":"2017-03-21T20:11:00","modified_gmt":"2017-03-21T20:11:00","slug":"stuermischer-abend-am-roten-kliff","status":"publish","type":"post","link":"https:\/\/jessel.de\/365-tage-sylt\/stuermischer-abend-am-roten-kliff\/","title":{"rendered":"Stuermischer Abend am Roten Kliff"},"content":{"rendered":"<div id=\"attachment_489\" style=\"width: 1213px\" class=\"wp-caption alignnone\"><img loading=\"lazy\" decoding=\"async\" aria-describedby=\"caption-attachment-489\" class=\"size-full wp-image-489\" src=\"http:\/\/jessel.de\/365-tage-sylt\/wp-content\/uploads\/2017\/03\/L1003058.jpg\" alt=\"\" width=\"1203\" height=\"800\" srcset=\"https:\/\/jessel.de\/365-tage-sylt\/wp-content\/uploads\/2017\/03\/L1003058.jpg 1203w, https:\/\/jessel.de\/365-tage-sylt\/wp-content\/uploads\/2017\/03\/L1003058-300x200.jpg 300w, https:\/\/jessel.de\/365-tage-sylt\/wp-content\/uploads\/2017\/03\/L1003058-768x511.jpg 768w, https:\/\/jessel.de\/365-tage-sylt\/wp-content\/uploads\/2017\/03\/L1003058-1024x681.jpg 1024w\" sizes=\"auto, (max-width: 1203px) 100vw, 1203px\" \/><p id=\"caption-attachment-489\" class=\"wp-caption-text\">Sylt_Westerland_Stranduebergang_Fruehmorgens_Wolkenfront<\/p><\/div>\n<p>Glaskalte Luft heute fr\u00fch. Schwer kontrastig zu den Regenf\u00e4llen der letzten beiden Tage. Fast ein Wetter f\u00fcr ein Gro\u00dfes Foto &#8211; dass sind diejenigen, die an nur wenigen Tagen im Jahr entstehen k\u00f6nnen, weil einfach alles stimmen muss. Die Natur muss es wollen, sonst klappt`s nicht. Aufregung schon fr\u00fch am Morgen&#8230; Sch\u00f6ne Wolkenfront n\u00e4hert sich im ersten Sonnenlicht, aber dieses verabschiedet sich nach wenigen Minuten&#8230; alle Warterei nutzt nichts.<\/p>\n<p>Also Schreibtischarbeit. \ud83d\ude41<\/p>\n<p>Nachmittags entwickelt sich die Wettersituation zum Positiven: Auffrischender Wind, klarere Sicht, Hochwasser. Vorm Roten Kliff haben die Strandl\u00e4ufer ordentlich Seitenwind:<\/p>\n<div id=\"attachment_490\" style=\"width: 1387px\" class=\"wp-caption alignnone\"><img loading=\"lazy\" decoding=\"async\" aria-describedby=\"caption-attachment-490\" class=\"size-full wp-image-490\" src=\"http:\/\/jessel.de\/365-tage-sylt\/wp-content\/uploads\/2017\/03\/L1003114.jpg\" alt=\"\" width=\"1377\" height=\"800\" srcset=\"https:\/\/jessel.de\/365-tage-sylt\/wp-content\/uploads\/2017\/03\/L1003114.jpg 1377w, https:\/\/jessel.de\/365-tage-sylt\/wp-content\/uploads\/2017\/03\/L1003114-300x174.jpg 300w, https:\/\/jessel.de\/365-tage-sylt\/wp-content\/uploads\/2017\/03\/L1003114-768x446.jpg 768w, https:\/\/jessel.de\/365-tage-sylt\/wp-content\/uploads\/2017\/03\/L1003114-1024x595.jpg 1024w\" sizes=\"auto, (max-width: 1377px) 100vw, 1377px\" \/><p id=\"caption-attachment-490\" class=\"wp-caption-text\">Sylt:Kampen_Rotes Kliff_Stuermischer Abend_Spaziergaenger<\/p><\/div>\n<p>Sehr(!) syltig heute. Morgen fr\u00fch Foto-Alarm&#8230;<\/p>\n<p>&nbsp;<\/p>\n","protected":false},"excerpt":{"rendered":"<p>Glaskalte Luft heute fr\u00fch. Schwer kontrastig zu den Regenf\u00e4llen der letzten beiden Tage. Fast ein Wetter f\u00fcr ein Gro\u00dfes Foto &#8211; dass sind diejenigen, die an nur wenigen Tagen im Jahr entstehen k\u00f6nnen, weil einfach alles stimmen muss. Die Natur muss es wollen, sonst klappt`s nicht. Aufregung schon fr\u00fch am Morgen&#8230; Sch\u00f6ne Wolkenfront n\u00e4hert sich im ersten Sonnenlicht, aber dieses verabschiedet sich nach wenigen Minuten&#8230; alle Warterei nutzt nichts. Also&hellip;<\/p>\n","protected":false},"author":2,"featured_media":487,"comment_status":"open","ping_status":"open","sticky":false,"template":"","format":"standard","meta":{"footnotes":""},"categories":[27,41,25,3,4,26],"tags":[],"class_list":["post-483","post","type-post","status-publish","format-standard","has-post-thumbnail","hentry","category-alle-bilder","category-fruehling","category-kampen","category-menschen","category-spuren","category-strand"],"jetpack_featured_media_url":"https:\/\/jessel.de\/365-tage-sylt\/wp-content\/uploads\/2017\/03\/L1003157.jpg","_links":{"self":[{"href":"https:\/\/jessel.de\/365-tage-sylt\/wp-json\/wp\/v2\/posts\/483","targetHints":{"allow":["GET"]}}],"collection":[{"href":"https:\/\/jessel.de\/365-tage-sylt\/wp-json\/wp\/v2\/posts"}],"about":[{"href":"https:\/\/jessel.de\/365-tage-sylt\/wp-json\/wp\/v2\/types\/post"}],"author":[{"embeddable":true,"href":"https:\/\/jessel.de\/365-tage-sylt\/wp-json\/wp\/v2\/users\/2"}],"replies":[{"embeddable":true,"href":"https:\/\/jessel.de\/365-tage-sylt\/wp-json\/wp\/v2\/comments?post=483"}],"version-history":[{"count":5,"href":"https:\/\/jessel.de\/365-tage-sylt\/wp-json\/wp\/v2\/posts\/483\/revisions"}],"predecessor-version":[{"id":492,"href":"https:\/\/jessel.de\/365-tage-sylt\/wp-json\/wp\/v2\/posts\/483\/revisions\/492"}],"wp:featuredmedia":[{"embeddable":true,"href":"https:\/\/jessel.de\/365-tage-sylt\/wp-json\/wp\/v2\/media\/487"}],"wp:attachment":[{"href":"https:\/\/jessel.de\/365-tage-sylt\/wp-json\/wp\/v2\/media?parent=483"}],"wp:term":[{"taxonomy":"category","embeddable":true,"href":"https:\/\/jessel.de\/365-tage-sylt\/wp-json\/wp\/v2\/categories?post=483"},{"taxonomy":"post_tag","embeddable":true,"href":"https:\/\/jessel.de\/365-tage-sylt\/wp-json\/wp\/v2\/tags?post=483"}],"curies":[{"name":"wp","href":"https:\/\/api.w.org\/{rel}","templated":true}]}}