{"id":5050,"date":"2019-02-18T10:55:58","date_gmt":"2019-02-18T10:55:58","guid":{"rendered":"https:\/\/jessel.de\/365-tage-sylt\/?p=5050"},"modified":"2019-02-18T10:55:58","modified_gmt":"2019-02-18T10:55:58","slug":"17-18-februar-on-the-road-again","status":"publish","type":"post","link":"https:\/\/jessel.de\/365-tage-sylt\/17-18-februar-on-the-road-again\/","title":{"rendered":"17.\/18. Februar: On the road again&#8230;"},"content":{"rendered":"<p>Nach zwei wunderbaren Foto-Tagen bezieht es sich am Samstagabend, und auch der Sonntag beginnt schwer dunstig&#8230;<\/p>\n<p>Was liegt n\u00e4her als eine Festlands-Radtour? Gar nichts! Also nehme ich um 11:05 Uhr meinen Lieblingszug, den Sylt Shuttle Plus, und steige in Langenhorn aus. Von dort geht es auf Nebenstrecken zu Freunden (und Bloglesern) nach Flensburg&#8230; nachfolgend einige Impressionen der sonnt\u00e4glichen Hin- und mont\u00e4glichen R\u00fcckreise, letztere nach Bredstedt, insgesamt ca. 100 km:<\/p>\n<p><img loading=\"lazy\" decoding=\"async\" class=\"alignnone size-full wp-image-5052\" src=\"https:\/\/jessel.de\/365-tage-sylt\/wp-content\/uploads\/2019\/02\/6797D512-37B1-4E24-BAF1-A21E02ABBD0C.jpeg\" alt=\"\" width=\"1068\" height=\"801\" srcset=\"https:\/\/jessel.de\/365-tage-sylt\/wp-content\/uploads\/2019\/02\/6797D512-37B1-4E24-BAF1-A21E02ABBD0C.jpeg 1068w, https:\/\/jessel.de\/365-tage-sylt\/wp-content\/uploads\/2019\/02\/6797D512-37B1-4E24-BAF1-A21E02ABBD0C-300x225.jpeg 300w, https:\/\/jessel.de\/365-tage-sylt\/wp-content\/uploads\/2019\/02\/6797D512-37B1-4E24-BAF1-A21E02ABBD0C-768x576.jpeg 768w, https:\/\/jessel.de\/365-tage-sylt\/wp-content\/uploads\/2019\/02\/6797D512-37B1-4E24-BAF1-A21E02ABBD0C-1024x768.jpeg 1024w\" sizes=\"auto, (max-width: 1068px) 100vw, 1068px\" \/>Null Probleme mit der Orientierung<\/p>\n<p><img loading=\"lazy\" decoding=\"async\" class=\"alignnone size-full wp-image-5056\" src=\"https:\/\/jessel.de\/365-tage-sylt\/wp-content\/uploads\/2019\/02\/8314400F-0913-4F43-A015-C18790A623E4.jpeg\" alt=\"\" width=\"1068\" height=\"801\" srcset=\"https:\/\/jessel.de\/365-tage-sylt\/wp-content\/uploads\/2019\/02\/8314400F-0913-4F43-A015-C18790A623E4.jpeg 1068w, https:\/\/jessel.de\/365-tage-sylt\/wp-content\/uploads\/2019\/02\/8314400F-0913-4F43-A015-C18790A623E4-300x225.jpeg 300w, https:\/\/jessel.de\/365-tage-sylt\/wp-content\/uploads\/2019\/02\/8314400F-0913-4F43-A015-C18790A623E4-768x576.jpeg 768w, https:\/\/jessel.de\/365-tage-sylt\/wp-content\/uploads\/2019\/02\/8314400F-0913-4F43-A015-C18790A623E4-1024x768.jpeg 1024w\" sizes=\"auto, (max-width: 1068px) 100vw, 1068px\" \/>F\u00fcr die Pferdeliebhaber unter den Bloglesern&#8230; \ud83d\ude09<\/p>\n<p><img loading=\"lazy\" decoding=\"async\" class=\"alignnone size-full wp-image-5053\" src=\"https:\/\/jessel.de\/365-tage-sylt\/wp-content\/uploads\/2019\/02\/AA00DF8F-6C61-4293-AE4E-7938578B0A5B.jpeg\" alt=\"\" width=\"1068\" height=\"801\" srcset=\"https:\/\/jessel.de\/365-tage-sylt\/wp-content\/uploads\/2019\/02\/AA00DF8F-6C61-4293-AE4E-7938578B0A5B.jpeg 1068w, https:\/\/jessel.de\/365-tage-sylt\/wp-content\/uploads\/2019\/02\/AA00DF8F-6C61-4293-AE4E-7938578B0A5B-300x225.jpeg 300w, https:\/\/jessel.de\/365-tage-sylt\/wp-content\/uploads\/2019\/02\/AA00DF8F-6C61-4293-AE4E-7938578B0A5B-768x576.jpeg 768w, https:\/\/jessel.de\/365-tage-sylt\/wp-content\/uploads\/2019\/02\/AA00DF8F-6C61-4293-AE4E-7938578B0A5B-1024x768.jpeg 1024w\" sizes=\"auto, (max-width: 1068px) 100vw, 1068px\" \/>KFoto Entwurzelter Baum: Jede Menge umgest\u00fcrzte B\u00e4ume im Stiftungsland Sch\u00e4ferhaus<\/p>\n<p><img loading=\"lazy\" decoding=\"async\" class=\"alignnone size-full wp-image-5054\" src=\"https:\/\/jessel.de\/365-tage-sylt\/wp-content\/uploads\/2019\/02\/B1254435-8B22-43C2-A852-11588FEF8681.jpeg\" alt=\"\" width=\"1068\" height=\"801\" srcset=\"https:\/\/jessel.de\/365-tage-sylt\/wp-content\/uploads\/2019\/02\/B1254435-8B22-43C2-A852-11588FEF8681.jpeg 1068w, https:\/\/jessel.de\/365-tage-sylt\/wp-content\/uploads\/2019\/02\/B1254435-8B22-43C2-A852-11588FEF8681-300x225.jpeg 300w, https:\/\/jessel.de\/365-tage-sylt\/wp-content\/uploads\/2019\/02\/B1254435-8B22-43C2-A852-11588FEF8681-768x576.jpeg 768w, https:\/\/jessel.de\/365-tage-sylt\/wp-content\/uploads\/2019\/02\/B1254435-8B22-43C2-A852-11588FEF8681-1024x768.jpeg 1024w\" sizes=\"auto, (max-width: 1068px) 100vw, 1068px\" \/>. &#8230; direkt angrenzend an den Flensburger \u201eFlughafen\u201c.<\/p>\n<p><img loading=\"lazy\" decoding=\"async\" class=\"alignnone size-full wp-image-5055\" src=\"https:\/\/jessel.de\/365-tage-sylt\/wp-content\/uploads\/2019\/02\/A6898B0F-5351-41A2-92D6-24072E55A23C.jpeg\" alt=\"\" width=\"1068\" height=\"801\" srcset=\"https:\/\/jessel.de\/365-tage-sylt\/wp-content\/uploads\/2019\/02\/A6898B0F-5351-41A2-92D6-24072E55A23C.jpeg 1068w, https:\/\/jessel.de\/365-tage-sylt\/wp-content\/uploads\/2019\/02\/A6898B0F-5351-41A2-92D6-24072E55A23C-300x225.jpeg 300w, https:\/\/jessel.de\/365-tage-sylt\/wp-content\/uploads\/2019\/02\/A6898B0F-5351-41A2-92D6-24072E55A23C-768x576.jpeg 768w, https:\/\/jessel.de\/365-tage-sylt\/wp-content\/uploads\/2019\/02\/A6898B0F-5351-41A2-92D6-24072E55A23C-1024x768.jpeg 1024w\" sizes=\"auto, (max-width: 1068px) 100vw, 1068px\" \/>Die milde Luft (mittags immerhin 12 Grad&#8230;) l\u00e4sst Schneegl\u00f6ckchen und Krokusse sprie\u00dfen<\/p>\n<p><img loading=\"lazy\" decoding=\"async\" class=\"alignnone size-full wp-image-5057\" src=\"https:\/\/jessel.de\/365-tage-sylt\/wp-content\/uploads\/2019\/02\/94DA254F-B23B-4349-B003-CF93E1427CD8.jpeg\" alt=\"\" width=\"1068\" height=\"801\" srcset=\"https:\/\/jessel.de\/365-tage-sylt\/wp-content\/uploads\/2019\/02\/94DA254F-B23B-4349-B003-CF93E1427CD8.jpeg 1068w, https:\/\/jessel.de\/365-tage-sylt\/wp-content\/uploads\/2019\/02\/94DA254F-B23B-4349-B003-CF93E1427CD8-300x225.jpeg 300w, https:\/\/jessel.de\/365-tage-sylt\/wp-content\/uploads\/2019\/02\/94DA254F-B23B-4349-B003-CF93E1427CD8-768x576.jpeg 768w, https:\/\/jessel.de\/365-tage-sylt\/wp-content\/uploads\/2019\/02\/94DA254F-B23B-4349-B003-CF93E1427CD8-1024x768.jpeg 1024w\" sizes=\"auto, (max-width: 1068px) 100vw, 1068px\" \/>Eichenallee bei Jarplund<\/p>\n<p>Am Abend kochen wir \u201eHariri\u201c, ein marokkanisches Fastenbrechgericht, das &#8211; dank Safran, Ingwer, Kreuzk\u00fcmmel und Harissa &#8211; erheblich besser schmeckt als es auf diesem Foto aussieht. Sorry for that!<\/p>\n<p><img loading=\"lazy\" decoding=\"async\" class=\"alignnone size-full wp-image-5058\" src=\"https:\/\/jessel.de\/365-tage-sylt\/wp-content\/uploads\/2019\/02\/FA823C7F-B5AF-4710-91D3-A3BFCBCE8146.jpeg\" alt=\"\" width=\"1064\" height=\"798\" srcset=\"https:\/\/jessel.de\/365-tage-sylt\/wp-content\/uploads\/2019\/02\/FA823C7F-B5AF-4710-91D3-A3BFCBCE8146.jpeg 1064w, https:\/\/jessel.de\/365-tage-sylt\/wp-content\/uploads\/2019\/02\/FA823C7F-B5AF-4710-91D3-A3BFCBCE8146-300x225.jpeg 300w, https:\/\/jessel.de\/365-tage-sylt\/wp-content\/uploads\/2019\/02\/FA823C7F-B5AF-4710-91D3-A3BFCBCE8146-768x576.jpeg 768w, https:\/\/jessel.de\/365-tage-sylt\/wp-content\/uploads\/2019\/02\/FA823C7F-B5AF-4710-91D3-A3BFCBCE8146-1024x768.jpeg 1024w\" sizes=\"auto, (max-width: 1064px) 100vw, 1064px\" \/><\/p>\n","protected":false},"excerpt":{"rendered":"<p>Nach zwei wunderbaren Foto-Tagen bezieht es sich am Samstagabend, und auch der Sonntag beginnt schwer dunstig&#8230; Was liegt n\u00e4her als eine Festlands-Radtour? Gar nichts! Also nehme ich um 11:05 Uhr meinen Lieblingszug, den Sylt Shuttle Plus, und steige in Langenhorn aus. Von dort geht es auf Nebenstrecken zu Freunden (und Bloglesern) nach Flensburg&#8230; nachfolgend einige Impressionen der sonnt\u00e4glichen Hin- und mont\u00e4glichen R\u00fcckreise, letztere nach Bredstedt, insgesamt ca. 100 km: Null&hellip;<\/p>\n","protected":false},"author":2,"featured_media":5051,"comment_status":"open","ping_status":"open","sticky":false,"template":"","format":"standard","meta":{"footnotes":""},"categories":[27,41,29,23,33],"tags":[],"class_list":["post-5050","post","type-post","status-publish","format-standard","has-post-thumbnail","hentry","category-alle-bilder","category-fruehling","category-verkehr","category-winter","category-woanders"],"jetpack_featured_media_url":"https:\/\/jessel.de\/365-tage-sylt\/wp-content\/uploads\/2019\/02\/CA8FD2A4-E538-4AE0-AF93-3D461E5CD2BD.jpeg","_links":{"self":[{"href":"https:\/\/jessel.de\/365-tage-sylt\/wp-json\/wp\/v2\/posts\/5050","targetHints":{"allow":["GET"]}}],"collection":[{"href":"https:\/\/jessel.de\/365-tage-sylt\/wp-json\/wp\/v2\/posts"}],"about":[{"href":"https:\/\/jessel.de\/365-tage-sylt\/wp-json\/wp\/v2\/types\/post"}],"author":[{"embeddable":true,"href":"https:\/\/jessel.de\/365-tage-sylt\/wp-json\/wp\/v2\/users\/2"}],"replies":[{"embeddable":true,"href":"https:\/\/jessel.de\/365-tage-sylt\/wp-json\/wp\/v2\/comments?post=5050"}],"version-history":[{"count":1,"href":"https:\/\/jessel.de\/365-tage-sylt\/wp-json\/wp\/v2\/posts\/5050\/revisions"}],"predecessor-version":[{"id":5059,"href":"https:\/\/jessel.de\/365-tage-sylt\/wp-json\/wp\/v2\/posts\/5050\/revisions\/5059"}],"wp:featuredmedia":[{"embeddable":true,"href":"https:\/\/jessel.de\/365-tage-sylt\/wp-json\/wp\/v2\/media\/5051"}],"wp:attachment":[{"href":"https:\/\/jessel.de\/365-tage-sylt\/wp-json\/wp\/v2\/media?parent=5050"}],"wp:term":[{"taxonomy":"category","embeddable":true,"href":"https:\/\/jessel.de\/365-tage-sylt\/wp-json\/wp\/v2\/categories?post=5050"},{"taxonomy":"post_tag","embeddable":true,"href":"https:\/\/jessel.de\/365-tage-sylt\/wp-json\/wp\/v2\/tags?post=5050"}],"curies":[{"name":"wp","href":"https:\/\/api.w.org\/{rel}","templated":true}]}}