{"id":5060,"date":"2019-02-20T05:46:24","date_gmt":"2019-02-20T05:46:24","guid":{"rendered":"https:\/\/jessel.de\/365-tage-sylt\/?p=5060"},"modified":"2019-02-20T05:46:24","modified_gmt":"2019-02-20T05:46:24","slug":"18-19-februar-abends-morgens","status":"publish","type":"post","link":"https:\/\/jessel.de\/365-tage-sylt\/18-19-februar-abends-morgens\/","title":{"rendered":"18.\/19. Februar: Abends\/Morgens"},"content":{"rendered":"<p>Der milde S\u00fcdwestwind haucht \u00fcber die Insel, wobei ich unter \u201emild\u201c eine Temperatur von 5-7 Grad verstehe, die mittags erreicht wird. Gegen Abend wird\u2019s schon wieder frischer. Egal &#8211; besonders in der Tierwelt ist ein \u201eAufleben\u201c deutlich sp\u00fcrbar, und \u201egef\u00fchlt\u201c riecht es vom Meer her nach Fr\u00fchling.<\/p>\n<p>Es bleibt weiterhin diesig. Gute Bedingungen, um sich dem Thema \u201eSonnenunterg\u00e4nge\u201c zu widmen, hier eine Niedrigwasser-Stimmung vor Westerland vom Montag&#8230;:<\/p>\n<p><img loading=\"lazy\" decoding=\"async\" class=\"alignnone size-full wp-image-5061\" src=\"https:\/\/jessel.de\/365-tage-sylt\/wp-content\/uploads\/2019\/02\/8B11CF05-20D8-4A8E-B864-A712D28E6357.jpeg\" alt=\"\" width=\"1202\" height=\"800\" srcset=\"https:\/\/jessel.de\/365-tage-sylt\/wp-content\/uploads\/2019\/02\/8B11CF05-20D8-4A8E-B864-A712D28E6357.jpeg 1202w, https:\/\/jessel.de\/365-tage-sylt\/wp-content\/uploads\/2019\/02\/8B11CF05-20D8-4A8E-B864-A712D28E6357-300x200.jpeg 300w, https:\/\/jessel.de\/365-tage-sylt\/wp-content\/uploads\/2019\/02\/8B11CF05-20D8-4A8E-B864-A712D28E6357-768x511.jpeg 768w, https:\/\/jessel.de\/365-tage-sylt\/wp-content\/uploads\/2019\/02\/8B11CF05-20D8-4A8E-B864-A712D28E6357-1024x682.jpeg 1024w\" sizes=\"auto, (max-width: 1202px) 100vw, 1202px\" \/><\/p>\n<p>&#8230; und der Vollmond-Untergang vom Morgen drauf. Die Bew\u00f6lkung tut mir den Gefallen, f\u00fcr fast 5 Minuten aufzurei\u00dfen, jedoch ist der Mond aufgrund der derzeitigen extremen Erdn\u00e4he derart grell, dass ich letztlich nur dieses \u201eSchemen\u201c-Motiv kurz vor seiem Erscheinen in G\u00e4nze verwenden kann.<\/p>\n<p><img loading=\"lazy\" decoding=\"async\" class=\"alignnone size-full wp-image-5062\" src=\"https:\/\/jessel.de\/365-tage-sylt\/wp-content\/uploads\/2019\/02\/CE385C2D-C781-4271-9E44-BBA4123E1D4D.jpeg\" alt=\"\" width=\"1204\" height=\"800\" srcset=\"https:\/\/jessel.de\/365-tage-sylt\/wp-content\/uploads\/2019\/02\/CE385C2D-C781-4271-9E44-BBA4123E1D4D.jpeg 1204w, https:\/\/jessel.de\/365-tage-sylt\/wp-content\/uploads\/2019\/02\/CE385C2D-C781-4271-9E44-BBA4123E1D4D-300x199.jpeg 300w, https:\/\/jessel.de\/365-tage-sylt\/wp-content\/uploads\/2019\/02\/CE385C2D-C781-4271-9E44-BBA4123E1D4D-768x510.jpeg 768w, https:\/\/jessel.de\/365-tage-sylt\/wp-content\/uploads\/2019\/02\/CE385C2D-C781-4271-9E44-BBA4123E1D4D-1024x680.jpeg 1024w\" sizes=\"auto, (max-width: 1204px) 100vw, 1204px\" \/><\/p>\n","protected":false},"excerpt":{"rendered":"<p>Der milde S\u00fcdwestwind haucht \u00fcber die Insel, wobei ich unter \u201emild\u201c eine Temperatur von 5-7 Grad verstehe, die mittags erreicht wird. Gegen Abend wird\u2019s schon wieder frischer. Egal &#8211; besonders in der Tierwelt ist ein \u201eAufleben\u201c deutlich sp\u00fcrbar, und \u201egef\u00fchlt\u201c riecht es vom Meer her nach Fr\u00fchling. Es bleibt weiterhin diesig. Gute Bedingungen, um sich dem Thema \u201eSonnenunterg\u00e4nge\u201c zu widmen, hier eine Niedrigwasser-Stimmung vor Westerland vom Montag&#8230;: &#8230; und der&hellip;<\/p>\n","protected":false},"author":2,"featured_media":5063,"comment_status":"open","ping_status":"open","sticky":false,"template":"","format":"standard","meta":{"footnotes":""},"categories":[27,37,26,40,7,23],"tags":[],"class_list":["post-5060","post","type-post","status-publish","format-standard","has-post-thumbnail","hentry","category-alle-bilder","category-buhne","category-strand","category-tiere","category-westerland","category-winter"],"jetpack_featured_media_url":"https:\/\/jessel.de\/365-tage-sylt\/wp-content\/uploads\/2019\/02\/152F3F86-392C-44A6-90A1-81D6F274452A.jpeg","_links":{"self":[{"href":"https:\/\/jessel.de\/365-tage-sylt\/wp-json\/wp\/v2\/posts\/5060","targetHints":{"allow":["GET"]}}],"collection":[{"href":"https:\/\/jessel.de\/365-tage-sylt\/wp-json\/wp\/v2\/posts"}],"about":[{"href":"https:\/\/jessel.de\/365-tage-sylt\/wp-json\/wp\/v2\/types\/post"}],"author":[{"embeddable":true,"href":"https:\/\/jessel.de\/365-tage-sylt\/wp-json\/wp\/v2\/users\/2"}],"replies":[{"embeddable":true,"href":"https:\/\/jessel.de\/365-tage-sylt\/wp-json\/wp\/v2\/comments?post=5060"}],"version-history":[{"count":1,"href":"https:\/\/jessel.de\/365-tage-sylt\/wp-json\/wp\/v2\/posts\/5060\/revisions"}],"predecessor-version":[{"id":5064,"href":"https:\/\/jessel.de\/365-tage-sylt\/wp-json\/wp\/v2\/posts\/5060\/revisions\/5064"}],"wp:featuredmedia":[{"embeddable":true,"href":"https:\/\/jessel.de\/365-tage-sylt\/wp-json\/wp\/v2\/media\/5063"}],"wp:attachment":[{"href":"https:\/\/jessel.de\/365-tage-sylt\/wp-json\/wp\/v2\/media?parent=5060"}],"wp:term":[{"taxonomy":"category","embeddable":true,"href":"https:\/\/jessel.de\/365-tage-sylt\/wp-json\/wp\/v2\/categories?post=5060"},{"taxonomy":"post_tag","embeddable":true,"href":"https:\/\/jessel.de\/365-tage-sylt\/wp-json\/wp\/v2\/tags?post=5060"}],"curies":[{"name":"wp","href":"https:\/\/api.w.org\/{rel}","templated":true}]}}