{"id":5289,"date":"2019-07-13T20:27:10","date_gmt":"2019-07-13T20:27:10","guid":{"rendered":"https:\/\/jessel.de\/365-tage-sylt\/?p=5289"},"modified":"2019-07-14T04:39:25","modified_gmt":"2019-07-14T04:39:25","slug":"13-juli-2019-alle-welt-auf-sylt","status":"publish","type":"post","link":"https:\/\/jessel.de\/365-tage-sylt\/13-juli-2019-alle-welt-auf-sylt\/","title":{"rendered":"13. Juli 2019: Alle Welt auf Sylt"},"content":{"rendered":"<p>Nun sind (fast) alle da. Mit dem Beginn der Sommerferien in Nordrhein-Westfalen kulminiert die Saison &#8211; allein gestern wurden per Autozug und F\u00e4hre \u00fcber 3.000 Autos auf die Insel geschleudert. Zuviel frische Seeluft soll auch gar nicht gesund sein.<\/p>\n<p>Das Wetter bleibt \u00fcberwiegend grau, herbstlich k\u00fchl und zu Schauern aufgelegt, was eingefleischte Sylt-Fans nicht davon abh\u00e4lt, am Strand auf Erkundungstour zu gehen&#8230;:<\/p>\n<p><img loading=\"lazy\" decoding=\"async\" class=\"alignnone size-full wp-image-5293\" src=\"https:\/\/jessel.de\/365-tage-sylt\/wp-content\/uploads\/2019\/07\/DD3C60BB-2DB5-46A6-9DD9-6398A27C901E.jpeg\" alt=\"\" width=\"1374\" height=\"800\" srcset=\"https:\/\/jessel.de\/365-tage-sylt\/wp-content\/uploads\/2019\/07\/DD3C60BB-2DB5-46A6-9DD9-6398A27C901E.jpeg 1374w, https:\/\/jessel.de\/365-tage-sylt\/wp-content\/uploads\/2019\/07\/DD3C60BB-2DB5-46A6-9DD9-6398A27C901E-300x175.jpeg 300w, https:\/\/jessel.de\/365-tage-sylt\/wp-content\/uploads\/2019\/07\/DD3C60BB-2DB5-46A6-9DD9-6398A27C901E-768x447.jpeg 768w, https:\/\/jessel.de\/365-tage-sylt\/wp-content\/uploads\/2019\/07\/DD3C60BB-2DB5-46A6-9DD9-6398A27C901E-1024x596.jpeg 1024w\" sizes=\"auto, (max-width: 1374px) 100vw, 1374px\" \/><\/p>\n<p>&#8230; oder sportlichen Aktivit\u00e4ten zu fr\u00f6nen, die in der Heimat \u00fcber Monate vernachl\u00e4ssigt wurden:<\/p>\n<p><img loading=\"lazy\" decoding=\"async\" class=\"alignnone size-full wp-image-5291\" src=\"https:\/\/jessel.de\/365-tage-sylt\/wp-content\/uploads\/2019\/07\/E56EB8EA-A1A9-45DC-A02A-A32A373EB20A.jpeg\" alt=\"\" width=\"1537\" height=\"800\" srcset=\"https:\/\/jessel.de\/365-tage-sylt\/wp-content\/uploads\/2019\/07\/E56EB8EA-A1A9-45DC-A02A-A32A373EB20A.jpeg 1537w, https:\/\/jessel.de\/365-tage-sylt\/wp-content\/uploads\/2019\/07\/E56EB8EA-A1A9-45DC-A02A-A32A373EB20A-300x156.jpeg 300w, https:\/\/jessel.de\/365-tage-sylt\/wp-content\/uploads\/2019\/07\/E56EB8EA-A1A9-45DC-A02A-A32A373EB20A-768x400.jpeg 768w, https:\/\/jessel.de\/365-tage-sylt\/wp-content\/uploads\/2019\/07\/E56EB8EA-A1A9-45DC-A02A-A32A373EB20A-1024x533.jpeg 1024w\" sizes=\"auto, (max-width: 1537px) 100vw, 1537px\" \/><\/p>\n<p>Anderen reicht die erste Kontaktaufnahme mit der sich ruppig gebenden Natur, die keinerlei Anstalten macht, sich sommerlich zu pr\u00e4sentieren:<\/p>\n<p><img loading=\"lazy\" decoding=\"async\" class=\"alignnone size-full wp-image-5292\" src=\"https:\/\/jessel.de\/365-tage-sylt\/wp-content\/uploads\/2019\/07\/811F2EE8-CF87-4AA5-8DBF-21CFA1921DDC.jpeg\" alt=\"\" width=\"1202\" height=\"800\" srcset=\"https:\/\/jessel.de\/365-tage-sylt\/wp-content\/uploads\/2019\/07\/811F2EE8-CF87-4AA5-8DBF-21CFA1921DDC.jpeg 1202w, https:\/\/jessel.de\/365-tage-sylt\/wp-content\/uploads\/2019\/07\/811F2EE8-CF87-4AA5-8DBF-21CFA1921DDC-300x200.jpeg 300w, https:\/\/jessel.de\/365-tage-sylt\/wp-content\/uploads\/2019\/07\/811F2EE8-CF87-4AA5-8DBF-21CFA1921DDC-768x511.jpeg 768w, https:\/\/jessel.de\/365-tage-sylt\/wp-content\/uploads\/2019\/07\/811F2EE8-CF87-4AA5-8DBF-21CFA1921DDC-1024x682.jpeg 1024w\" sizes=\"auto, (max-width: 1202px) 100vw, 1202px\" \/><\/p>\n","protected":false},"excerpt":{"rendered":"<p>Nun sind (fast) alle da. Mit dem Beginn der Sommerferien in Nordrhein-Westfalen kulminiert die Saison &#8211; allein gestern wurden per Autozug und F\u00e4hre \u00fcber 3.000 Autos auf die Insel geschleudert. Zuviel frische Seeluft soll auch gar nicht gesund sein. Das Wetter bleibt \u00fcberwiegend grau, herbstlich k\u00fchl und zu Schauern aufgelegt, was eingefleischte Sylt-Fans nicht davon abh\u00e4lt, am Strand auf Erkundungstour zu gehen&#8230;: &#8230; oder sportlichen Aktivit\u00e4ten zu fr\u00f6nen, die in&hellip;<\/p>\n","protected":false},"author":2,"featured_media":5290,"comment_status":"open","ping_status":"open","sticky":false,"template":"","format":"standard","meta":{"footnotes":""},"categories":[27,24,3,46,26,2,30,7],"tags":[],"class_list":["post-5289","post","type-post","status-publish","format-standard","has-post-thumbnail","hentry","category-alle-bilder","category-duenen","category-menschen","category-sommer","category-strand","category-tourismus","category-tradition","category-westerland"],"jetpack_featured_media_url":"https:\/\/jessel.de\/365-tage-sylt\/wp-content\/uploads\/2019\/07\/41983EC9-516B-4EA6-A2BE-ED28A2FBE3EF.jpeg","_links":{"self":[{"href":"https:\/\/jessel.de\/365-tage-sylt\/wp-json\/wp\/v2\/posts\/5289","targetHints":{"allow":["GET"]}}],"collection":[{"href":"https:\/\/jessel.de\/365-tage-sylt\/wp-json\/wp\/v2\/posts"}],"about":[{"href":"https:\/\/jessel.de\/365-tage-sylt\/wp-json\/wp\/v2\/types\/post"}],"author":[{"embeddable":true,"href":"https:\/\/jessel.de\/365-tage-sylt\/wp-json\/wp\/v2\/users\/2"}],"replies":[{"embeddable":true,"href":"https:\/\/jessel.de\/365-tage-sylt\/wp-json\/wp\/v2\/comments?post=5289"}],"version-history":[{"count":4,"href":"https:\/\/jessel.de\/365-tage-sylt\/wp-json\/wp\/v2\/posts\/5289\/revisions"}],"predecessor-version":[{"id":5297,"href":"https:\/\/jessel.de\/365-tage-sylt\/wp-json\/wp\/v2\/posts\/5289\/revisions\/5297"}],"wp:featuredmedia":[{"embeddable":true,"href":"https:\/\/jessel.de\/365-tage-sylt\/wp-json\/wp\/v2\/media\/5290"}],"wp:attachment":[{"href":"https:\/\/jessel.de\/365-tage-sylt\/wp-json\/wp\/v2\/media?parent=5289"}],"wp:term":[{"taxonomy":"category","embeddable":true,"href":"https:\/\/jessel.de\/365-tage-sylt\/wp-json\/wp\/v2\/categories?post=5289"},{"taxonomy":"post_tag","embeddable":true,"href":"https:\/\/jessel.de\/365-tage-sylt\/wp-json\/wp\/v2\/tags?post=5289"}],"curies":[{"name":"wp","href":"https:\/\/api.w.org\/{rel}","templated":true}]}}