{"id":5318,"date":"2019-08-07T04:37:59","date_gmt":"2019-08-07T04:37:59","guid":{"rendered":"https:\/\/jessel.de\/365-tage-sylt\/?p=5318"},"modified":"2019-08-07T04:37:59","modified_gmt":"2019-08-07T04:37:59","slug":"7-august-das-warten-ist-vorueber","status":"publish","type":"post","link":"https:\/\/jessel.de\/365-tage-sylt\/7-august-das-warten-ist-vorueber\/","title":{"rendered":"7. August: Das Warten ist vor\u00fcber"},"content":{"rendered":"<p>Wir treffen uns bei unserem Lieblings-Italiener auf der Hamburger Veddel, um die Ankunft unseres Kataloges w\u00fcrdig zu feiern. Hier sa\u00dfen wir bereits vor Jahresfrist, als wir unser gemeinsames Ausstellungsprojekt ersannen &#8211; nun geht es in die Endphase mit der Ausstellungsvorbereitung:<\/p>\n<p><img loading=\"lazy\" decoding=\"async\" class=\"alignnone size-full wp-image-5319\" src=\"https:\/\/jessel.de\/365-tage-sylt\/wp-content\/uploads\/2019\/08\/96ABFF4C-CF5E-4719-828A-FAD5ADC98AEF.jpeg\" alt=\"\" width=\"1559\" height=\"2079\" srcset=\"https:\/\/jessel.de\/365-tage-sylt\/wp-content\/uploads\/2019\/08\/96ABFF4C-CF5E-4719-828A-FAD5ADC98AEF.jpeg 1559w, https:\/\/jessel.de\/365-tage-sylt\/wp-content\/uploads\/2019\/08\/96ABFF4C-CF5E-4719-828A-FAD5ADC98AEF-225x300.jpeg 225w, https:\/\/jessel.de\/365-tage-sylt\/wp-content\/uploads\/2019\/08\/96ABFF4C-CF5E-4719-828A-FAD5ADC98AEF-768x1024.jpeg 768w\" sizes=\"auto, (max-width: 1559px) 100vw, 1559px\" \/>Lars strahlt&#8230;<\/p>\n<p><img loading=\"lazy\" decoding=\"async\" class=\"alignnone size-full wp-image-5320\" src=\"https:\/\/jessel.de\/365-tage-sylt\/wp-content\/uploads\/2019\/08\/60CB9CD0-DE9A-4F7A-9C73-F72E833C56AD.jpeg\" alt=\"\" width=\"1559\" height=\"2079\" srcset=\"https:\/\/jessel.de\/365-tage-sylt\/wp-content\/uploads\/2019\/08\/60CB9CD0-DE9A-4F7A-9C73-F72E833C56AD.jpeg 1559w, https:\/\/jessel.de\/365-tage-sylt\/wp-content\/uploads\/2019\/08\/60CB9CD0-DE9A-4F7A-9C73-F72E833C56AD-225x300.jpeg 225w, https:\/\/jessel.de\/365-tage-sylt\/wp-content\/uploads\/2019\/08\/60CB9CD0-DE9A-4F7A-9C73-F72E833C56AD-768x1024.jpeg 768w\" sizes=\"auto, (max-width: 1559px) 100vw, 1559px\" \/>Hans auch! Haben wir n\u00e4mlich gut gemacht. Hier Titel und R\u00fcckseite des Katalogs (Preis: \u20ac 10,-):<\/p>\n<p><img loading=\"lazy\" decoding=\"async\" class=\"alignnone size-full wp-image-5322\" src=\"https:\/\/jessel.de\/365-tage-sylt\/wp-content\/uploads\/2019\/08\/25106531-012F-4CF0-AFBE-139B9738919E.jpeg\" alt=\"\" width=\"1559\" height=\"803\" srcset=\"https:\/\/jessel.de\/365-tage-sylt\/wp-content\/uploads\/2019\/08\/25106531-012F-4CF0-AFBE-139B9738919E.jpeg 1559w, https:\/\/jessel.de\/365-tage-sylt\/wp-content\/uploads\/2019\/08\/25106531-012F-4CF0-AFBE-139B9738919E-300x155.jpeg 300w, https:\/\/jessel.de\/365-tage-sylt\/wp-content\/uploads\/2019\/08\/25106531-012F-4CF0-AFBE-139B9738919E-768x396.jpeg 768w, https:\/\/jessel.de\/365-tage-sylt\/wp-content\/uploads\/2019\/08\/25106531-012F-4CF0-AFBE-139B9738919E-1024x527.jpeg 1024w\" sizes=\"auto, (max-width: 1559px) 100vw, 1559px\" \/><\/p>\n<p>Auch die Einladungskarten sind fertig &#8211; wer Zeit und Lust hat, besucht uns ab 1. September um 18 Uhr. Wir sind den ganzen September \u00fcber in der Stadtgalerie anwesend:<\/p>\n<p><img loading=\"lazy\" decoding=\"async\" class=\"alignnone size-full wp-image-5321\" src=\"https:\/\/jessel.de\/365-tage-sylt\/wp-content\/uploads\/2019\/08\/4C92534D-27A5-43CF-A4F6-4055292D1C9F.jpeg\" alt=\"\" width=\"1559\" height=\"1170\" srcset=\"https:\/\/jessel.de\/365-tage-sylt\/wp-content\/uploads\/2019\/08\/4C92534D-27A5-43CF-A4F6-4055292D1C9F.jpeg 1559w, https:\/\/jessel.de\/365-tage-sylt\/wp-content\/uploads\/2019\/08\/4C92534D-27A5-43CF-A4F6-4055292D1C9F-300x225.jpeg 300w, https:\/\/jessel.de\/365-tage-sylt\/wp-content\/uploads\/2019\/08\/4C92534D-27A5-43CF-A4F6-4055292D1C9F-768x576.jpeg 768w, https:\/\/jessel.de\/365-tage-sylt\/wp-content\/uploads\/2019\/08\/4C92534D-27A5-43CF-A4F6-4055292D1C9F-1024x768.jpeg 1024w\" sizes=\"auto, (max-width: 1559px) 100vw, 1559px\" \/><\/p>\n<p>Die Ausstellungsprints, gr\u00f6\u00dftenteils im Format 50\/70cm, sind von allerh\u00f6chster Qualit\u00e4t. Dar\u00fcber in den n\u00e4chsten Tagen mehr:<\/p>\n<p><img loading=\"lazy\" decoding=\"async\" class=\"alignnone size-full wp-image-5324\" src=\"https:\/\/jessel.de\/365-tage-sylt\/wp-content\/uploads\/2019\/08\/9BB86E41-05AC-4F29-B632-92B3DDADC4C5.jpeg\" alt=\"\" width=\"1559\" height=\"1170\" srcset=\"https:\/\/jessel.de\/365-tage-sylt\/wp-content\/uploads\/2019\/08\/9BB86E41-05AC-4F29-B632-92B3DDADC4C5.jpeg 1559w, https:\/\/jessel.de\/365-tage-sylt\/wp-content\/uploads\/2019\/08\/9BB86E41-05AC-4F29-B632-92B3DDADC4C5-300x225.jpeg 300w, https:\/\/jessel.de\/365-tage-sylt\/wp-content\/uploads\/2019\/08\/9BB86E41-05AC-4F29-B632-92B3DDADC4C5-768x576.jpeg 768w, https:\/\/jessel.de\/365-tage-sylt\/wp-content\/uploads\/2019\/08\/9BB86E41-05AC-4F29-B632-92B3DDADC4C5-1024x768.jpeg 1024w\" sizes=\"auto, (max-width: 1559px) 100vw, 1559px\" \/><\/p>\n","protected":false},"excerpt":{"rendered":"<p>Wir treffen uns bei unserem Lieblings-Italiener auf der Hamburger Veddel, um die Ankunft unseres Kataloges w\u00fcrdig zu feiern. Hier sa\u00dfen wir bereits vor Jahresfrist, als wir unser gemeinsames Ausstellungsprojekt ersannen &#8211; nun geht es in die Endphase mit der Ausstellungsvorbereitung: Lars strahlt&#8230; Hans auch! Haben wir n\u00e4mlich gut gemacht. Hier Titel und R\u00fcckseite des Katalogs (Preis: \u20ac 10,-): Auch die Einladungskarten sind fertig &#8211; wer Zeit und Lust hat, besucht&hellip;<\/p>\n","protected":false},"author":2,"featured_media":5323,"comment_status":"open","ping_status":"open","sticky":false,"template":"","format":"standard","meta":{"footnotes":""},"categories":[27,39,28,3,46,29,33],"tags":[],"class_list":["post-5318","post","type-post","status-publish","format-standard","has-post-thumbnail","hentry","category-alle-bilder","category-arbeit","category-haeuser","category-menschen","category-sommer","category-verkehr","category-woanders"],"jetpack_featured_media_url":"https:\/\/jessel.de\/365-tage-sylt\/wp-content\/uploads\/2019\/08\/875123E3-D62F-4D46-8E7F-EC1059D574A9.jpeg","_links":{"self":[{"href":"https:\/\/jessel.de\/365-tage-sylt\/wp-json\/wp\/v2\/posts\/5318","targetHints":{"allow":["GET"]}}],"collection":[{"href":"https:\/\/jessel.de\/365-tage-sylt\/wp-json\/wp\/v2\/posts"}],"about":[{"href":"https:\/\/jessel.de\/365-tage-sylt\/wp-json\/wp\/v2\/types\/post"}],"author":[{"embeddable":true,"href":"https:\/\/jessel.de\/365-tage-sylt\/wp-json\/wp\/v2\/users\/2"}],"replies":[{"embeddable":true,"href":"https:\/\/jessel.de\/365-tage-sylt\/wp-json\/wp\/v2\/comments?post=5318"}],"version-history":[{"count":1,"href":"https:\/\/jessel.de\/365-tage-sylt\/wp-json\/wp\/v2\/posts\/5318\/revisions"}],"predecessor-version":[{"id":5325,"href":"https:\/\/jessel.de\/365-tage-sylt\/wp-json\/wp\/v2\/posts\/5318\/revisions\/5325"}],"wp:featuredmedia":[{"embeddable":true,"href":"https:\/\/jessel.de\/365-tage-sylt\/wp-json\/wp\/v2\/media\/5323"}],"wp:attachment":[{"href":"https:\/\/jessel.de\/365-tage-sylt\/wp-json\/wp\/v2\/media?parent=5318"}],"wp:term":[{"taxonomy":"category","embeddable":true,"href":"https:\/\/jessel.de\/365-tage-sylt\/wp-json\/wp\/v2\/categories?post=5318"},{"taxonomy":"post_tag","embeddable":true,"href":"https:\/\/jessel.de\/365-tage-sylt\/wp-json\/wp\/v2\/tags?post=5318"}],"curies":[{"name":"wp","href":"https:\/\/api.w.org\/{rel}","templated":true}]}}