{"id":5334,"date":"2019-08-11T15:16:39","date_gmt":"2019-08-11T15:16:39","guid":{"rendered":"https:\/\/jessel.de\/365-tage-sylt\/?p=5334"},"modified":"2019-08-11T15:16:39","modified_gmt":"2019-08-11T15:16:39","slug":"11-august-guter-grund-zur-freude","status":"publish","type":"post","link":"https:\/\/jessel.de\/365-tage-sylt\/11-august-guter-grund-zur-freude\/","title":{"rendered":"11. August: Guter Grund zur Freude"},"content":{"rendered":"<p>Hauptfrage in diesen Tagen: \u201eFotografierst Du eigentlich noch?\u201c Antwort: \u201eOch jaaaaa &#8211; gelegentlich schon.\u201c<\/p>\n<p>Hier der Beweis:<\/p>\n<p><img loading=\"lazy\" decoding=\"async\" class=\"alignnone size-full wp-image-5337\" src=\"https:\/\/jessel.de\/365-tage-sylt\/wp-content\/uploads\/2019\/08\/204F8A9D-D183-42C6-BC92-860457AE62A9.jpeg\" alt=\"\" width=\"1202\" height=\"800\" srcset=\"https:\/\/jessel.de\/365-tage-sylt\/wp-content\/uploads\/2019\/08\/204F8A9D-D183-42C6-BC92-860457AE62A9.jpeg 1202w, https:\/\/jessel.de\/365-tage-sylt\/wp-content\/uploads\/2019\/08\/204F8A9D-D183-42C6-BC92-860457AE62A9-300x200.jpeg 300w, https:\/\/jessel.de\/365-tage-sylt\/wp-content\/uploads\/2019\/08\/204F8A9D-D183-42C6-BC92-860457AE62A9-768x511.jpeg 768w, https:\/\/jessel.de\/365-tage-sylt\/wp-content\/uploads\/2019\/08\/204F8A9D-D183-42C6-BC92-860457AE62A9-1024x682.jpeg 1024w\" sizes=\"auto, (max-width: 1202px) 100vw, 1202px\" \/><\/p>\n<p>Und jede Menge Fragen zur bevorstehenden Ausstellung. Ich sammel\u02cb noch ein wenig und beantworte im n\u00e4chsten Blogbeitrag, o.k.?<\/p>\n<p>Ich fiebere unterdes etwas ganz anderem hinterher. Hoch \u00fcber unseren K\u00f6pfen zeichnen sich n\u00e4mlich mittelfristige Wetter\u00e4nderungen ab, denn der in letzter Zeit recht ortsstabile JETSTREAM (siehe Google) \u00e4ndert seine Lage endlich. Wir geraten dabei auf dessen n\u00f6rdliche Seite, was zu einer gepflegten Abk\u00fchlung f\u00fchren wird&#8230; und zwar bereits ab \u00fcbermorgen. Dann verschwindet auch endlich diese SCHW\u00dcLE DUNSTLUFT, die mir seit geraumer Zeit das Fotografieren verg\u00e4llt&#8230; und mir n\u00e4chtens den Schlaf raubt.<\/p>\n<p>Dass der Sommer sich so langsam verabschiedet, erkennt man dieser Tage an diversen Stellen:<\/p>\n<p><img loading=\"lazy\" decoding=\"async\" class=\"alignnone size-full wp-image-5336\" src=\"https:\/\/jessel.de\/365-tage-sylt\/wp-content\/uploads\/2019\/08\/CA982444-0B9C-45F5-9D12-762B0D60A993.jpeg\" alt=\"\" width=\"1202\" height=\"800\" srcset=\"https:\/\/jessel.de\/365-tage-sylt\/wp-content\/uploads\/2019\/08\/CA982444-0B9C-45F5-9D12-762B0D60A993.jpeg 1202w, https:\/\/jessel.de\/365-tage-sylt\/wp-content\/uploads\/2019\/08\/CA982444-0B9C-45F5-9D12-762B0D60A993-300x200.jpeg 300w, https:\/\/jessel.de\/365-tage-sylt\/wp-content\/uploads\/2019\/08\/CA982444-0B9C-45F5-9D12-762B0D60A993-768x511.jpeg 768w, https:\/\/jessel.de\/365-tage-sylt\/wp-content\/uploads\/2019\/08\/CA982444-0B9C-45F5-9D12-762B0D60A993-1024x682.jpeg 1024w\" sizes=\"auto, (max-width: 1202px) 100vw, 1202px\" \/><\/p>\n<p>Der kleine \u201eSturm\u201c an diesem Wochenende hat seine Spuren hinterlassen. Die Insel beginnt, aus der sommerlichen Lethargie zu erwachen &#8211; wunderbare Tage\/Wochen\/Monate stehen bevor!<\/p>\n<p>&nbsp;<\/p>\n","protected":false},"excerpt":{"rendered":"<p>Hauptfrage in diesen Tagen: \u201eFotografierst Du eigentlich noch?\u201c Antwort: \u201eOch jaaaaa &#8211; gelegentlich schon.\u201c Hier der Beweis: Und jede Menge Fragen zur bevorstehenden Ausstellung. Ich sammel\u02cb noch ein wenig und beantworte im n\u00e4chsten Blogbeitrag, o.k.? Ich fiebere unterdes etwas ganz anderem hinterher. Hoch \u00fcber unseren K\u00f6pfen zeichnen sich n\u00e4mlich mittelfristige Wetter\u00e4nderungen ab, denn der in letzter Zeit recht ortsstabile JETSTREAM (siehe Google) \u00e4ndert seine Lage endlich. Wir geraten dabei auf&hellip;<\/p>\n","protected":false},"author":2,"featured_media":5335,"comment_status":"open","ping_status":"open","sticky":false,"template":"","format":"standard","meta":{"footnotes":""},"categories":[27,39,24,25,44,46,4,2],"tags":[],"class_list":["post-5334","post","type-post","status-publish","format-standard","has-post-thumbnail","hentry","category-alle-bilder","category-arbeit","category-duenen","category-kampen","category-pflanzen","category-sommer","category-spuren","category-tourismus"],"jetpack_featured_media_url":"https:\/\/jessel.de\/365-tage-sylt\/wp-content\/uploads\/2019\/08\/7E1A4719-2FF9-4ABE-B7DA-0500BF3970FD.jpeg","_links":{"self":[{"href":"https:\/\/jessel.de\/365-tage-sylt\/wp-json\/wp\/v2\/posts\/5334","targetHints":{"allow":["GET"]}}],"collection":[{"href":"https:\/\/jessel.de\/365-tage-sylt\/wp-json\/wp\/v2\/posts"}],"about":[{"href":"https:\/\/jessel.de\/365-tage-sylt\/wp-json\/wp\/v2\/types\/post"}],"author":[{"embeddable":true,"href":"https:\/\/jessel.de\/365-tage-sylt\/wp-json\/wp\/v2\/users\/2"}],"replies":[{"embeddable":true,"href":"https:\/\/jessel.de\/365-tage-sylt\/wp-json\/wp\/v2\/comments?post=5334"}],"version-history":[{"count":1,"href":"https:\/\/jessel.de\/365-tage-sylt\/wp-json\/wp\/v2\/posts\/5334\/revisions"}],"predecessor-version":[{"id":5338,"href":"https:\/\/jessel.de\/365-tage-sylt\/wp-json\/wp\/v2\/posts\/5334\/revisions\/5338"}],"wp:featuredmedia":[{"embeddable":true,"href":"https:\/\/jessel.de\/365-tage-sylt\/wp-json\/wp\/v2\/media\/5335"}],"wp:attachment":[{"href":"https:\/\/jessel.de\/365-tage-sylt\/wp-json\/wp\/v2\/media?parent=5334"}],"wp:term":[{"taxonomy":"category","embeddable":true,"href":"https:\/\/jessel.de\/365-tage-sylt\/wp-json\/wp\/v2\/categories?post=5334"},{"taxonomy":"post_tag","embeddable":true,"href":"https:\/\/jessel.de\/365-tage-sylt\/wp-json\/wp\/v2\/tags?post=5334"}],"curies":[{"name":"wp","href":"https:\/\/api.w.org\/{rel}","templated":true}]}}