{"id":5346,"date":"2019-08-15T05:17:45","date_gmt":"2019-08-15T05:17:45","guid":{"rendered":"https:\/\/jessel.de\/365-tage-sylt\/?p=5346"},"modified":"2019-08-15T05:22:22","modified_gmt":"2019-08-15T05:22:22","slug":"13-14-august-gemischte-wetterlage-ueber-amrum","status":"publish","type":"post","link":"https:\/\/jessel.de\/365-tage-sylt\/13-14-august-gemischte-wetterlage-ueber-amrum\/","title":{"rendered":"13.\/14. August: Gemischte Wetterlage \u00fcber Amrum"},"content":{"rendered":"<p>Bei der Vorbeifahrt an der Amrumer Odde zeigt sich der Himmel in feinsten Graut\u00f6nen&#8230;:<img loading=\"lazy\" decoding=\"async\" class=\"alignnone size-full wp-image-5352\" src=\"https:\/\/jessel.de\/365-tage-sylt\/wp-content\/uploads\/2019\/08\/B523BF91-2E58-4624-926E-1672C5B0C56D.jpeg\" alt=\"\" width=\"1202\" height=\"800\" srcset=\"https:\/\/jessel.de\/365-tage-sylt\/wp-content\/uploads\/2019\/08\/B523BF91-2E58-4624-926E-1672C5B0C56D.jpeg 1202w, https:\/\/jessel.de\/365-tage-sylt\/wp-content\/uploads\/2019\/08\/B523BF91-2E58-4624-926E-1672C5B0C56D-300x200.jpeg 300w, https:\/\/jessel.de\/365-tage-sylt\/wp-content\/uploads\/2019\/08\/B523BF91-2E58-4624-926E-1672C5B0C56D-768x511.jpeg 768w, https:\/\/jessel.de\/365-tage-sylt\/wp-content\/uploads\/2019\/08\/B523BF91-2E58-4624-926E-1672C5B0C56D-1024x682.jpeg 1024w\" sizes=\"auto, (max-width: 1202px) 100vw, 1202px\" \/><\/p>\n<p>&#8230; die gelegentlich ins Dunkelgraue changieren&#8230;:<\/p>\n<p><img loading=\"lazy\" decoding=\"async\" class=\"alignnone size-full wp-image-5355\" src=\"https:\/\/jessel.de\/365-tage-sylt\/wp-content\/uploads\/2019\/08\/017F3F28-FBE1-4CF3-AB91-9FA92D1895B7.jpeg\" alt=\"\" width=\"1346\" height=\"800\" srcset=\"https:\/\/jessel.de\/365-tage-sylt\/wp-content\/uploads\/2019\/08\/017F3F28-FBE1-4CF3-AB91-9FA92D1895B7.jpeg 1346w, https:\/\/jessel.de\/365-tage-sylt\/wp-content\/uploads\/2019\/08\/017F3F28-FBE1-4CF3-AB91-9FA92D1895B7-300x178.jpeg 300w, https:\/\/jessel.de\/365-tage-sylt\/wp-content\/uploads\/2019\/08\/017F3F28-FBE1-4CF3-AB91-9FA92D1895B7-768x456.jpeg 768w, https:\/\/jessel.de\/365-tage-sylt\/wp-content\/uploads\/2019\/08\/017F3F28-FBE1-4CF3-AB91-9FA92D1895B7-1024x609.jpeg 1024w\" sizes=\"auto, (max-width: 1346px) 100vw, 1346px\" \/><\/p>\n<p>&#8230; und zu manchem Spurt anregen, um der sich anschlie\u00dfenden Regenflut zu entgehen:<\/p>\n<p><img loading=\"lazy\" decoding=\"async\" class=\"alignnone size-full wp-image-5354\" src=\"https:\/\/jessel.de\/365-tage-sylt\/wp-content\/uploads\/2019\/08\/102E0D98-4FDB-4138-A998-C12AF0EA170D.jpeg\" alt=\"\" width=\"1202\" height=\"800\" srcset=\"https:\/\/jessel.de\/365-tage-sylt\/wp-content\/uploads\/2019\/08\/102E0D98-4FDB-4138-A998-C12AF0EA170D.jpeg 1202w, https:\/\/jessel.de\/365-tage-sylt\/wp-content\/uploads\/2019\/08\/102E0D98-4FDB-4138-A998-C12AF0EA170D-300x200.jpeg 300w, https:\/\/jessel.de\/365-tage-sylt\/wp-content\/uploads\/2019\/08\/102E0D98-4FDB-4138-A998-C12AF0EA170D-768x511.jpeg 768w, https:\/\/jessel.de\/365-tage-sylt\/wp-content\/uploads\/2019\/08\/102E0D98-4FDB-4138-A998-C12AF0EA170D-1024x682.jpeg 1024w\" sizes=\"auto, (max-width: 1202px) 100vw, 1202px\" \/><\/p>\n<p>Dazwischen herrliche Aufheiterungen. Hier ein entspannter Stopp bei den \u201eKniepianern\u201c, einer Sommerh\u00e4user-Siedlung an der Seeseite des Kniepsandes:<\/p>\n<p><img loading=\"lazy\" decoding=\"async\" class=\"alignnone size-full wp-image-5350\" src=\"https:\/\/jessel.de\/365-tage-sylt\/wp-content\/uploads\/2019\/08\/25B9523B-0E09-40C3-9D26-0069676CF535.jpeg\" alt=\"\" width=\"1457\" height=\"800\" srcset=\"https:\/\/jessel.de\/365-tage-sylt\/wp-content\/uploads\/2019\/08\/25B9523B-0E09-40C3-9D26-0069676CF535.jpeg 1457w, https:\/\/jessel.de\/365-tage-sylt\/wp-content\/uploads\/2019\/08\/25B9523B-0E09-40C3-9D26-0069676CF535-300x165.jpeg 300w, https:\/\/jessel.de\/365-tage-sylt\/wp-content\/uploads\/2019\/08\/25B9523B-0E09-40C3-9D26-0069676CF535-768x422.jpeg 768w, https:\/\/jessel.de\/365-tage-sylt\/wp-content\/uploads\/2019\/08\/25B9523B-0E09-40C3-9D26-0069676CF535-1024x562.jpeg 1024w\" sizes=\"auto, (max-width: 1457px) 100vw, 1457px\" \/><\/p>\n<p>Die H\u00fctten sind, obwohl privat errichtet, f\u00fcr Jedermann\/-frau zug\u00e4nglich. Eintragung ins G\u00e4stebuch erw\u00fcnscht:<\/p>\n<p><img loading=\"lazy\" decoding=\"async\" class=\"alignnone size-full wp-image-5349\" src=\"https:\/\/jessel.de\/365-tage-sylt\/wp-content\/uploads\/2019\/08\/ADE51531-F548-4503-BCB3-4866D0BBC0F2.jpeg\" alt=\"\" width=\"1200\" height=\"800\" srcset=\"https:\/\/jessel.de\/365-tage-sylt\/wp-content\/uploads\/2019\/08\/ADE51531-F548-4503-BCB3-4866D0BBC0F2.jpeg 1200w, https:\/\/jessel.de\/365-tage-sylt\/wp-content\/uploads\/2019\/08\/ADE51531-F548-4503-BCB3-4866D0BBC0F2-300x200.jpeg 300w, https:\/\/jessel.de\/365-tage-sylt\/wp-content\/uploads\/2019\/08\/ADE51531-F548-4503-BCB3-4866D0BBC0F2-768x512.jpeg 768w, https:\/\/jessel.de\/365-tage-sylt\/wp-content\/uploads\/2019\/08\/ADE51531-F548-4503-BCB3-4866D0BBC0F2-1024x683.jpeg 1024w\" sizes=\"auto, (max-width: 1200px) 100vw, 1200px\" \/><\/p>\n<p>Goile Toile, leider existieren z. Zt. nur noch drei Exemplare &#8211; von ehemals \u00a0elf:<\/p>\n<p><img loading=\"lazy\" decoding=\"async\" class=\"alignnone size-full wp-image-5348\" src=\"https:\/\/jessel.de\/365-tage-sylt\/wp-content\/uploads\/2019\/08\/E829FE6D-766A-451A-BE28-E71953F7A5FE.jpeg\" alt=\"\" width=\"1202\" height=\"800\" srcset=\"https:\/\/jessel.de\/365-tage-sylt\/wp-content\/uploads\/2019\/08\/E829FE6D-766A-451A-BE28-E71953F7A5FE.jpeg 1202w, https:\/\/jessel.de\/365-tage-sylt\/wp-content\/uploads\/2019\/08\/E829FE6D-766A-451A-BE28-E71953F7A5FE-300x200.jpeg 300w, https:\/\/jessel.de\/365-tage-sylt\/wp-content\/uploads\/2019\/08\/E829FE6D-766A-451A-BE28-E71953F7A5FE-768x511.jpeg 768w, https:\/\/jessel.de\/365-tage-sylt\/wp-content\/uploads\/2019\/08\/E829FE6D-766A-451A-BE28-E71953F7A5FE-1024x682.jpeg 1024w\" sizes=\"auto, (max-width: 1202px) 100vw, 1202px\" \/>Hochsaison auf Amrum:<\/p>\n<p><img loading=\"lazy\" decoding=\"async\" class=\"alignnone size-full wp-image-5351\" src=\"https:\/\/jessel.de\/365-tage-sylt\/wp-content\/uploads\/2019\/08\/B0B3C910-06E1-4F1D-A755-299E4A4ED8FC.jpeg\" alt=\"\" width=\"1202\" height=\"800\" srcset=\"https:\/\/jessel.de\/365-tage-sylt\/wp-content\/uploads\/2019\/08\/B0B3C910-06E1-4F1D-A755-299E4A4ED8FC.jpeg 1202w, https:\/\/jessel.de\/365-tage-sylt\/wp-content\/uploads\/2019\/08\/B0B3C910-06E1-4F1D-A755-299E4A4ED8FC-300x200.jpeg 300w, https:\/\/jessel.de\/365-tage-sylt\/wp-content\/uploads\/2019\/08\/B0B3C910-06E1-4F1D-A755-299E4A4ED8FC-768x511.jpeg 768w, https:\/\/jessel.de\/365-tage-sylt\/wp-content\/uploads\/2019\/08\/B0B3C910-06E1-4F1D-A755-299E4A4ED8FC-1024x682.jpeg 1024w\" sizes=\"auto, (max-width: 1202px) 100vw, 1202px\" \/> <img loading=\"lazy\" decoding=\"async\" class=\"alignnone size-full wp-image-5353\" src=\"https:\/\/jessel.de\/365-tage-sylt\/wp-content\/uploads\/2019\/08\/7F3FA24F-B775-4BE7-82C9-03E11E60CE99.jpeg\" alt=\"\" width=\"1202\" height=\"800\" srcset=\"https:\/\/jessel.de\/365-tage-sylt\/wp-content\/uploads\/2019\/08\/7F3FA24F-B775-4BE7-82C9-03E11E60CE99.jpeg 1202w, https:\/\/jessel.de\/365-tage-sylt\/wp-content\/uploads\/2019\/08\/7F3FA24F-B775-4BE7-82C9-03E11E60CE99-300x200.jpeg 300w, https:\/\/jessel.de\/365-tage-sylt\/wp-content\/uploads\/2019\/08\/7F3FA24F-B775-4BE7-82C9-03E11E60CE99-768x511.jpeg 768w, https:\/\/jessel.de\/365-tage-sylt\/wp-content\/uploads\/2019\/08\/7F3FA24F-B775-4BE7-82C9-03E11E60CE99-1024x682.jpeg 1024w\" sizes=\"auto, (max-width: 1202px) 100vw, 1202px\" \/><\/p>\n<p>Zum Amrum-Besuch geh\u00f6rt nat\u00fcrlich auch ein Besuch beim Nebeler \u201eCaf\u00e9 Kn\u00fclle\u201c, hier nach einem brachialen Regenschauer:<\/p>\n<p><img loading=\"lazy\" decoding=\"async\" class=\"alignnone size-full wp-image-5356\" src=\"https:\/\/jessel.de\/365-tage-sylt\/wp-content\/uploads\/2019\/08\/7D072241-8AB2-4631-A5D1-2123826BC0E7.jpeg\" alt=\"\" width=\"1368\" height=\"800\" srcset=\"https:\/\/jessel.de\/365-tage-sylt\/wp-content\/uploads\/2019\/08\/7D072241-8AB2-4631-A5D1-2123826BC0E7.jpeg 1368w, https:\/\/jessel.de\/365-tage-sylt\/wp-content\/uploads\/2019\/08\/7D072241-8AB2-4631-A5D1-2123826BC0E7-300x175.jpeg 300w, https:\/\/jessel.de\/365-tage-sylt\/wp-content\/uploads\/2019\/08\/7D072241-8AB2-4631-A5D1-2123826BC0E7-768x449.jpeg 768w, https:\/\/jessel.de\/365-tage-sylt\/wp-content\/uploads\/2019\/08\/7D072241-8AB2-4631-A5D1-2123826BC0E7-1024x599.jpeg 1024w\" sizes=\"auto, (max-width: 1368px) 100vw, 1368px\" \/><\/p>\n<p>&#8230; und die langen Wanderungen durch die weiten D\u00fcnenlandschaften machen einfach nur Spa\u00df:<\/p>\n<p><img loading=\"lazy\" decoding=\"async\" class=\"alignnone size-full wp-image-5358\" src=\"https:\/\/jessel.de\/365-tage-sylt\/wp-content\/uploads\/2019\/08\/0DE10BCA-D184-450E-94CE-7F90D85D2E60.jpeg\" alt=\"\" width=\"747\" height=\"1328\" srcset=\"https:\/\/jessel.de\/365-tage-sylt\/wp-content\/uploads\/2019\/08\/0DE10BCA-D184-450E-94CE-7F90D85D2E60.jpeg 747w, https:\/\/jessel.de\/365-tage-sylt\/wp-content\/uploads\/2019\/08\/0DE10BCA-D184-450E-94CE-7F90D85D2E60-169x300.jpeg 169w, https:\/\/jessel.de\/365-tage-sylt\/wp-content\/uploads\/2019\/08\/0DE10BCA-D184-450E-94CE-7F90D85D2E60-576x1024.jpeg 576w\" sizes=\"auto, (max-width: 747px) 100vw, 747px\" \/>Foto: S. v. Bremen. Der Blogger dankt f\u00fcr die Freigabe<\/p>\n<p>Zum Abschied macht Amrum Einen auf Maspalomas:<\/p>\n<p><img loading=\"lazy\" decoding=\"async\" class=\"alignnone size-full wp-image-5357\" src=\"https:\/\/jessel.de\/365-tage-sylt\/wp-content\/uploads\/2019\/08\/717EB9A1-EE80-47A4-B6A1-20422859E633.jpeg\" alt=\"\" width=\"1592\" height=\"800\" srcset=\"https:\/\/jessel.de\/365-tage-sylt\/wp-content\/uploads\/2019\/08\/717EB9A1-EE80-47A4-B6A1-20422859E633.jpeg 1592w, https:\/\/jessel.de\/365-tage-sylt\/wp-content\/uploads\/2019\/08\/717EB9A1-EE80-47A4-B6A1-20422859E633-300x151.jpeg 300w, https:\/\/jessel.de\/365-tage-sylt\/wp-content\/uploads\/2019\/08\/717EB9A1-EE80-47A4-B6A1-20422859E633-768x386.jpeg 768w, https:\/\/jessel.de\/365-tage-sylt\/wp-content\/uploads\/2019\/08\/717EB9A1-EE80-47A4-B6A1-20422859E633-1024x515.jpeg 1024w\" sizes=\"auto, (max-width: 1592px) 100vw, 1592px\" \/><\/p>\n","protected":false},"excerpt":{"rendered":"<p>Bei der Vorbeifahrt an der Amrumer Odde zeigt sich der Himmel in feinsten Graut\u00f6nen&#8230;: &#8230; die gelegentlich ins Dunkelgraue changieren&#8230;: &#8230; und zu manchem Spurt anregen, um der sich anschlie\u00dfenden Regenflut zu entgehen: Dazwischen herrliche Aufheiterungen. Hier ein entspannter Stopp bei den \u201eKniepianern\u201c, einer Sommerh\u00e4user-Siedlung an der Seeseite des Kniepsandes: Die H\u00fctten sind, obwohl privat errichtet, f\u00fcr Jedermann\/-frau zug\u00e4nglich. Eintragung ins G\u00e4stebuch erw\u00fcnscht: Goile Toile, leider existieren z. Zt. nur&hellip;<\/p>\n","protected":false},"author":2,"featured_media":5347,"comment_status":"open","ping_status":"open","sticky":false,"template":"","format":"standard","meta":{"footnotes":""},"categories":[27,3,35,46,4,26,2,33],"tags":[],"class_list":["post-5346","post","type-post","status-publish","format-standard","has-post-thumbnail","hentry","category-alle-bilder","category-menschen","category-schlechtes-wetter","category-sommer","category-spuren","category-strand","category-tourismus","category-woanders"],"jetpack_featured_media_url":"https:\/\/jessel.de\/365-tage-sylt\/wp-content\/uploads\/2019\/08\/9C126D98-F191-4E3B-B7DA-111BC0B9E6C9.jpeg","_links":{"self":[{"href":"https:\/\/jessel.de\/365-tage-sylt\/wp-json\/wp\/v2\/posts\/5346","targetHints":{"allow":["GET"]}}],"collection":[{"href":"https:\/\/jessel.de\/365-tage-sylt\/wp-json\/wp\/v2\/posts"}],"about":[{"href":"https:\/\/jessel.de\/365-tage-sylt\/wp-json\/wp\/v2\/types\/post"}],"author":[{"embeddable":true,"href":"https:\/\/jessel.de\/365-tage-sylt\/wp-json\/wp\/v2\/users\/2"}],"replies":[{"embeddable":true,"href":"https:\/\/jessel.de\/365-tage-sylt\/wp-json\/wp\/v2\/comments?post=5346"}],"version-history":[{"count":3,"href":"https:\/\/jessel.de\/365-tage-sylt\/wp-json\/wp\/v2\/posts\/5346\/revisions"}],"predecessor-version":[{"id":5361,"href":"https:\/\/jessel.de\/365-tage-sylt\/wp-json\/wp\/v2\/posts\/5346\/revisions\/5361"}],"wp:featuredmedia":[{"embeddable":true,"href":"https:\/\/jessel.de\/365-tage-sylt\/wp-json\/wp\/v2\/media\/5347"}],"wp:attachment":[{"href":"https:\/\/jessel.de\/365-tage-sylt\/wp-json\/wp\/v2\/media?parent=5346"}],"wp:term":[{"taxonomy":"category","embeddable":true,"href":"https:\/\/jessel.de\/365-tage-sylt\/wp-json\/wp\/v2\/categories?post=5346"},{"taxonomy":"post_tag","embeddable":true,"href":"https:\/\/jessel.de\/365-tage-sylt\/wp-json\/wp\/v2\/tags?post=5346"}],"curies":[{"name":"wp","href":"https:\/\/api.w.org\/{rel}","templated":true}]}}