{"id":550,"date":"2017-03-28T16:34:04","date_gmt":"2017-03-28T16:34:04","guid":{"rendered":"http:\/\/jessel.de\/365-tage-sylt\/?p=550"},"modified":"2017-03-28T19:48:26","modified_gmt":"2017-03-28T19:48:26","slug":"die-sonne-lacht-blende-acht","status":"publish","type":"post","link":"https:\/\/jessel.de\/365-tage-sylt\/die-sonne-lacht-blende-acht\/","title":{"rendered":"Die Sonne lacht &#8211; Blende acht!"},"content":{"rendered":"<p>Der 2. Werbe-Block wird noch vertagt. Aus aktuellem Anlass: Heute siegte die Sonne \u00fcber den hartn\u00e4ckigen Meeres-Nebel, der am Vormittag noch heftig Widerstand leistete. Und Temperaturen von um die 12 Grad gab&#8217;s dieses Jahr auf Sylt auch noch nicht.<\/p>\n<p>Bin selber sehr in Anspruch genommen bis zum WE &#8211; und poste deshalb gerne einige Bilder von zwei Freund(Innen), die diesen Tag besser geniessen konnten:<\/p>\n<p><img loading=\"lazy\" decoding=\"async\" class=\"alignnone size-full wp-image-554\" src=\"http:\/\/jessel.de\/365-tage-sylt\/wp-content\/uploads\/2017\/03\/IMG_0310.jpg\" alt=\"\" width=\"960\" height=\"1600\" srcset=\"https:\/\/jessel.de\/365-tage-sylt\/wp-content\/uploads\/2017\/03\/IMG_0310.jpg 960w, https:\/\/jessel.de\/365-tage-sylt\/wp-content\/uploads\/2017\/03\/IMG_0310-180x300.jpg 180w, https:\/\/jessel.de\/365-tage-sylt\/wp-content\/uploads\/2017\/03\/IMG_0310-768x1280.jpg 768w, https:\/\/jessel.de\/365-tage-sylt\/wp-content\/uploads\/2017\/03\/IMG_0310-614x1024.jpg 614w\" sizes=\"auto, (max-width: 960px) 100vw, 960px\" \/><\/p>\n<p>Danke Euch, Ihr Beiden!<\/p>\n<p><img loading=\"lazy\" decoding=\"async\" class=\"alignnone size-full wp-image-555\" src=\"http:\/\/jessel.de\/365-tage-sylt\/wp-content\/uploads\/2017\/03\/IMG_0308.jpg\" alt=\"\" width=\"1600\" height=\"900\" srcset=\"https:\/\/jessel.de\/365-tage-sylt\/wp-content\/uploads\/2017\/03\/IMG_0308.jpg 1600w, https:\/\/jessel.de\/365-tage-sylt\/wp-content\/uploads\/2017\/03\/IMG_0308-300x169.jpg 300w, https:\/\/jessel.de\/365-tage-sylt\/wp-content\/uploads\/2017\/03\/IMG_0308-768x432.jpg 768w, https:\/\/jessel.de\/365-tage-sylt\/wp-content\/uploads\/2017\/03\/IMG_0308-1024x576.jpg 1024w\" sizes=\"auto, (max-width: 1600px) 100vw, 1600px\" \/><\/p>\n<p>Am Wattufer der Blidselbucht sind dringende K\u00fcstenschutzarbeiten angesagt. Auf mehreren hundert Metern sind dort die bei Winter-Sturmfluten maltr\u00e4tierten Deckwerke hintersp\u00fclt worden und bed\u00fcrfen schleunigst einer Restaurierung\/Verst\u00e4rkung.<\/p>\n<p><img loading=\"lazy\" decoding=\"async\" class=\"alignnone size-full wp-image-556\" src=\"http:\/\/jessel.de\/365-tage-sylt\/wp-content\/uploads\/2017\/03\/IMG_0309.jpg\" alt=\"\" width=\"1600\" height=\"900\" srcset=\"https:\/\/jessel.de\/365-tage-sylt\/wp-content\/uploads\/2017\/03\/IMG_0309.jpg 1600w, https:\/\/jessel.de\/365-tage-sylt\/wp-content\/uploads\/2017\/03\/IMG_0309-300x169.jpg 300w, https:\/\/jessel.de\/365-tage-sylt\/wp-content\/uploads\/2017\/03\/IMG_0309-768x432.jpg 768w, https:\/\/jessel.de\/365-tage-sylt\/wp-content\/uploads\/2017\/03\/IMG_0309-1024x576.jpg 1024w\" sizes=\"auto, (max-width: 1600px) 100vw, 1600px\" \/><\/p>\n<p>Und hier? Eine s\u00fc\u00dfe urbane Szene im Dunstkreis des Lister Hafens. Beide Aufnahmen von Sandra M..<\/p>\n<p>CU tomorrow, Hans<\/p>\n","protected":false},"excerpt":{"rendered":"<p>Der 2. Werbe-Block wird noch vertagt. Aus aktuellem Anlass: Heute siegte die Sonne \u00fcber den hartn\u00e4ckigen Meeres-Nebel, der am Vormittag noch heftig Widerstand leistete. Und Temperaturen von um die 12 Grad gab&#8217;s dieses Jahr auf Sylt auch noch nicht. Bin selber sehr in Anspruch genommen bis zum WE &#8211; und poste deshalb gerne einige Bilder von zwei Freund(Innen), die diesen Tag besser geniessen konnten: Danke Euch, Ihr Beiden! Am Wattufer&hellip;<\/p>\n","protected":false},"author":2,"featured_media":551,"comment_status":"open","ping_status":"open","sticky":false,"template":"","format":"standard","meta":{"footnotes":""},"categories":[27,24,41,1,4,26],"tags":[],"class_list":["post-550","post","type-post","status-publish","format-standard","has-post-thumbnail","hentry","category-alle-bilder","category-duenen","category-fruehling","category-uncategorized","category-spuren","category-strand"],"jetpack_featured_media_url":"https:\/\/jessel.de\/365-tage-sylt\/wp-content\/uploads\/2017\/03\/IMG_0287-1.jpg","_links":{"self":[{"href":"https:\/\/jessel.de\/365-tage-sylt\/wp-json\/wp\/v2\/posts\/550","targetHints":{"allow":["GET"]}}],"collection":[{"href":"https:\/\/jessel.de\/365-tage-sylt\/wp-json\/wp\/v2\/posts"}],"about":[{"href":"https:\/\/jessel.de\/365-tage-sylt\/wp-json\/wp\/v2\/types\/post"}],"author":[{"embeddable":true,"href":"https:\/\/jessel.de\/365-tage-sylt\/wp-json\/wp\/v2\/users\/2"}],"replies":[{"embeddable":true,"href":"https:\/\/jessel.de\/365-tage-sylt\/wp-json\/wp\/v2\/comments?post=550"}],"version-history":[{"count":4,"href":"https:\/\/jessel.de\/365-tage-sylt\/wp-json\/wp\/v2\/posts\/550\/revisions"}],"predecessor-version":[{"id":558,"href":"https:\/\/jessel.de\/365-tage-sylt\/wp-json\/wp\/v2\/posts\/550\/revisions\/558"}],"wp:featuredmedia":[{"embeddable":true,"href":"https:\/\/jessel.de\/365-tage-sylt\/wp-json\/wp\/v2\/media\/551"}],"wp:attachment":[{"href":"https:\/\/jessel.de\/365-tage-sylt\/wp-json\/wp\/v2\/media?parent=550"}],"wp:term":[{"taxonomy":"category","embeddable":true,"href":"https:\/\/jessel.de\/365-tage-sylt\/wp-json\/wp\/v2\/categories?post=550"},{"taxonomy":"post_tag","embeddable":true,"href":"https:\/\/jessel.de\/365-tage-sylt\/wp-json\/wp\/v2\/tags?post=550"}],"curies":[{"name":"wp","href":"https:\/\/api.w.org\/{rel}","templated":true}]}}