{"id":5715,"date":"2019-11-19T16:31:45","date_gmt":"2019-11-19T16:31:45","guid":{"rendered":"https:\/\/jessel.de\/365-tage-sylt\/?p=5715"},"modified":"2019-11-19T16:35:47","modified_gmt":"2019-11-19T16:35:47","slug":"19-november-am-grauen-strand","status":"publish","type":"post","link":"https:\/\/jessel.de\/365-tage-sylt\/19-november-am-grauen-strand\/","title":{"rendered":"19. November: \u201eAm grauen Strand,&#8230;"},"content":{"rendered":"<p>&#8230;\u00a0<i>am grauen Meer<br \/>\nUnd seitab liegt die Stadt;<br \/>\nDer Nebel dr\u00fcckt die D\u00e4cher schwer,<\/i><\/p>\n<p><i><img loading=\"lazy\" decoding=\"async\" class=\"alignnone size-full wp-image-5716\" src=\"https:\/\/jessel.de\/365-tage-sylt\/wp-content\/uploads\/2019\/11\/C470F0C1-16E5-4A0C-96E6-5EA29B376D70.jpeg\" alt=\"\" width=\"1332\" height=\"800\" srcset=\"https:\/\/jessel.de\/365-tage-sylt\/wp-content\/uploads\/2019\/11\/C470F0C1-16E5-4A0C-96E6-5EA29B376D70.jpeg 1332w, https:\/\/jessel.de\/365-tage-sylt\/wp-content\/uploads\/2019\/11\/C470F0C1-16E5-4A0C-96E6-5EA29B376D70-300x180.jpeg 300w, https:\/\/jessel.de\/365-tage-sylt\/wp-content\/uploads\/2019\/11\/C470F0C1-16E5-4A0C-96E6-5EA29B376D70-768x461.jpeg 768w, https:\/\/jessel.de\/365-tage-sylt\/wp-content\/uploads\/2019\/11\/C470F0C1-16E5-4A0C-96E6-5EA29B376D70-1024x615.jpeg 1024w\" sizes=\"auto, (max-width: 1332px) 100vw, 1332px\" \/><br \/>\nUnd durch die Stille braust das Meer<br \/>\nEint\u00f6nig um die Stadt.<\/p>\n<p><\/i><\/p>\n<p>&#8230;<\/p>\n<p><i>Doch h\u00e4ngt mein ganzes Herz an dir,<br \/>\nDu graue Stadt am Meer;<br \/>\nDer Jugend Zauber f\u00fcr und f\u00fcr<br \/>\nRuht l\u00e4chelnd doch auf dir, auf dir<br \/>\nDu graue Stadt am Meer.\u201c<\/i><\/p>\n<p>(Theodor Storm, \u201eDie Stadt\u201c &#8211; Ausschnitte)<\/p>\n","protected":false},"excerpt":{"rendered":"<p>&#8230;\u00a0am grauen Meer Und seitab liegt die Stadt; Der Nebel dr\u00fcckt die D\u00e4cher schwer, Und durch die Stille braust das Meer Eint\u00f6nig um die Stadt. &#8230; Doch h\u00e4ngt mein ganzes Herz an dir, Du graue Stadt am Meer; Der Jugend Zauber f\u00fcr und f\u00fcr Ruht l\u00e4chelnd doch auf dir, auf dir Du graue Stadt am Meer.\u201c (Theodor Storm, \u201eDie Stadt\u201c &#8211; Ausschnitte)<\/p>\n","protected":false},"author":2,"featured_media":5717,"comment_status":"open","ping_status":"open","sticky":false,"template":"","format":"standard","meta":{"footnotes":""},"categories":[27,3,35,4,26,7],"tags":[],"class_list":["post-5715","post","type-post","status-publish","format-standard","has-post-thumbnail","hentry","category-alle-bilder","category-menschen","category-schlechtes-wetter","category-spuren","category-strand","category-westerland"],"jetpack_featured_media_url":"https:\/\/jessel.de\/365-tage-sylt\/wp-content\/uploads\/2019\/11\/CAE3CBEF-E261-4FF2-BA68-30BB5D15CC77.jpeg","_links":{"self":[{"href":"https:\/\/jessel.de\/365-tage-sylt\/wp-json\/wp\/v2\/posts\/5715","targetHints":{"allow":["GET"]}}],"collection":[{"href":"https:\/\/jessel.de\/365-tage-sylt\/wp-json\/wp\/v2\/posts"}],"about":[{"href":"https:\/\/jessel.de\/365-tage-sylt\/wp-json\/wp\/v2\/types\/post"}],"author":[{"embeddable":true,"href":"https:\/\/jessel.de\/365-tage-sylt\/wp-json\/wp\/v2\/users\/2"}],"replies":[{"embeddable":true,"href":"https:\/\/jessel.de\/365-tage-sylt\/wp-json\/wp\/v2\/comments?post=5715"}],"version-history":[{"count":3,"href":"https:\/\/jessel.de\/365-tage-sylt\/wp-json\/wp\/v2\/posts\/5715\/revisions"}],"predecessor-version":[{"id":5720,"href":"https:\/\/jessel.de\/365-tage-sylt\/wp-json\/wp\/v2\/posts\/5715\/revisions\/5720"}],"wp:featuredmedia":[{"embeddable":true,"href":"https:\/\/jessel.de\/365-tage-sylt\/wp-json\/wp\/v2\/media\/5717"}],"wp:attachment":[{"href":"https:\/\/jessel.de\/365-tage-sylt\/wp-json\/wp\/v2\/media?parent=5715"}],"wp:term":[{"taxonomy":"category","embeddable":true,"href":"https:\/\/jessel.de\/365-tage-sylt\/wp-json\/wp\/v2\/categories?post=5715"},{"taxonomy":"post_tag","embeddable":true,"href":"https:\/\/jessel.de\/365-tage-sylt\/wp-json\/wp\/v2\/tags?post=5715"}],"curies":[{"name":"wp","href":"https:\/\/api.w.org\/{rel}","templated":true}]}}