{"id":5722,"date":"2019-11-24T08:14:06","date_gmt":"2019-11-24T08:14:06","guid":{"rendered":"https:\/\/jessel.de\/365-tage-sylt\/?p=5722"},"modified":"2019-11-24T09:06:58","modified_gmt":"2019-11-24T09:06:58","slug":"20-november-schlechtes-wetter-kekse-backen","status":"publish","type":"post","link":"https:\/\/jessel.de\/365-tage-sylt\/20-november-schlechtes-wetter-kekse-backen\/","title":{"rendered":"20. November: Schlechtes Wetter?  Kekse backen!"},"content":{"rendered":"<p>&nbsp;<\/p>\n<p>Es ist weiterhin grau, trist, schnuddelig &#8211; kein Fotowetter. Wir backen Kekse &#8211; mit Freunden. Meine Schokoladen-Doppelkekse sind bei Weitem nicht so leicht zu fabrizieren wie gedacht: Der Teig ist (wohl aufgrund des Schoko-Pulvers&#8230;) kr\u00fcmelig und will sich zun\u00e4chst nicht ausrollen lassen. Mit etwas zus\u00e4tzlicher Sahne und Butter wird er endlich geschmeidig:<\/p>\n<p><img loading=\"lazy\" decoding=\"async\" class=\"alignnone size-full wp-image-5723\" src=\"https:\/\/jessel.de\/365-tage-sylt\/wp-content\/uploads\/2019\/11\/D7277AB3-A77E-4633-AE5B-D09ADEE26409.jpeg\" alt=\"\" width=\"1064\" height=\"798\" srcset=\"https:\/\/jessel.de\/365-tage-sylt\/wp-content\/uploads\/2019\/11\/D7277AB3-A77E-4633-AE5B-D09ADEE26409.jpeg 1064w, https:\/\/jessel.de\/365-tage-sylt\/wp-content\/uploads\/2019\/11\/D7277AB3-A77E-4633-AE5B-D09ADEE26409-300x225.jpeg 300w, https:\/\/jessel.de\/365-tage-sylt\/wp-content\/uploads\/2019\/11\/D7277AB3-A77E-4633-AE5B-D09ADEE26409-768x576.jpeg 768w, https:\/\/jessel.de\/365-tage-sylt\/wp-content\/uploads\/2019\/11\/D7277AB3-A77E-4633-AE5B-D09ADEE26409-1024x768.jpeg 1024w\" sizes=\"auto, (max-width: 1064px) 100vw, 1064px\" \/><br \/>\nZur Stimmungsaufhellung gibt\u02cbs den legend\u00e4ren Flensburger Orangenpunsch. Gut, dass es kreative Blogleser gibt!  Zu einem Liter Wein (feinherb bis halbtrocken, in diesem Fall ein Franken-Silvaner) kommt ein guter halber Liter frisch ausgepresster Orangensaft, ferner 0,2 Liter Orangenlik\u00f6r. Das Ganze wird vermischt und zum Kochen gebracht. Im Glas kommen noch ein Essl\u00f6ffel Schlagsahne und etwas Zimtpulver obendrauf. Herrrrrrrlich!<\/p>\n<p><img loading=\"lazy\" decoding=\"async\" class=\"alignnone size-full wp-image-5728\" src=\"https:\/\/jessel.de\/365-tage-sylt\/wp-content\/uploads\/2019\/11\/A0B079DC-7F03-493D-8275-617E9655F9C0.jpeg\" alt=\"\" width=\"1064\" height=\"798\" srcset=\"https:\/\/jessel.de\/365-tage-sylt\/wp-content\/uploads\/2019\/11\/A0B079DC-7F03-493D-8275-617E9655F9C0.jpeg 1064w, https:\/\/jessel.de\/365-tage-sylt\/wp-content\/uploads\/2019\/11\/A0B079DC-7F03-493D-8275-617E9655F9C0-300x225.jpeg 300w, https:\/\/jessel.de\/365-tage-sylt\/wp-content\/uploads\/2019\/11\/A0B079DC-7F03-493D-8275-617E9655F9C0-768x576.jpeg 768w, https:\/\/jessel.de\/365-tage-sylt\/wp-content\/uploads\/2019\/11\/A0B079DC-7F03-493D-8275-617E9655F9C0-1024x768.jpeg 1024w\" sizes=\"auto, (max-width: 1064px) 100vw, 1064px\" \/><br \/>\nW\u00e4hrend wir eher die traditionellen Kekse bevorzugen, schiessen unsere Freunde den Vogel ab mit wahrlich meisterhaft hergestellten MACARONS:<\/p>\n<p><img loading=\"lazy\" decoding=\"async\" class=\"alignnone size-full wp-image-5725\" src=\"https:\/\/jessel.de\/365-tage-sylt\/wp-content\/uploads\/2019\/11\/61A549EA-3704-4C74-A523-4FE5010A8F36.jpeg\" alt=\"\" width=\"1064\" height=\"749\" srcset=\"https:\/\/jessel.de\/365-tage-sylt\/wp-content\/uploads\/2019\/11\/61A549EA-3704-4C74-A523-4FE5010A8F36.jpeg 1064w, https:\/\/jessel.de\/365-tage-sylt\/wp-content\/uploads\/2019\/11\/61A549EA-3704-4C74-A523-4FE5010A8F36-300x211.jpeg 300w, https:\/\/jessel.de\/365-tage-sylt\/wp-content\/uploads\/2019\/11\/61A549EA-3704-4C74-A523-4FE5010A8F36-768x541.jpeg 768w, https:\/\/jessel.de\/365-tage-sylt\/wp-content\/uploads\/2019\/11\/61A549EA-3704-4C74-A523-4FE5010A8F36-1024x721.jpeg 1024w\" sizes=\"auto, (max-width: 1064px) 100vw, 1064px\" \/><\/p>\n<p>Gut, dass wir ein stabiles WLAN im Hause haben&#8230; :<\/p>\n<p><img loading=\"lazy\" decoding=\"async\" class=\"alignnone size-full wp-image-5724\" src=\"https:\/\/jessel.de\/365-tage-sylt\/wp-content\/uploads\/2019\/11\/F764D7BD-E383-405C-A02C-68362FC00F6E.jpeg\" alt=\"\" width=\"1064\" height=\"798\" srcset=\"https:\/\/jessel.de\/365-tage-sylt\/wp-content\/uploads\/2019\/11\/F764D7BD-E383-405C-A02C-68362FC00F6E.jpeg 1064w, https:\/\/jessel.de\/365-tage-sylt\/wp-content\/uploads\/2019\/11\/F764D7BD-E383-405C-A02C-68362FC00F6E-300x225.jpeg 300w, https:\/\/jessel.de\/365-tage-sylt\/wp-content\/uploads\/2019\/11\/F764D7BD-E383-405C-A02C-68362FC00F6E-768x576.jpeg 768w, https:\/\/jessel.de\/365-tage-sylt\/wp-content\/uploads\/2019\/11\/F764D7BD-E383-405C-A02C-68362FC00F6E-1024x768.jpeg 1024w\" sizes=\"auto, (max-width: 1064px) 100vw, 1064px\" \/><br \/>\nSchon bei der Zubereitung l\u00e4uft uns das Wasser im Munde zusammen:<\/p>\n<p><img loading=\"lazy\" decoding=\"async\" class=\"alignnone size-full wp-image-5726\" src=\"https:\/\/jessel.de\/365-tage-sylt\/wp-content\/uploads\/2019\/11\/671A1879-20C4-4E9B-BCDC-6B78E1D2A98E.jpeg\" alt=\"\" width=\"1064\" height=\"815\" srcset=\"https:\/\/jessel.de\/365-tage-sylt\/wp-content\/uploads\/2019\/11\/671A1879-20C4-4E9B-BCDC-6B78E1D2A98E.jpeg 1064w, https:\/\/jessel.de\/365-tage-sylt\/wp-content\/uploads\/2019\/11\/671A1879-20C4-4E9B-BCDC-6B78E1D2A98E-300x230.jpeg 300w, https:\/\/jessel.de\/365-tage-sylt\/wp-content\/uploads\/2019\/11\/671A1879-20C4-4E9B-BCDC-6B78E1D2A98E-768x588.jpeg 768w, https:\/\/jessel.de\/365-tage-sylt\/wp-content\/uploads\/2019\/11\/671A1879-20C4-4E9B-BCDC-6B78E1D2A98E-1024x784.jpeg 1024w\" sizes=\"auto, (max-width: 1064px) 100vw, 1064px\" \/><\/p>\n<p>Hier werden die Macarons \u201eentl\u00fcftet\u201c&#8230; eine glatte Oberfl\u00e4che ist erw\u00fcnscht:<\/p>\n<p><img loading=\"lazy\" decoding=\"async\" class=\"alignnone size-full wp-image-5727\" src=\"https:\/\/jessel.de\/365-tage-sylt\/wp-content\/uploads\/2019\/11\/309B5F2A-4268-492C-AF05-201E2DE0DD17.jpeg\" alt=\"\" width=\"1064\" height=\"790\" srcset=\"https:\/\/jessel.de\/365-tage-sylt\/wp-content\/uploads\/2019\/11\/309B5F2A-4268-492C-AF05-201E2DE0DD17.jpeg 1064w, https:\/\/jessel.de\/365-tage-sylt\/wp-content\/uploads\/2019\/11\/309B5F2A-4268-492C-AF05-201E2DE0DD17-300x223.jpeg 300w, https:\/\/jessel.de\/365-tage-sylt\/wp-content\/uploads\/2019\/11\/309B5F2A-4268-492C-AF05-201E2DE0DD17-768x570.jpeg 768w, https:\/\/jessel.de\/365-tage-sylt\/wp-content\/uploads\/2019\/11\/309B5F2A-4268-492C-AF05-201E2DE0DD17-1024x760.jpeg 1024w\" sizes=\"auto, (max-width: 1064px) 100vw, 1064px\" \/><\/p>\n<p>Das Ergebnis seht Ihr auf dem heutigen Titel. Leider bekommt Ihr aber nichts ab.<\/p>\n","protected":false},"excerpt":{"rendered":"<p>&nbsp; Es ist weiterhin grau, trist, schnuddelig &#8211; kein Fotowetter. Wir backen Kekse &#8211; mit Freunden. Meine Schokoladen-Doppelkekse sind bei Weitem nicht so leicht zu fabrizieren wie gedacht: Der Teig ist (wohl aufgrund des Schoko-Pulvers&#8230;) kr\u00fcmelig und will sich zun\u00e4chst nicht ausrollen lassen. Mit etwas zus\u00e4tzlicher Sahne und Butter wird er endlich geschmeidig: Zur Stimmungsaufhellung gibt\u02cbs den legend\u00e4ren Flensburger Orangenpunsch. Gut, dass es kreative Blogleser gibt! Zu einem Liter Wein&hellip;<\/p>\n","protected":false},"author":2,"featured_media":5730,"comment_status":"open","ping_status":"open","sticky":false,"template":"","format":"standard","meta":{"footnotes":""},"categories":[27,39,28,48,43,3,35,30,7],"tags":[],"class_list":["post-5722","post","type-post","status-publish","format-standard","has-post-thumbnail","hentry","category-alle-bilder","category-arbeit","category-haeuser","category-herbst","category-kulinarik","category-menschen","category-schlechtes-wetter","category-tradition","category-westerland"],"jetpack_featured_media_url":"https:\/\/jessel.de\/365-tage-sylt\/wp-content\/uploads\/2019\/11\/E59EDFDC-4993-417B-B153-92CA6BE14C18.jpeg","_links":{"self":[{"href":"https:\/\/jessel.de\/365-tage-sylt\/wp-json\/wp\/v2\/posts\/5722","targetHints":{"allow":["GET"]}}],"collection":[{"href":"https:\/\/jessel.de\/365-tage-sylt\/wp-json\/wp\/v2\/posts"}],"about":[{"href":"https:\/\/jessel.de\/365-tage-sylt\/wp-json\/wp\/v2\/types\/post"}],"author":[{"embeddable":true,"href":"https:\/\/jessel.de\/365-tage-sylt\/wp-json\/wp\/v2\/users\/2"}],"replies":[{"embeddable":true,"href":"https:\/\/jessel.de\/365-tage-sylt\/wp-json\/wp\/v2\/comments?post=5722"}],"version-history":[{"count":4,"href":"https:\/\/jessel.de\/365-tage-sylt\/wp-json\/wp\/v2\/posts\/5722\/revisions"}],"predecessor-version":[{"id":5734,"href":"https:\/\/jessel.de\/365-tage-sylt\/wp-json\/wp\/v2\/posts\/5722\/revisions\/5734"}],"wp:featuredmedia":[{"embeddable":true,"href":"https:\/\/jessel.de\/365-tage-sylt\/wp-json\/wp\/v2\/media\/5730"}],"wp:attachment":[{"href":"https:\/\/jessel.de\/365-tage-sylt\/wp-json\/wp\/v2\/media?parent=5722"}],"wp:term":[{"taxonomy":"category","embeddable":true,"href":"https:\/\/jessel.de\/365-tage-sylt\/wp-json\/wp\/v2\/categories?post=5722"},{"taxonomy":"post_tag","embeddable":true,"href":"https:\/\/jessel.de\/365-tage-sylt\/wp-json\/wp\/v2\/tags?post=5722"}],"curies":[{"name":"wp","href":"https:\/\/api.w.org\/{rel}","templated":true}]}}